{"id":38700,"date":"2026-08-07T08:02:00","date_gmt":"2026-08-07T06:02:00","guid":{"rendered":"https:\/\/euapp01.newsmemory.com\/lamarseillaise\/news\/?p=38700"},"modified":"2026-08-13T07:17:05","modified_gmt":"2026-08-13T05:17:05","slug":"plus-de-10-000-cyclistes-a-lassaut-du-ventoux","status":"publish","type":"post","link":"https:\/\/euapp01.newsmemory.com\/lamarseillaise\/news\/2026\/08\/07\/plus-de-10-000-cyclistes-a-lassaut-du-ventoux\/","title":{"rendered":"Plus de 10&nbsp;000&nbsp;cyclistes \u00e0 l\u2019assaut du Ventoux"},"content":{"rendered":"<div class=\"paragraph\">\n<p>\u00ab <i>A<\/i><i>llez, de l\u2019\u00e9nergie, il reste deux cents m\u00e8tres. Tire, pousse<\/i><i>\u00a0<\/i><i>!<\/i>\u00a0\u00bb lance Mich\u00e8le, la soixantaine, \u00e0 la centaine de premiers cyclistes qui arrivent au sommet du mont Ventoux ce jeudi 6\u00a0ao\u00fbt \u00e0 l\u2019occasion de \u00ab\u00a0L\u2019\u00c9tape du Tour\u00a0\u00bb d\u00e9di\u00e9e aux amateurs. La veille, donc, de l\u2019\u00e9preuve du Tour de France Femmes.<\/p>\n<p>Ils \u00e9taient 10\u00a0422 \u00e0 s\u2019\u00e9lancer pour une boucle de 111,7\u00a0kilom\u00e8tres depuis Vaison-la-Romaine d\u00e8s 7h du matin. L\u2019occasion de se surpasser pour la plupart. \u00ab<i>\u00a0<\/i><i>C\u2019\u00e9tait rude car il commen\u00e7ait vraiment \u00e0 faire chaud. Mais je suis tellement contente de l\u2019avoir termin\u00e9<\/i>\u00a0\u00bb, se r\u00e9jouit, m\u00e9daille autour du cou, Maelle, la trentaine, qui vient de N\u00eemes. Et de passer un moment convivial surtout. Mich\u00e8le, Savoyarde, est venue passer une semaine en Vaucluse pour soutenir son \u00e9poux et sa fille. \u00ab<i>\u00a0<\/i><i>C\u2019est un superbe moment en famille. En tant que fan de v\u00e9lo, il n\u2019y a pas mieux<\/i>\u00a0\u00bb, s\u2019exclame-t-elle avant de s\u2019\u00e9gosiller au passage de ses proches.<\/p>\n<p>La vice-pr\u00e9sidente du D\u00e9partement de Vaucluse, Christelle Jablonski-Castanier, t\u00e9moigne \u00ab\u00a0<i>d\u2019une belle f\u00eate populaire<\/i>\u00a0\u00bb, et se r\u00e9jouit d\u2019un bel impact \u00e9conomique, \u00ab\u00a0<i>car tout \u00e9tait plein dans les villages aux alentours<\/i>\u00a0\u00bb.<\/p>\n<\/p><\/div>\n<div class=\"intext\"> Enjeu sportif\n              <\/div>\n<div class=\"paragraph\">\n<p>Il y avait tout de m\u00eame un aspect comp\u00e9titif de l\u2019\u00e9preuve. Notamment pour les quelques dizaines de premiers qui se disputaient la gagne. Ce sera finalement Thibaut Cl\u00e9ment, vainqueur l\u2019an dernier et donc affubl\u00e9 de son dossard num\u00e9ro\u00a01, qui aura aval\u00e9 les 2\u00a0950\u00a0m\u00e8tres de d\u00e9nivel\u00e9 positif en seulement 3h13. \u00ab\u00a0<i>C\u2019est le mythe, quoi. Il y avait beaucoup de monde dans tous les villages<\/i><i>\u00a0<\/i>\u00bb, glisse le vainqueur du jour. Du c\u00f4t\u00e9 des femmes, c\u2019est la Britannique Victoria Stansfield qui est arriv\u00e9e en t\u00eate.<\/p>\n<\/p><\/div>\n","protected":false},"excerpt":{"rendered":"&laquo; Allez, de l&rsquo;&eacute;nergie, il reste deux cents m&egrave;tres. Tire, pousse&nbsp;!&nbsp;&raquo; lance Mich&egrave;le, la soixantaine, &agrave; la centaine de premiers cyclistes qui arrivent au sommet du mont Ventoux ce jeudi &#8230;","protected":false},"author":1,"featured_media":38701,"comment_status":"open","ping_status":"open","sticky":false,"template":"","format":"standard","meta":{"footnotes":""},"categories":[3926,3925,20,7],"tags":[1144,1146,133,2347,895,3253,171],"news-destination":[3944],"news-source":[475],"is_homepage":[],"ta_other":[],"class_list":["post-38700","post","type-post","status-publish","format-standard","has-post-thumbnail","hentry","category-accueil-merge","category-accueil-third","category-societe","category-sports","tag-cyclisme","tag-cyclistes","tag-departement","tag-fete-populaire","tag-provence","tag-tour-de-france","tag-vaucluse","news-destination-homepage","news-source-website"],"_links":{"self":[{"href":"https:\/\/euapp01.newsmemory.com\/lamarseillaise\/news\/wp-json\/wp\/v2\/posts\/38700","targetHints":{"allow":["GET"]}}],"collection":[{"href":"https:\/\/euapp01.newsmemory.com\/lamarseillaise\/news\/wp-json\/wp\/v2\/posts"}],"about":[{"href":"https:\/\/euapp01.newsmemory.com\/lamarseillaise\/news\/wp-json\/wp\/v2\/types\/post"}],"author":[{"embeddable":true,"href":"https:\/\/euapp01.newsmemory.com\/lamarseillaise\/news\/wp-json\/wp\/v2\/users\/1"}],"replies":[{"embeddable":true,"href":"https:\/\/euapp01.newsmemory.com\/lamarseillaise\/news\/wp-json\/wp\/v2\/comments?post=38700"}],"version-history":[{"count":1,"href":"https:\/\/euapp01.newsmemory.com\/lamarseillaise\/news\/wp-json\/wp\/v2\/posts\/38700\/revisions"}],"predecessor-version":[{"id":38702,"href":"https:\/\/euapp01.newsmemory.com\/lamarseillaise\/news\/wp-json\/wp\/v2\/posts\/38700\/revisions\/38702"}],"wp:featuredmedia":[{"embeddable":true,"href":"https:\/\/euapp01.newsmemory.com\/lamarseillaise\/news\/wp-json\/wp\/v2\/media\/38701"}],"wp:attachment":[{"href":"https:\/\/euapp01.newsmemory.com\/lamarseillaise\/news\/wp-json\/wp\/v2\/media?parent=38700"}],"wp:term":[{"taxonomy":"category","embeddable":true,"href":"https:\/\/euapp01.newsmemory.com\/lamarseillaise\/news\/wp-json\/wp\/v2\/categories?post=38700"},{"taxonomy":"post_tag","embeddable":true,"href":"https:\/\/euapp01.newsmemory.com\/lamarseillaise\/news\/wp-json\/wp\/v2\/tags?post=38700"},{"taxonomy":"news-destination","embeddable":true,"href":"https:\/\/euapp01.newsmemory.com\/lamarseillaise\/news\/wp-json\/wp\/v2\/news-destination?post=38700"},{"taxonomy":"news-source","embeddable":true,"href":"https:\/\/euapp01.newsmemory.com\/lamarseillaise\/news\/wp-json\/wp\/v2\/news-source?post=38700"},{"taxonomy":"is_homepage","embeddable":true,"href":"https:\/\/euapp01.newsmemory.com\/lamarseillaise\/news\/wp-json\/wp\/v2\/is_homepage?post=38700"},{"taxonomy":"ta_other","embeddable":true,"href":"https:\/\/euapp01.newsmemory.com\/lamarseillaise\/news\/wp-json\/wp\/v2\/ta_other?post=38700"}],"curies":[{"name":"wp","href":"https:\/\/api.w.org\/{rel}","templated":true}]}}