{"id":38697,"date":"2026-08-07T08:03:00","date_gmt":"2026-08-07T06:03:00","guid":{"rendered":"https:\/\/euapp01.newsmemory.com\/lamarseillaise\/news\/?p=38697"},"modified":"2026-08-13T07:29:41","modified_gmt":"2026-08-13T05:29:41","slug":"en-memoire-dhiroshima-et-de-nagasaki","status":"publish","type":"post","link":"https:\/\/euapp01.newsmemory.com\/lamarseillaise\/news\/2026\/08\/07\/en-memoire-dhiroshima-et-de-nagasaki\/","title":{"rendered":"En m\u00e9moire d\u2019Hiroshima et de Nagasaki"},"content":{"rendered":"<div class=\"paragraph\">\n<p>\u00ab<i> L<\/i><i>es hibakushas nous ont laiss\u00e9s face \u00e0 une responsabilit\u00e9 historique implacable<\/i><i>\u00a0<\/i>\u00bb, d\u00e9clare Michel Dolot, porte-parole du Mouvement de la paix\u00a013 ce jeudi soir devant le monument des mobiles (1<sup>er<\/sup>). \u00c0 sa droite sont accroch\u00e9es des photographies des victimes des bombardements atomiques sur les villes japonaises d\u2019Hiroshima et de Nagasaki, les 6\u00a0et 9\u00a0ao\u00fbt 1945. En ce 81<sup>e<\/sup>\u00a0anniversaire, le pacifiste lance devant ses soutiens la campagne de son organisation pour l\u2019abolition des armes nucl\u00e9aires\u00a0: \u00ab\u00a0<i>d\u00e9noncer la bombe, c\u2019est d\u00e9noncer un syst\u00e8me qui hi\u00e9rarchise les humanit\u00e9s en m\u00e9prisant le vivant<\/i><i>\u00a0<\/i>\u00bb, lance-t-il. L\u2019objectif est d\u2019interpeller le gouvernement et les \u00e9lus locaux, notamment les maires, pour pousser la France \u00e0 ratifier le Trait\u00e9 sur l\u2019interdiction des armes nucl\u00e9aires (Tian).<\/p>\n<p>En haut de la Canebi\u00e8re, le secr\u00e9taire g\u00e9n\u00e9ral de l\u2019UD CGT\u00a013, Marc Pietrosino appelle le \u00ab\u00a0<i>camp progressiste<\/i><i>\u00a0<\/i>\u00bb \u00e0 la mobilisation\u00a0: \u00ab\u00a0<i>la lutte pour la paix, c\u2019est la lutte des classes<\/i><i>\u00a0<\/i>\u00bb. Il note par ailleurs, qu\u2019au moment o\u00f9 des usines ferment, notamment Fibre Excellence \u00e0 Tarascon, les travailleurs sont redirig\u00e9s vers les entreprises de l\u2019armement, \u00e0 Istres ou \u00e0 Toulon&#8230; \u00ab\u00a0<i>Il n\u2019y a pas de fatalit\u00e9, continuons \u00e0 nous battre<\/i><i>\u00a0<\/i>\u00bb, pousse le dirigeant syndical.<\/p>\n<p>Peu \u00e0 peu, l\u2019arm\u00e9e s\u2019immisce partout, au travail, \u00e0 l\u2019\u00e9cole. \u00ab\u00a0<i>Au lieu de financer des emplois utiles et durables pour la sant\u00e9, l\u2019\u00e9ducation et la transition \u00e9cologique, l\u2019\u00c9tat instrumentalise la pr\u00e9carit\u00e9 pour alimenter les sp\u00e9culateurs et les profiteurs de guerre<\/i><i>\u00a0<\/i>\u00bb<i>, <\/i>fustige Coralie Hernandez, responsable f\u00e9d\u00e9rale de la commission solidarit\u00e9 internationale et paix au sein du PCF\u00a013. Et alors que le Conseil constitutionnel a valid\u00e9 dans la journ\u00e9e la derni\u00e8re loi de programmation militaire portant \u00e0 436\u00a0milliards d\u2019euros pour le budget des arm\u00e9es d\u2019ici \u00e0 2030, la communiste note que \u00ab\u00a0<i>sur 12<\/i><i>\u00a0<\/i><i>Canadairs, seuls<\/i><i>\u00a0<\/i><i>5 sont en marche<\/i><i>\u00a0<\/i>\u00bb. La maison br\u00fble et l\u2019\u00c9tat pr\u00e9pare les armes.<\/p>\n<\/p><\/div>\n","protected":false},"excerpt":{"rendered":"&laquo; Les hibakushas nous ont laiss&eacute;s face &agrave; une responsabilit&eacute; historique implacable&nbsp;&raquo;, d&eacute;clare Michel Dolot, porte-parole du Mouvement de la paix&nbsp;13 ce jeudi soir devant le monument des mobiles (1er). &#8230;","protected":false},"author":1,"featured_media":38698,"comment_status":"open","ping_status":"open","sticky":false,"template":"","format":"standard","meta":{"footnotes":""},"categories":[3926,3925,337,20],"tags":[340,3119,123,10,113,4819,3613,618,280,341,3021,16,920,344,250,4674],"news-destination":[3944],"news-source":[475],"is_homepage":[],"ta_other":[],"class_list":["post-38697","post","type-post","status-publish","format-standard","has-post-thumbnail","hentry","category-accueil-merge","category-accueil-third","category-international","category-societe","tag-armes-nucleaires","tag-bombardements","tag-bombe-atomique","tag-bouches-du-rhone","tag-cgt","tag-cgt13","tag-commemorations","tag-devoir-de-memoire","tag-histoire","tag-japon","tag-marc-pietrosino","tag-marseille","tag-memoire","tag-mouvement-de-la-paix","tag-pcf","tag-solidarite-internationale","news-destination-homepage","news-source-website"],"_links":{"self":[{"href":"https:\/\/euapp01.newsmemory.com\/lamarseillaise\/news\/wp-json\/wp\/v2\/posts\/38697","targetHints":{"allow":["GET"]}}],"collection":[{"href":"https:\/\/euapp01.newsmemory.com\/lamarseillaise\/news\/wp-json\/wp\/v2\/posts"}],"about":[{"href":"https:\/\/euapp01.newsmemory.com\/lamarseillaise\/news\/wp-json\/wp\/v2\/types\/post"}],"author":[{"embeddable":true,"href":"https:\/\/euapp01.newsmemory.com\/lamarseillaise\/news\/wp-json\/wp\/v2\/users\/1"}],"replies":[{"embeddable":true,"href":"https:\/\/euapp01.newsmemory.com\/lamarseillaise\/news\/wp-json\/wp\/v2\/comments?post=38697"}],"version-history":[{"count":1,"href":"https:\/\/euapp01.newsmemory.com\/lamarseillaise\/news\/wp-json\/wp\/v2\/posts\/38697\/revisions"}],"predecessor-version":[{"id":38699,"href":"https:\/\/euapp01.newsmemory.com\/lamarseillaise\/news\/wp-json\/wp\/v2\/posts\/38697\/revisions\/38699"}],"wp:featuredmedia":[{"embeddable":true,"href":"https:\/\/euapp01.newsmemory.com\/lamarseillaise\/news\/wp-json\/wp\/v2\/media\/38698"}],"wp:attachment":[{"href":"https:\/\/euapp01.newsmemory.com\/lamarseillaise\/news\/wp-json\/wp\/v2\/media?parent=38697"}],"wp:term":[{"taxonomy":"category","embeddable":true,"href":"https:\/\/euapp01.newsmemory.com\/lamarseillaise\/news\/wp-json\/wp\/v2\/categories?post=38697"},{"taxonomy":"post_tag","embeddable":true,"href":"https:\/\/euapp01.newsmemory.com\/lamarseillaise\/news\/wp-json\/wp\/v2\/tags?post=38697"},{"taxonomy":"news-destination","embeddable":true,"href":"https:\/\/euapp01.newsmemory.com\/lamarseillaise\/news\/wp-json\/wp\/v2\/news-destination?post=38697"},{"taxonomy":"news-source","embeddable":true,"href":"https:\/\/euapp01.newsmemory.com\/lamarseillaise\/news\/wp-json\/wp\/v2\/news-source?post=38697"},{"taxonomy":"is_homepage","embeddable":true,"href":"https:\/\/euapp01.newsmemory.com\/lamarseillaise\/news\/wp-json\/wp\/v2\/is_homepage?post=38697"},{"taxonomy":"ta_other","embeddable":true,"href":"https:\/\/euapp01.newsmemory.com\/lamarseillaise\/news\/wp-json\/wp\/v2\/ta_other?post=38697"}],"curies":[{"name":"wp","href":"https:\/\/api.w.org\/{rel}","templated":true}]}}