{"id":38694,"date":"2026-08-07T07:46:00","date_gmt":"2026-08-07T05:46:00","guid":{"rendered":"https:\/\/euapp01.newsmemory.com\/lamarseillaise\/news\/?p=38694"},"modified":"2026-08-07T10:04:30","modified_gmt":"2026-08-07T08:04:30","slug":"cest-lete-les-peplums-en-leur-royaume-au-theatre-antique-darles","status":"publish","type":"post","link":"https:\/\/euapp01.newsmemory.com\/lamarseillaise\/news\/2026\/08\/07\/cest-lete-les-peplums-en-leur-royaume-au-theatre-antique-darles\/","title":{"rendered":"[C\u2019est l\u2019\u00e9t\u00e9] Les p\u00e9plums en leur royaume au Th\u00e9\u00e2tre antique d\u2019Arles"},"content":{"rendered":"<div class=\"paragraph\">\n<p>Avec son th\u00e9\u00e2tre antique dont la construction fut achev\u00e9e 12\u00a0ann\u00e9es avant notre \u00e8re et une ville recelant un riche h\u00e9ritage romain, l\u2019association Peplum a de quoi faire, depuis 1987, pour organiser son \u00e9v\u00e9nement phare. Du 17\u00a0au 22\u00a0ao\u00fbt, l\u2019\u00e9crin du festival du film p\u00e9plum qui invite \u00e0 \u00ab\u00a0red\u00e9couvrir l\u2019Antiquit\u00e9 sur \u00e9cran g\u00e9ant\u00a0\u00bb, nourri par une programmation liant \u00ab\u00a0histoire, cin\u00e9ma et litt\u00e9rature\u00a0\u00bb. Au total, six soir\u00e9es de projections, \u00e0 chaque fois amorc\u00e9es par un \u00ab\u00a0ap\u00e9ro-rencontre\u00a0\u00bb sous forme d\u2019\u00e9change avec un expert, la professeure d\u2019Histoire ancienne Pauline Ducret pour l\u2019inauguration, un cin\u00e9-club autour de \u00ab\u00a0la cage aux fauves au risque de la d\u00e9mocratie\u00a0\u00bb orchestr\u00e9 par le docteur en litt\u00e9rature Jean Max M\u00e9jean, toujours \u00e0 cette m\u00eame date. Cette soir\u00e9e inaugurale sera plac\u00e9e sous le th\u00e8me de \u00ab\u00a0l\u2019\u00e9pop\u00e9e\u00a0\u00bb avec une \u00ab\u00a0reconstitution vivante d\u2019un cort\u00e8ge romain\u00a0\u00bb, assur\u00e9e par les l\u00e9gionnaires d\u2019un soir des associations Arelate et Leg VI Ferrata, avant de finir en trombe avec la projection du <i>Gladiator<\/i><i>\u00a0<\/i><i>II<\/i> r\u00e9alis\u00e9 il y a deux ans par Ridley Scott.<\/p>\n<\/p><\/div>\n<div class=\"intext\"> Imp\u00e9ratrice et roi\n              <\/div>\n<div class=\"paragraph\">\n<p>Parmi les autres projections du festival, \u00e0 la nuit tomb\u00e9e, on notera celle d\u2019<i>Ast\u00e9rix et Cl\u00e9op\u00e2tre <\/i>(2002) d\u2019Alain Chabat, du p\u00e9plum r\u00e9alis\u00e9 en 1960 par Riccardo Freda, <i>Le g\u00e9ant de Thessalie<\/i>, ou encore de <i>Messaline<\/i>, cette imp\u00e9ratrice romaine \u00e0 laquelle les historiens pr\u00eatent une cruaut\u00e9 et une sexualit\u00e9 effr\u00e9n\u00e9e qui ont contribu\u00e9 \u00e0 sa perte. Charge enfin, le 22\u00a0ao\u00fbt, au <i>David et Bethsab\u00e9e<\/i> d\u2019Henry King, avec le magistral Gregory Peck dans le r\u00f4le du roi David, de clore la 39<sup>e<\/sup>\u00a0\u00e9dition.<\/p>\n<\/p><\/div>\n","protected":false},"excerpt":{"rendered":"Avec son th&eacute;&acirc;tre antique dont la construction fut achev&eacute;e 12&nbsp;ann&eacute;es avant notre &egrave;re et une ville recelant un riche h&eacute;ritage romain, l&rsquo;association Peplum a de quoi faire, depuis 1987, pour organiser &#8230;","protected":false},"author":1,"featured_media":38695,"comment_status":"open","ping_status":"open","sticky":false,"template":"","format":"standard","meta":{"footnotes":""},"categories":[32],"tags":[5349,4699,1234,10,5871,329,1305,280,1958,232,199],"news-destination":[],"news-source":[475],"is_homepage":[],"ta_other":[],"class_list":["post-38694","post","type-post","status-publish","format-standard","has-post-thumbnail","hentry","category-culture","tag-antiquite","tag-arenes","tag-arles","tag-bouches-du-rhone","tag-cinema-plein-air","tag-festival","tag-film","tag-histoire","tag-litterature","tag-projections","tag-theatre-antique","news-source-website"],"_links":{"self":[{"href":"https:\/\/euapp01.newsmemory.com\/lamarseillaise\/news\/wp-json\/wp\/v2\/posts\/38694","targetHints":{"allow":["GET"]}}],"collection":[{"href":"https:\/\/euapp01.newsmemory.com\/lamarseillaise\/news\/wp-json\/wp\/v2\/posts"}],"about":[{"href":"https:\/\/euapp01.newsmemory.com\/lamarseillaise\/news\/wp-json\/wp\/v2\/types\/post"}],"author":[{"embeddable":true,"href":"https:\/\/euapp01.newsmemory.com\/lamarseillaise\/news\/wp-json\/wp\/v2\/users\/1"}],"replies":[{"embeddable":true,"href":"https:\/\/euapp01.newsmemory.com\/lamarseillaise\/news\/wp-json\/wp\/v2\/comments?post=38694"}],"version-history":[{"count":1,"href":"https:\/\/euapp01.newsmemory.com\/lamarseillaise\/news\/wp-json\/wp\/v2\/posts\/38694\/revisions"}],"predecessor-version":[{"id":38696,"href":"https:\/\/euapp01.newsmemory.com\/lamarseillaise\/news\/wp-json\/wp\/v2\/posts\/38694\/revisions\/38696"}],"wp:featuredmedia":[{"embeddable":true,"href":"https:\/\/euapp01.newsmemory.com\/lamarseillaise\/news\/wp-json\/wp\/v2\/media\/38695"}],"wp:attachment":[{"href":"https:\/\/euapp01.newsmemory.com\/lamarseillaise\/news\/wp-json\/wp\/v2\/media?parent=38694"}],"wp:term":[{"taxonomy":"category","embeddable":true,"href":"https:\/\/euapp01.newsmemory.com\/lamarseillaise\/news\/wp-json\/wp\/v2\/categories?post=38694"},{"taxonomy":"post_tag","embeddable":true,"href":"https:\/\/euapp01.newsmemory.com\/lamarseillaise\/news\/wp-json\/wp\/v2\/tags?post=38694"},{"taxonomy":"news-destination","embeddable":true,"href":"https:\/\/euapp01.newsmemory.com\/lamarseillaise\/news\/wp-json\/wp\/v2\/news-destination?post=38694"},{"taxonomy":"news-source","embeddable":true,"href":"https:\/\/euapp01.newsmemory.com\/lamarseillaise\/news\/wp-json\/wp\/v2\/news-source?post=38694"},{"taxonomy":"is_homepage","embeddable":true,"href":"https:\/\/euapp01.newsmemory.com\/lamarseillaise\/news\/wp-json\/wp\/v2\/is_homepage?post=38694"},{"taxonomy":"ta_other","embeddable":true,"href":"https:\/\/euapp01.newsmemory.com\/lamarseillaise\/news\/wp-json\/wp\/v2\/ta_other?post=38694"}],"curies":[{"name":"wp","href":"https:\/\/api.w.org\/{rel}","templated":true}]}}