{"id":38691,"date":"2026-08-07T07:48:00","date_gmt":"2026-08-07T05:48:00","guid":{"rendered":"https:\/\/euapp01.newsmemory.com\/lamarseillaise\/news\/?p=38691"},"modified":"2026-08-07T10:03:45","modified_gmt":"2026-08-07T08:03:45","slug":"cest-lete-devenez-apothicaire-dun-jour-a-salon-de-provence","status":"publish","type":"post","link":"https:\/\/euapp01.newsmemory.com\/lamarseillaise\/news\/2026\/08\/07\/cest-lete-devenez-apothicaire-dun-jour-a-salon-de-provence\/","title":{"rendered":"[C\u2019est l\u2019\u00e9t\u00e9] Devenez apothicaire d\u2019un jour \u00e0 Salon-de-Provence"},"content":{"rendered":"<div class=\"paragraph\">\n<p>Et si vous passiez votre \u00e9t\u00e9 au mus\u00e9e\u00a0? C\u2019est ce que vous sugg\u00e8re fortement la ville de Salon-de-Provence et plus pr\u00e9cis\u00e9ment le ch\u00e2teau de l\u2019Emp\u00e9ri qui propose tout au long de la p\u00e9riode estivale de nombreux ateliers \u00e0 destination des enfants, et des plus grands.<\/p>\n<p>\u00c0 chaque jour de la semaine une th\u00e9matique et des enfants qui sont invit\u00e9s \u00e0 mettre la main \u00e0 la p\u00e2te avec des ateliers ludiques et cr\u00e9atifs inspir\u00e9s de l\u2019histoire, du patrimoine et de la nature.<\/p>\n<p>Ce vendredi c\u2019est un atelier apothicaire qui s\u2019adresse aux enfants \u00e0 partir de 7\u00a0ans pour d\u00e9couvrir les plantes du jardin des Simples avec la confection et la d\u00e9coration \u00e0 l\u2019aquarelle d\u2019un sachet d\u2019herbe ou d\u2019un herbier et ainsi percer tous les secrets du jardin de Nostradamus.<\/p>\n<\/p><\/div>\n","protected":false},"excerpt":{"rendered":"Et si vous passiez votre &eacute;t&eacute; au mus&eacute;e&nbsp;? C&rsquo;est ce que vous sugg&egrave;re fortement la ville de Salon-de-Provence et plus pr&eacute;cis&eacute;ment le ch&acirc;teau de l&rsquo;Emp&eacute;ri qui propose tout au long de &#8230;","protected":false},"author":1,"featured_media":38692,"comment_status":"open","ping_status":"open","sticky":false,"template":"","format":"standard","meta":{"footnotes":""},"categories":[20],"tags":[130,10,6085,1288,57,336,754,2324,2034,938,97,2277,1313,1361,2874],"news-destination":[],"news-source":[475],"is_homepage":[],"ta_other":[],"class_list":["post-38691","post","type-post","status-publish","format-standard","has-post-thumbnail","hentry","category-societe","tag-ateliers","tag-bouches-du-rhone","tag-cest-lete","tag-decouverte","tag-enfants","tag-ete","tag-familles","tag-jardin","tag-musees","tag-nature","tag-patrimoine","tag-plantes","tag-salon-de-provence","tag-vacances","tag-vacances-scolaires","news-source-website"],"_links":{"self":[{"href":"https:\/\/euapp01.newsmemory.com\/lamarseillaise\/news\/wp-json\/wp\/v2\/posts\/38691","targetHints":{"allow":["GET"]}}],"collection":[{"href":"https:\/\/euapp01.newsmemory.com\/lamarseillaise\/news\/wp-json\/wp\/v2\/posts"}],"about":[{"href":"https:\/\/euapp01.newsmemory.com\/lamarseillaise\/news\/wp-json\/wp\/v2\/types\/post"}],"author":[{"embeddable":true,"href":"https:\/\/euapp01.newsmemory.com\/lamarseillaise\/news\/wp-json\/wp\/v2\/users\/1"}],"replies":[{"embeddable":true,"href":"https:\/\/euapp01.newsmemory.com\/lamarseillaise\/news\/wp-json\/wp\/v2\/comments?post=38691"}],"version-history":[{"count":1,"href":"https:\/\/euapp01.newsmemory.com\/lamarseillaise\/news\/wp-json\/wp\/v2\/posts\/38691\/revisions"}],"predecessor-version":[{"id":38693,"href":"https:\/\/euapp01.newsmemory.com\/lamarseillaise\/news\/wp-json\/wp\/v2\/posts\/38691\/revisions\/38693"}],"wp:featuredmedia":[{"embeddable":true,"href":"https:\/\/euapp01.newsmemory.com\/lamarseillaise\/news\/wp-json\/wp\/v2\/media\/38692"}],"wp:attachment":[{"href":"https:\/\/euapp01.newsmemory.com\/lamarseillaise\/news\/wp-json\/wp\/v2\/media?parent=38691"}],"wp:term":[{"taxonomy":"category","embeddable":true,"href":"https:\/\/euapp01.newsmemory.com\/lamarseillaise\/news\/wp-json\/wp\/v2\/categories?post=38691"},{"taxonomy":"post_tag","embeddable":true,"href":"https:\/\/euapp01.newsmemory.com\/lamarseillaise\/news\/wp-json\/wp\/v2\/tags?post=38691"},{"taxonomy":"news-destination","embeddable":true,"href":"https:\/\/euapp01.newsmemory.com\/lamarseillaise\/news\/wp-json\/wp\/v2\/news-destination?post=38691"},{"taxonomy":"news-source","embeddable":true,"href":"https:\/\/euapp01.newsmemory.com\/lamarseillaise\/news\/wp-json\/wp\/v2\/news-source?post=38691"},{"taxonomy":"is_homepage","embeddable":true,"href":"https:\/\/euapp01.newsmemory.com\/lamarseillaise\/news\/wp-json\/wp\/v2\/is_homepage?post=38691"},{"taxonomy":"ta_other","embeddable":true,"href":"https:\/\/euapp01.newsmemory.com\/lamarseillaise\/news\/wp-json\/wp\/v2\/ta_other?post=38691"}],"curies":[{"name":"wp","href":"https:\/\/api.w.org\/{rel}","templated":true}]}}