{"id":38684,"date":"2026-08-07T07:26:00","date_gmt":"2026-08-07T05:26:00","guid":{"rendered":"https:\/\/euapp01.newsmemory.com\/lamarseillaise\/news\/?p=38684"},"modified":"2026-08-09T09:32:23","modified_gmt":"2026-08-09T07:32:23","slug":"aubagne-sapprete-a-faire-son-entree-historique-en-ligue-3-20260807-0553-353074","status":"publish","type":"post","link":"https:\/\/euapp01.newsmemory.com\/lamarseillaise\/news\/2026\/08\/07\/aubagne-sapprete-a-faire-son-entree-historique-en-ligue-3-20260807-0553-353074\/","title":{"rendered":"Aubagne s\u2019appr\u00eate \u00e0 faire son entr\u00e9e historique en Ligue 3"},"content":{"rendered":"<div class=\"paragraph\">\n<p>Jamais deux sans trois. Le Sporting club Aubagne Air-Bel (Scaab) va entamer sa troisi\u00e8me saison cons\u00e9cutive en troisi\u00e8me division fran\u00e7aise. Avec un changement majeur cette ann\u00e9e, la professionnalisation du championnat et la cr\u00e9ation de la Ligue 3. Sur le banc du club aubagnais, Karim Masmoudi, qui est arriv\u00e9 la saison derni\u00e8re au mois d\u2019avril apr\u00e8s le d\u00e9part de son homologue portugais Gabriel Santos. Les r\u00e9sultats ne suivant pas, le pr\u00e9c\u00e9dent entra\u00eeneur de 43\u00a0ans a quitt\u00e9 le club d\u2019un commun accord avec la direction, apr\u00e8s treize mois sur le banc. Pour la premi\u00e8re saison en troisi\u00e8me division, Gabriel Santos avait emmen\u00e9 son collectif \u00e0 la sixi\u00e8me place du championnat, au terme d\u2019une saison exceptionnelle. La deuxi\u00e8me saison a \u00e9t\u00e9 plus compliqu\u00e9e, avec un bilan de 9\u00a0victoires et 13\u00a0d\u00e9faites. Les Aubagnais sont finalement arriv\u00e9s onzi\u00e8mes avec 37\u00a0points, avec Karim Masmoudi sur le banc pour les deux derni\u00e8res rencontres du championnat. Cette saison, l\u2019objectif du club est de se maintenir. \u00ab\u00a0<i>Se maintenir et avoir 38<\/i><i>\u00a0<\/i><i>points le plus rapidement possible<\/i>\u00a0\u00bb, soutient Karim Masmoudi. Et il peut compter sur ses joueurs, de retour \u00e0 l\u2019entra\u00eenement depuis le 26\u00a0juin.<i> <\/i>\u00ab\u00a0<i>On sait que l\u2019objectif principal du club c\u2019est de se maintenir. Mais si on peut aller chercher plus haut, on n\u2019h\u00e9sitera pas<\/i><i>\u00a0<\/i>\u00bb, assure Soiyir Ahmada. Le club a prolong\u00e9 certains de ses joueurs cadres, \u00e0 l\u2019image du d\u00e9fenseur central Mohamed Nehari et de son gardien, Jordan Gil, toujours bless\u00e9. Mais le mercato estival a aussi provoqu\u00e9 le d\u00e9part de treize joueurs et l\u2019arriv\u00e9e de seize recrues.<\/p>\n<\/p><\/div>\n<div class=\"intext\"> L\u2019effectif en mouvement\n              <\/div>\n<div class=\"paragraph\">\n<p>Parmi les petits nouveaux, Adame Fa\u00efze, 21\u00a0ans, attaquant de l\u2019\u00e9quipe r\u00e9serve du Losc la saison derni\u00e8re, acteur de plusieurs apparitions avec le groupe professionnel, Karim Ciss\u00e9, 22\u00a0ans, milieu offensif et international guin\u00e9en en provenance de l\u2019ASSE et Yoan Zemoura, 25\u00a0ans, ancien attaquant du FC Versailles. Mais aussi de jeunes talents du club\u00a0: Nohan Parmentier, 17\u00a0ans, d\u00e9fenseur en U17 la saison derni\u00e8re, et Tiago Moreira, 21\u00a0ans, ex-gardien de l\u2019\u00e9quipe r\u00e9serve. Soiyir Ahmada, 19\u00a0ans, arriv\u00e9 au Scaab l\u2019\u00e9t\u00e9 dernier en provenance de l\u2019OM, jonglait l\u2019ann\u00e9e derni\u00e8re entre les U19 et le groupe\u00a0N1 et int\u00e8gre pleinement l\u2019effectif cette saison. Avec une moyenne d\u2019\u00e2ge de 23,5\u00a0ans, le Scaab est le deuxi\u00e8me effectif le plus jeune du championnat, \u00e0 ce stade du mercato qui prendra fin le 1<sup>er<\/sup>\u00a0septembre. \u00ab\u00a0<i>J\u2019ai envie de construire une \u00e9quipe marseillaise. Une \u00e9quipe \u00e0 la mentalit\u00e9 sudiste, qui ne l\u00e2che rien<\/i>\u00a0\u00bb, insiste l\u2019ex bras droit de Majdid Bougherra, ancien s\u00e9lectionneur de l\u2019Alg\u00e9rie. Il sera aid\u00e9 de ses deux adjoints, Kassim Abdellah et Hippolyte Catella. Avec la professionnalisation de la troisi\u00e8me division, le Scaab obtient pour la premi\u00e8re fois de son histoire le statut professionnel. \u00ab\u00a0<i>C\u2019est un beau coup de projecteur pour tout le monde. Pour les joueurs, le staff, le club<\/i>\u00a0\u00bb, observe Karim Masmoudi. Premier test \u00e0 domicile vendredi 7\u00a0ao\u00fbt \u00e0 20h45 face \u00e0 Thionville pour le Scaab.<\/p>\n<p>Fanny Velay<\/p>\n<\/p><\/div>\n<div class=\"paragraph\">\n<p><b>Le challenge, in\u00e9dit en France<\/b><\/p>\n<p>La F\u00e9d\u00e9ration Fran\u00e7aise de Football a instaur\u00e9 le challenge en Ligue 3, une premi\u00e8re pour un championnat en France. Les coaches auront deux possibilit\u00e9s par match de demander le changement d\u2019une d\u00e9cision arbitrale. L\u2019action doit entrer dans l\u2019un des 4 cas : but marqu\u00e9 ou non, penalty ou non, carton rouge ou identit\u00e9 erron\u00e9e d\u2019un joueur sur un carton. Chaque challenge remport\u00e9 sera conserv\u00e9 par l\u2019entra\u00eeneur.<\/p>\n<p>P.G.<\/p>\n<\/p><\/div>\n","protected":false},"excerpt":{"rendered":"Jamais deux sans trois. Le Sporting club Aubagne Air-Bel (Scaab) va entamer sa troisi&egrave;me saison cons&eacute;cutive en troisi&egrave;me division fran&ccedil;aise. Avec un changement majeur cette ann&eacute;e, la professionnalisation du &#8230;","protected":false},"author":1,"featured_media":38681,"comment_status":"open","ping_status":"open","sticky":false,"template":"","format":"standard","meta":{"footnotes":""},"categories":[7],"tags":[493,10,1162,13,6220],"news-destination":[],"news-source":[475],"is_homepage":[],"ta_other":[],"class_list":["post-38684","post","type-post","status-publish","format-standard","has-post-thumbnail","hentry","category-sports","tag-aubagne","tag-bouches-du-rhone","tag-championnats","tag-football","tag-ligue-3","news-source-website"],"_links":{"self":[{"href":"https:\/\/euapp01.newsmemory.com\/lamarseillaise\/news\/wp-json\/wp\/v2\/posts\/38684","targetHints":{"allow":["GET"]}}],"collection":[{"href":"https:\/\/euapp01.newsmemory.com\/lamarseillaise\/news\/wp-json\/wp\/v2\/posts"}],"about":[{"href":"https:\/\/euapp01.newsmemory.com\/lamarseillaise\/news\/wp-json\/wp\/v2\/types\/post"}],"author":[{"embeddable":true,"href":"https:\/\/euapp01.newsmemory.com\/lamarseillaise\/news\/wp-json\/wp\/v2\/users\/1"}],"replies":[{"embeddable":true,"href":"https:\/\/euapp01.newsmemory.com\/lamarseillaise\/news\/wp-json\/wp\/v2\/comments?post=38684"}],"version-history":[{"count":1,"href":"https:\/\/euapp01.newsmemory.com\/lamarseillaise\/news\/wp-json\/wp\/v2\/posts\/38684\/revisions"}],"predecessor-version":[{"id":38686,"href":"https:\/\/euapp01.newsmemory.com\/lamarseillaise\/news\/wp-json\/wp\/v2\/posts\/38684\/revisions\/38686"}],"wp:featuredmedia":[{"embeddable":true,"href":"https:\/\/euapp01.newsmemory.com\/lamarseillaise\/news\/wp-json\/wp\/v2\/media\/38681"}],"wp:attachment":[{"href":"https:\/\/euapp01.newsmemory.com\/lamarseillaise\/news\/wp-json\/wp\/v2\/media?parent=38684"}],"wp:term":[{"taxonomy":"category","embeddable":true,"href":"https:\/\/euapp01.newsmemory.com\/lamarseillaise\/news\/wp-json\/wp\/v2\/categories?post=38684"},{"taxonomy":"post_tag","embeddable":true,"href":"https:\/\/euapp01.newsmemory.com\/lamarseillaise\/news\/wp-json\/wp\/v2\/tags?post=38684"},{"taxonomy":"news-destination","embeddable":true,"href":"https:\/\/euapp01.newsmemory.com\/lamarseillaise\/news\/wp-json\/wp\/v2\/news-destination?post=38684"},{"taxonomy":"news-source","embeddable":true,"href":"https:\/\/euapp01.newsmemory.com\/lamarseillaise\/news\/wp-json\/wp\/v2\/news-source?post=38684"},{"taxonomy":"is_homepage","embeddable":true,"href":"https:\/\/euapp01.newsmemory.com\/lamarseillaise\/news\/wp-json\/wp\/v2\/is_homepage?post=38684"},{"taxonomy":"ta_other","embeddable":true,"href":"https:\/\/euapp01.newsmemory.com\/lamarseillaise\/news\/wp-json\/wp\/v2\/ta_other?post=38684"}],"curies":[{"name":"wp","href":"https:\/\/api.w.org\/{rel}","templated":true}]}}