{"id":38679,"date":"2026-08-07T07:27:00","date_gmt":"2026-08-07T05:27:00","guid":{"rendered":"https:\/\/euapp01.newsmemory.com\/lamarseillaise\/news\/?p=38679"},"modified":"2026-08-07T10:03:45","modified_gmt":"2026-08-07T08:03:45","slug":"tour-de-france-kim-lacourt-retrouve-le-chemin-du-succes","status":"publish","type":"post","link":"https:\/\/euapp01.newsmemory.com\/lamarseillaise\/news\/2026\/08\/07\/tour-de-france-kim-lacourt-retrouve-le-chemin-du-succes\/","title":{"rendered":"[Tour de France] Kim Lacourt retrouve le chemin du succ\u00e8s"},"content":{"rendered":"<div class=\"paragraph\">\n<p>Tournon-sur-Rh\u00f4ne a \u00e9t\u00e9 le point d\u2019orgue d\u2019une journ\u00e9e marqu\u00e9e par une \u00e9chapp\u00e9e \u00e0 trois.<\/p>\n<p>Apr\u00e8s la C\u00f4te de P\u00e9rigueux, qui a permis \u00e0 Puck Pieterse d\u2019engranger deux points de plus pour asseoir son maillot \u00e0 pois de meilleure grimpeuse, un trio s\u2019est d\u00e9tach\u00e9 du peloton. La N\u00e9erlandaise L\u0153s Adegeest a donn\u00e9 le ton, suivie de la Tch\u00e8que Nikola Noskov\u00e0 et la Norv\u00e9gienne Katrin Aalerud en lan\u00e7ant une attaque dans la C\u00f4te de la Prunerie.<\/p>\n<p>Ce trio allait petit \u00e0 petit creuser l\u2019\u00e9cart, sur un peloton qui se contentait de g\u00e9rer tranquillement la situation, sous la barre de la minute de retard. Cl\u00e9lia G\u00e9ry, la r\u00e9gionale de l\u2019\u00e9tape, tentait une contre-attaque \u00e0 l\u2019approche de la troisi\u00e8me c\u00f4te du jour. Mais la championne de France \u00e9tait rapidement reprise. Le trio de t\u00eate accentuait son avance.<\/p>\n<\/p><\/div>\n<div class=\"intext\"> Les championnes attaquent\n              <\/div>\n<div class=\"paragraph\">\n<p>Dans la descente du col d\u2019Aurec, au sommet duquel Nikola Noskov\u00e0 virait en t\u00eate, elle passait au-del\u00e0 de la minute, pour d\u00e9passer la minute trente et se stabiliser finalement \u00e0 deux minutes vingt. Derri\u00e8re, le peloton r\u00e9cup\u00e9rait un groupe un temps distanc\u00e9, avec les N\u00e9erlandaises Anna van der Breggen et Mariane Vos qui avaient \u00e9t\u00e9 pi\u00e9g\u00e9es.<\/p>\n<p>Le peloton comblait petit \u00e0 petit son retard, sur des \u00e9chapp\u00e9es qui n\u2019\u00e9taient plus que deux \u00e0 l\u2019amorce des routes de l\u2019Ard\u00e9choise, Nikola Noskov\u00e0 ayant l\u00e2ch\u00e9 prise dans le col de Lalouvesc, avant-derni\u00e8re difficult\u00e9 du jour, dans laquelle le duo de t\u00eate \u00e9tait repris par un peloton emmen\u00e9 par Magdeleine Valli\u00e8res et qui ne comptait plus qu\u2019une trentaine unit\u00e9s \u00e0 40\u00a0kilom\u00e8tres de Tournon-sur-Rh\u00f4ne.<\/p>\n<p>Emmen\u00e9e par Pauline Ferrant-Pr\u00e9vot et ses co\u00e9quipi\u00e8res, le groupe de t\u00eate fon\u00e7ait vers la derni\u00e8re difficult\u00e9 avant l\u2019arriv\u00e9e sur les rives du Rh\u00f4ne. Dans le col de Boucieu-le-Roi, un groupe de six, avec la championne de France Cl\u00e9lia G\u00e9ry, partait \u00e0 son tour \u00e0 l\u2019attaque, suivie notamment par la championne d\u2019Italie Elisa Longo-Borghini.<\/p>\n<p>Dans un dernier kilom\u00e8tre d\u00e9brid\u00e9, c\u2019est la Mauricienne Kim Lecourt, un temps en difficult\u00e9 dans l\u2019apr\u00e8s-midi, qui s\u2019impose, devant la Fran\u00e7aise C\u00e9drine Kerbaol. Troisi\u00e8me, la N\u00e9erlandaise Puck Pieterse devrait assurer son maillot \u00e0 pois. Marlen Reusser reste en jaune.<\/p>\n<\/p><\/div>\n<div class=\"paragraph\">\n<p><b>Comment acc\u00e9der au Mont Ventoux<\/b><\/p>\n<p>La mont\u00e9e vers le Mont Ventoux sera ouverte au public. Les v\u00e9hicules pourront rejoindre l\u2019une des trois zones de stationnement jusqu\u2019\u00e0 10 heures le vendredi 7 ao\u00fbt (les Ermitants, la Fr\u00e2che et le mont Serein). L\u2019acc\u00e8s pour les cyclistes sera ouvert jusqu\u2019\u00e0 12 heures sur le c\u00f4t\u00e9 sud du Ventoux, et 13 heures c\u00f4t\u00e9 nord. En revanche, les Dentelles de Montmirail sont interdites d\u2019acc\u00e8s.<\/p>\n<\/p><\/div>\n","protected":false},"excerpt":{"rendered":"Tournon-sur-Rh&ocirc;ne a &eacute;t&eacute; le point d&rsquo;orgue d&rsquo;une journ&eacute;e marqu&eacute;e par une &eacute;chapp&eacute;e &agrave; trois.","protected":false},"author":1,"featured_media":38682,"comment_status":"open","ping_status":"open","sticky":false,"template":"","format":"standard","meta":{"footnotes":""},"categories":[7],"tags":[1144,1319,572,3253,3254],"news-destination":[],"news-source":[475],"is_homepage":[],"ta_other":[],"class_list":["post-38679","post","type-post","status-publish","format-standard","has-post-thumbnail","hentry","category-sports","tag-cyclisme","tag-drome","tag-france","tag-tour-de-france","tag-tour-de-france-feminin","news-source-website"],"_links":{"self":[{"href":"https:\/\/euapp01.newsmemory.com\/lamarseillaise\/news\/wp-json\/wp\/v2\/posts\/38679","targetHints":{"allow":["GET"]}}],"collection":[{"href":"https:\/\/euapp01.newsmemory.com\/lamarseillaise\/news\/wp-json\/wp\/v2\/posts"}],"about":[{"href":"https:\/\/euapp01.newsmemory.com\/lamarseillaise\/news\/wp-json\/wp\/v2\/types\/post"}],"author":[{"embeddable":true,"href":"https:\/\/euapp01.newsmemory.com\/lamarseillaise\/news\/wp-json\/wp\/v2\/users\/1"}],"replies":[{"embeddable":true,"href":"https:\/\/euapp01.newsmemory.com\/lamarseillaise\/news\/wp-json\/wp\/v2\/comments?post=38679"}],"version-history":[{"count":1,"href":"https:\/\/euapp01.newsmemory.com\/lamarseillaise\/news\/wp-json\/wp\/v2\/posts\/38679\/revisions"}],"predecessor-version":[{"id":38683,"href":"https:\/\/euapp01.newsmemory.com\/lamarseillaise\/news\/wp-json\/wp\/v2\/posts\/38679\/revisions\/38683"}],"wp:featuredmedia":[{"embeddable":true,"href":"https:\/\/euapp01.newsmemory.com\/lamarseillaise\/news\/wp-json\/wp\/v2\/media\/38682"}],"wp:attachment":[{"href":"https:\/\/euapp01.newsmemory.com\/lamarseillaise\/news\/wp-json\/wp\/v2\/media?parent=38679"}],"wp:term":[{"taxonomy":"category","embeddable":true,"href":"https:\/\/euapp01.newsmemory.com\/lamarseillaise\/news\/wp-json\/wp\/v2\/categories?post=38679"},{"taxonomy":"post_tag","embeddable":true,"href":"https:\/\/euapp01.newsmemory.com\/lamarseillaise\/news\/wp-json\/wp\/v2\/tags?post=38679"},{"taxonomy":"news-destination","embeddable":true,"href":"https:\/\/euapp01.newsmemory.com\/lamarseillaise\/news\/wp-json\/wp\/v2\/news-destination?post=38679"},{"taxonomy":"news-source","embeddable":true,"href":"https:\/\/euapp01.newsmemory.com\/lamarseillaise\/news\/wp-json\/wp\/v2\/news-source?post=38679"},{"taxonomy":"is_homepage","embeddable":true,"href":"https:\/\/euapp01.newsmemory.com\/lamarseillaise\/news\/wp-json\/wp\/v2\/is_homepage?post=38679"},{"taxonomy":"ta_other","embeddable":true,"href":"https:\/\/euapp01.newsmemory.com\/lamarseillaise\/news\/wp-json\/wp\/v2\/ta_other?post=38679"}],"curies":[{"name":"wp","href":"https:\/\/api.w.org\/{rel}","templated":true}]}}