{"id":38676,"date":"2026-08-07T07:23:00","date_gmt":"2026-08-07T05:23:00","guid":{"rendered":"https:\/\/euapp01.newsmemory.com\/lamarseillaise\/news\/?p=38676"},"modified":"2026-08-13T07:03:44","modified_gmt":"2026-08-13T05:03:44","slug":"deux-offres-de-reprise-pour-le-verrier-duralex","status":"publish","type":"post","link":"https:\/\/euapp01.newsmemory.com\/lamarseillaise\/news\/2026\/08\/07\/deux-offres-de-reprise-pour-le-verrier-duralex\/","title":{"rendered":"Deux offres de reprise pour le verrier Duralex"},"content":{"rendered":"<div class=\"paragraph\">\n<p>Les candidats avaient jusqu\u2019\u00e0 jeudi midi pour se manifester\u00a0: deux ans seulement apr\u00e8s sa reprise par les salari\u00e9s sous forme de Scop (soci\u00e9t\u00e9 coop\u00e9rative et participative), Duralex joue \u00e0 nouveau son avenir devant le tribunal de commerce d\u2019Orl\u00e9ans. La verrerie de la Chapelle-Saint-Mesmin, dans le Loiret, plac\u00e9e en redressement judiciaire le 1<sup>er<\/sup>\u00a0juin dernier pour cause de \u00ab\u00a0tensions de tr\u00e9sorerie\u00a0\u00bb, cherche un repreneur.<\/p>\n<p>Parmi les candidats r\u00e9v\u00e9l\u00e9s \u00e0 l\u2019heure o\u00f9 nous \u00e9crivons ces lignes, le groupe fran\u00e7ais Carlesimo, sp\u00e9cialis\u00e9 dans la fonderie et la transformation de mat\u00e9riaux, qui avait annonc\u00e9 \u00e0 ICI Orl\u00e9ans le 10 juillet dernier \u00eatre \u00ab\u00a0<i>pr\u00eat \u00e0 investir cinq millions d\u2019euros de fonds propres pour relancer Duralex<\/i><i>\u00a0<\/i>\u00bb. Mais aussi l\u2019entrepreneur C\u00e9dric Meston, qui a rachet\u00e9 Tupperware France l\u2019an dernier et s\u2019\u00e9tait \u00e9galement positionn\u00e9 sur Brandt, en vain.<\/p>\n<p>Quand Jean-Christophe Chanjou, le fondateur d\u2019APAr, a indiqu\u00e9 se retirer de la course estimant, ce jeudi matin sur BFM Business que \u00ab\u00a0<i>le niveau d\u2019investissement \u00e0 r\u00e9aliser pour remettre l\u2019entreprise \u00e0 niveau nous semble d\u00e9mesur\u00e9<\/i><i>\u00a0<\/i>\u00bb. \u00ab\u00a0<i>Le crit\u00e8re fondamental, c\u2019est la viabilit\u00e9, est-ce que je peux tenir mes engagements, payer les salaires, mes cr\u00e9anciers. Les hypoth\u00e8ses que j\u2019ai faites pour sortir l\u2019entreprise de l\u2019eau me semblent avec mes moyens pas r\u00e9alisables<\/i><i>\u00a0<\/i>\u00bb<i>, <\/i>a-t-il pr\u00e9cis\u00e9 sur la cha\u00eene.<\/p>\n<\/p><\/div>\n<div class=\"intext\"> 250 salari\u00e9s dans l\u2019incertitude\n              <\/div>\n<div class=\"paragraph\">\n<p>Pour les 250 salari\u00e9s du site c\u2019est une nouvelle p\u00e9riode d\u2019incertitude qui s\u2019ouvre. C\u2019est la troisi\u00e8me fois en six ans &#8211; et la cinqui\u00e8me en moins de vingt ans &#8211; que l\u2019embl\u00e9matique verrerie fond\u00e9e en 1945 est plac\u00e9e en redressement judiciaire. 60% des travailleurs de l\u2019usine avaient investi dans la coop\u00e9rative, soutenue, y compris financi\u00e8rement, par la r\u00e9gion Centre-Val de Loire et Orl\u00e9ans M\u00e9tropole.<\/p>\n<p>\u00ab\u00a0<i>Il n\u2019est pas envisageable qu\u2019une nouvelle industrie en France connaisse le m\u00eame sort que toutes les autres avec ses milliers de travailleuses et de travailleurs et leur famille jet\u00e9s \u00e0 la rue<\/i><i>\u00a0<\/i><i>! \u00c0 l\u2019image de Brandt et de ses 700<\/i><i>\u00a0<\/i><i>travailleuses et travailleurs, la casse industrielle, le ch\u00f4mage de masse et la perte de souverainet\u00e9 dans la production industrielle n\u2019ont que trop dur\u00e9. Les salari\u00e9s ne sont pas des variables d\u2019ajustement et ne veulent plus perdre leur vie \u00e0 essayer de la gagner<\/i><i>\u00a0<\/i>\u00bb<i>, <\/i>alertait il y a un mois d\u00e9j\u00e0 dans un communiqu\u00e9 l\u2019UD\u00a0CGT 45.<\/p>\n<p>Pour le syndicat, \u00ab\u00a0<i>l\u2019industrie verri\u00e8re a un avenir en France et l\u2019engouement de la population fran\u00e7aise et mondiale pour cette marque embl\u00e9matique Duralex, symbole du &#8220;made in France&#8221; est porteur de perspectives solides et viables<\/i><i>\u00a0<\/i>\u00bb<i>. <\/i>En atteste la lev\u00e9e de fonds lanc\u00e9e \u00e0 l\u2019automne dernier avait enregistr\u00e9 pr\u00e8s de 20\u00a0millions d\u2019euros de promesses d\u2019investissement d\u2019environ 20\u00a0000\u00a0particuliers. Si les Fran\u00e7ais sont attach\u00e9s aux verres incassables qui \u00e9voquent l\u2019enfance, les investissements pour sauver l\u2019outil de production et ses salari\u00e9s sont n\u00e9cessaires. L\u2019audience est pr\u00e9vue le 17\u00a0septembre prochain.<\/p>\n<\/p><\/div>\n","protected":false},"excerpt":{"rendered":"Les candidats avaient jusqu&rsquo;&agrave; jeudi midi pour se manifester&nbsp;: deux ans seulement apr&egrave;s sa reprise par les salari&eacute;s sous forme de Scop (soci&eacute;t&eacute; coop&eacute;rative et participative), Duralex joue &agrave; &#8230;","protected":false},"author":1,"featured_media":38677,"comment_status":"open","ping_status":"open","sticky":false,"template":"","format":"standard","meta":{"footnotes":""},"categories":[3926,3925,338,1854,331],"tags":[113,301,3588,572,624,108,519,5422,3316,962],"news-destination":[3944],"news-source":[475],"is_homepage":[],"ta_other":[],"class_list":["post-38676","post","type-post","status-publish","format-standard","has-post-thumbnail","hentry","category-accueil-merge","category-accueil-third","category-economie","category-france","category-social","tag-cgt","tag-chomage","tag-duralex","tag-france","tag-industrie","tag-investissement","tag-investissements","tag-redressement-judiciaire","tag-reprise","tag-salaries","news-destination-homepage","news-source-website"],"_links":{"self":[{"href":"https:\/\/euapp01.newsmemory.com\/lamarseillaise\/news\/wp-json\/wp\/v2\/posts\/38676","targetHints":{"allow":["GET"]}}],"collection":[{"href":"https:\/\/euapp01.newsmemory.com\/lamarseillaise\/news\/wp-json\/wp\/v2\/posts"}],"about":[{"href":"https:\/\/euapp01.newsmemory.com\/lamarseillaise\/news\/wp-json\/wp\/v2\/types\/post"}],"author":[{"embeddable":true,"href":"https:\/\/euapp01.newsmemory.com\/lamarseillaise\/news\/wp-json\/wp\/v2\/users\/1"}],"replies":[{"embeddable":true,"href":"https:\/\/euapp01.newsmemory.com\/lamarseillaise\/news\/wp-json\/wp\/v2\/comments?post=38676"}],"version-history":[{"count":1,"href":"https:\/\/euapp01.newsmemory.com\/lamarseillaise\/news\/wp-json\/wp\/v2\/posts\/38676\/revisions"}],"predecessor-version":[{"id":38678,"href":"https:\/\/euapp01.newsmemory.com\/lamarseillaise\/news\/wp-json\/wp\/v2\/posts\/38676\/revisions\/38678"}],"wp:featuredmedia":[{"embeddable":true,"href":"https:\/\/euapp01.newsmemory.com\/lamarseillaise\/news\/wp-json\/wp\/v2\/media\/38677"}],"wp:attachment":[{"href":"https:\/\/euapp01.newsmemory.com\/lamarseillaise\/news\/wp-json\/wp\/v2\/media?parent=38676"}],"wp:term":[{"taxonomy":"category","embeddable":true,"href":"https:\/\/euapp01.newsmemory.com\/lamarseillaise\/news\/wp-json\/wp\/v2\/categories?post=38676"},{"taxonomy":"post_tag","embeddable":true,"href":"https:\/\/euapp01.newsmemory.com\/lamarseillaise\/news\/wp-json\/wp\/v2\/tags?post=38676"},{"taxonomy":"news-destination","embeddable":true,"href":"https:\/\/euapp01.newsmemory.com\/lamarseillaise\/news\/wp-json\/wp\/v2\/news-destination?post=38676"},{"taxonomy":"news-source","embeddable":true,"href":"https:\/\/euapp01.newsmemory.com\/lamarseillaise\/news\/wp-json\/wp\/v2\/news-source?post=38676"},{"taxonomy":"is_homepage","embeddable":true,"href":"https:\/\/euapp01.newsmemory.com\/lamarseillaise\/news\/wp-json\/wp\/v2\/is_homepage?post=38676"},{"taxonomy":"ta_other","embeddable":true,"href":"https:\/\/euapp01.newsmemory.com\/lamarseillaise\/news\/wp-json\/wp\/v2\/ta_other?post=38676"}],"curies":[{"name":"wp","href":"https:\/\/api.w.org\/{rel}","templated":true}]}}