{"id":38673,"date":"2026-08-07T07:36:00","date_gmt":"2026-08-07T05:36:00","guid":{"rendered":"https:\/\/euapp01.newsmemory.com\/lamarseillaise\/news\/?p=38673"},"modified":"2026-08-13T07:03:44","modified_gmt":"2026-08-13T05:03:44","slug":"le-spectre-de-lexpulsion-plane-sur-les-roms-de-la-valentine","status":"publish","type":"post","link":"https:\/\/euapp01.newsmemory.com\/lamarseillaise\/news\/2026\/08\/07\/le-spectre-de-lexpulsion-plane-sur-les-roms-de-la-valentine\/","title":{"rendered":"Le spectre de l\u2019expulsion plane sur les Roms de La Valentine"},"content":{"rendered":"<div class=\"paragraph\">\n<p>Pour le moment \u00ab\u00a0<i>rien n\u2019a boug\u00e9<\/i>\u00a0\u00bb mais message aurait \u00e9t\u00e9 pass\u00e9 aux travailleurs sociaux que l\u2019expulsion \u00e9tait d\u00e9finitivement pr\u00e9vue pour le mois d\u2019ao\u00fbt, assure Laurent Sapin, riverain du camp de fortune o\u00f9 se sont install\u00e9s depuis un peu moins de deux ans au moins 250\u00a0personnes, route de la Valentine (11<sup>e<\/sup>). <a href=\"https:\/\/www.lamarseillaise.fr\/societe\/a-marseille-plusieurs-dizaines-de-familles-menacees-d-expulsion-HC20551798\">Avec des militants LFI, le conseiller d\u2019arrondissements PCF, Michel Provost, des associatifs, il s\u2019\u00e9tait mobilis\u00e9 fin juillet pour alerter sur leur situation pr\u00e9caire<\/a>.<\/p>\n<p>L\u2019urgence est telle que l\u2019avocat des familles, Ma\u00eetre Borie a d\u00e9pos\u00e9 un r\u00e9f\u00e9r\u00e9 suspension, une date a \u00e9t\u00e9 fix\u00e9e au 24\u00a0ao\u00fbt nous indique-t-il ce jeudi 6\u00a0ao\u00fbt. La veille, il avait indiqu\u00e9 au pr\u00e9fet des Bouches-du-Rh\u00f4ne dans un courriel avoir fait appel de l\u2019ordonnance d\u2019expulsion du 24\u00a0d\u00e9cembre 2025, la Cour d\u2019Appel d\u2019Aix en Provence ayant \u00e9galement fix\u00e9 une audience au 23\u00a0f\u00e9vrier 2027. Pour l\u2019avocat, il s\u2019agit l\u00e0 d\u2019\u00ab\u00a0<i>une expulsion rapide, pour laquelle il n\u2019y a pas eu de contradictoire<\/i>\u00a0\u00bb, et donc \u00ab\u00a0<i>d\u00e9loyale<\/i>\u00a0\u00bb.<\/p>\n<p>Il ajoute aussi d\u2019autres \u00e9l\u00e9ments \u00ab\u00a0<i>nouveaux<\/i>\u00a0\u00bb \u00e0 son argumentaire. Objectant pour commencer que le propri\u00e9taire du terrain, Retail Prodev, une filiale du groupe Frey, ne l\u2019est pas enti\u00e8rement. La M\u00e9tropole en ayant achet\u00e9 une partie, 57\u00a0000\u00a0m\u00e8tres carr\u00e9s, le long de l\u2019Huveaune, pour r\u00e9aliser une voie verte, indique la d\u00e9lib\u00e9ration vot\u00e9e en octobre\u00a02024. Soit avant la d\u00e9cision pr\u00e9fectorale.<\/p>\n<\/p><\/div>\n<div class=\"intext\"> Une crise humanitaire\n              <\/div>\n<div class=\"paragraph\">\n<p>Ma\u00eetre Borie pointe \u00e9galement l\u2019absence de d\u00e9lais et de tr\u00eave lors de l\u2019ordonnance d\u2019expulsion. Il rappelle la \u00ab\u00a0<i>grave crise de l\u2019h\u00e9bergement d\u2019urgence \u00e0 Marseille<\/i>\u00a0\u00bb revenant sur la lettre commune envoy\u00e9e au pr\u00e9fet par les associations du SIAO, plateforme qui g\u00e8re notamment le\u00a0115. Ces derni\u00e8res refusant de r\u00e9pondre aux injonctions du repr\u00e9sentant de l\u2019\u00c9tat qui appelle \u00e0 r\u00e9duire drastiquement le nombre de places h\u00f4teli\u00e8res et donc \u00e0 remettre des personnes \u00e0 la rue.<\/p>\n<p>\u00ab\u00a0<i>Une \u00e9viction des habitants cr\u00e9erait une crise humanitaire sans pr\u00e9c\u00e9dent et des troubles \u00e0 l\u2019ordre public plus grave qu\u2019une violation momentan\u00e9e du droit de propri\u00e9t\u00e9<\/i><i>\u00a0<\/i>\u00bb, estime ma\u00eetre Borie qui estime que \u00ab\u00a0<i>les occupants, Prodev et la pr\u00e9fecture ont tout int\u00e9r\u00eat \u00e0 conclure un protocole d\u2019accord tripartite ou une convention d\u2019occupation pr\u00e9caire pour pr\u00e9voir une sortie du site \u00e0 une date certaine<\/i>\u00a0\u00bb. Un protocole qui permettrait entre autres \u00ab\u00a0<i>d\u2019\u00e9viter les surco\u00fbts, de r\u00e9aliser un diagnostic social des occupants, de les responsabiliser<\/i><i>\u00a0<\/i>\u00bb et aussi de \u00ab\u00a0<i>valoriser l\u2019image de Prodev comme acteur responsable<\/i>\u00a0\u00bb.<\/p>\n<p>En attendant, les soutiens aux familles ont promis d\u2019\u00eatre vigilants.<\/p>\n<\/p><\/div>\n","protected":false},"excerpt":{"rendered":"Pour le moment &laquo;&nbsp;rien n&rsquo;a boug&eacute;&nbsp;&raquo; mais message aurait &eacute;t&eacute; pass&eacute; aux travailleurs sociaux que l&rsquo;expulsion &eacute;tait d&eacute;finitivement pr&eacute;vue pour le mois d&rsquo;ao&ucirc;t, &#8230;","protected":false},"author":1,"featured_media":38674,"comment_status":"open","ping_status":"open","sticky":false,"template":"","format":"standard","meta":{"footnotes":""},"categories":[3926,3925,20],"tags":[2196,10,3609,5889,1405,754,106,541,16,1750,535,1263,250,185,1567,2692,197,4075],"news-destination":[3944],"news-source":[475],"is_homepage":[],"ta_other":[],"class_list":["post-38673","post","type-post","status-publish","format-standard","has-post-thumbnail","hentry","category-accueil-merge","category-accueil-third","category-societe","tag-avocat","tag-bouches-du-rhone","tag-crise-humanitaire","tag-decision","tag-expulsion","tag-familles","tag-habitants","tag-lfi","tag-marseille","tag-marseille-11e-arrondissement","tag-metropole","tag-militants","tag-pcf","tag-precaires","tag-prefet","tag-roms","tag-travailleurs-sociaux","tag-voie-verte","news-destination-homepage","news-source-website"],"_links":{"self":[{"href":"https:\/\/euapp01.newsmemory.com\/lamarseillaise\/news\/wp-json\/wp\/v2\/posts\/38673","targetHints":{"allow":["GET"]}}],"collection":[{"href":"https:\/\/euapp01.newsmemory.com\/lamarseillaise\/news\/wp-json\/wp\/v2\/posts"}],"about":[{"href":"https:\/\/euapp01.newsmemory.com\/lamarseillaise\/news\/wp-json\/wp\/v2\/types\/post"}],"author":[{"embeddable":true,"href":"https:\/\/euapp01.newsmemory.com\/lamarseillaise\/news\/wp-json\/wp\/v2\/users\/1"}],"replies":[{"embeddable":true,"href":"https:\/\/euapp01.newsmemory.com\/lamarseillaise\/news\/wp-json\/wp\/v2\/comments?post=38673"}],"version-history":[{"count":1,"href":"https:\/\/euapp01.newsmemory.com\/lamarseillaise\/news\/wp-json\/wp\/v2\/posts\/38673\/revisions"}],"predecessor-version":[{"id":38675,"href":"https:\/\/euapp01.newsmemory.com\/lamarseillaise\/news\/wp-json\/wp\/v2\/posts\/38673\/revisions\/38675"}],"wp:featuredmedia":[{"embeddable":true,"href":"https:\/\/euapp01.newsmemory.com\/lamarseillaise\/news\/wp-json\/wp\/v2\/media\/38674"}],"wp:attachment":[{"href":"https:\/\/euapp01.newsmemory.com\/lamarseillaise\/news\/wp-json\/wp\/v2\/media?parent=38673"}],"wp:term":[{"taxonomy":"category","embeddable":true,"href":"https:\/\/euapp01.newsmemory.com\/lamarseillaise\/news\/wp-json\/wp\/v2\/categories?post=38673"},{"taxonomy":"post_tag","embeddable":true,"href":"https:\/\/euapp01.newsmemory.com\/lamarseillaise\/news\/wp-json\/wp\/v2\/tags?post=38673"},{"taxonomy":"news-destination","embeddable":true,"href":"https:\/\/euapp01.newsmemory.com\/lamarseillaise\/news\/wp-json\/wp\/v2\/news-destination?post=38673"},{"taxonomy":"news-source","embeddable":true,"href":"https:\/\/euapp01.newsmemory.com\/lamarseillaise\/news\/wp-json\/wp\/v2\/news-source?post=38673"},{"taxonomy":"is_homepage","embeddable":true,"href":"https:\/\/euapp01.newsmemory.com\/lamarseillaise\/news\/wp-json\/wp\/v2\/is_homepage?post=38673"},{"taxonomy":"ta_other","embeddable":true,"href":"https:\/\/euapp01.newsmemory.com\/lamarseillaise\/news\/wp-json\/wp\/v2\/ta_other?post=38673"}],"curies":[{"name":"wp","href":"https:\/\/api.w.org\/{rel}","templated":true}]}}