{"id":38670,"date":"2026-08-07T07:39:00","date_gmt":"2026-08-07T05:39:00","guid":{"rendered":"https:\/\/euapp01.newsmemory.com\/lamarseillaise\/news\/?p=38670"},"modified":"2026-08-13T07:03:44","modified_gmt":"2026-08-13T05:03:44","slug":"a-chateaurenard-attal-pointe-la-demence-normative-francaise","status":"publish","type":"post","link":"https:\/\/euapp01.newsmemory.com\/lamarseillaise\/news\/2026\/08\/07\/a-chateaurenard-attal-pointe-la-demence-normative-francaise\/","title":{"rendered":"\u00c0 Ch\u00e2teaurenard, Attal pointe \u00ab&nbsp;la d\u00e9mence normative&nbsp;\u00bb fran\u00e7aise"},"content":{"rendered":"<div class=\"paragraph\">\n<p>Apr\u00e8s la Vend\u00e9e, les Yvelines, la Savoie, le Morbihan o\u00f9 le Finist\u00e8re, avec cette douteuse sortie m\u00e9diatique sur les aires d\u2019accueil des gens du voyage, la tourn\u00e9e estivale de campagne de Gabriel Attal, passait jeudi par les Bouches-du-Rh\u00f4ne et le March\u00e9 d\u2019int\u00e9r\u00eat national (MIN) de Chateaurenard.<\/p>\n<p><span class=\"mln_uppercase_mln\">\u00e0<\/span> l\u2019aube, entre deux cagettes de fruits et l\u00e9gumes, face aux agriculteurs, grossistes et acheteurs, le macroniste \u00e0 la chemise blanche, aurait pu parler de la baisse annonc\u00e9e de la production sous l\u2019effet du d\u00e9r\u00e8glement climatique. Il a choisi cette fois encore de gratter \u00e0 sa droite en rappelant sa volont\u00e9 de mettre fin \u00e0 la \u00ab<i>\u00a0<\/i><i>d\u00e9mence normative fran\u00e7aise<\/i><i>\u00a0<\/i>\u00bb, donnant l\u2019exemple d\u2019un agriculteur verbalis\u00e9 car un salari\u00e9 ne portait pas de chaussures de s\u00e9curit\u00e9 \u00ab\u00a0<i>en plein \u00e9t\u00e9<\/i><i>\u00a0<\/i>\u00bb.<\/p>\n<p>\u00ab<i>\u00a0<\/i><i>Ne pas avoir r\u00e9ussi \u00e0 lib\u00e9rer toutes les \u00e9nergies, tous ceux qui ont envie de faire et de travailler, c\u2019est peut-\u00eatre l\u2019un des \u00e9checs de ces derni\u00e8res ann\u00e9es<\/i><i>\u00a0<\/i>\u00bb, note celui qui entend aller plus loin dans la destruction du mod\u00e8le social fran\u00e7ais en promettant de \u00ab\u00a0<i>rapprocher le salaire net du salaire brut<\/i><i>\u00a0<\/i>\u00bb. Caressant les agriculteurs en leur promettant de lutter contre la concurrence d\u00e9loyale, il assure que leur revenu, et plus largement les salaires et les r\u00e9mun\u00e9rations fran\u00e7ais, sont une des quatre grandes priorit\u00e9s de son projet.<\/p>\n<\/p><\/div>\n","protected":false},"excerpt":{"rendered":"Apr&egrave;s la Vend&eacute;e, les Yvelines, la Savoie, le Morbihan o&ugrave; le Finist&egrave;re, avec cette douteuse sortie m&eacute;diatique sur les aires d&rsquo;accueil des gens du voyage, la tourn&eacute;e estivale de campagne de Gabriel &#8230;","protected":false},"author":1,"featured_media":38671,"comment_status":"open","ping_status":"open","sticky":false,"template":"","format":"standard","meta":{"footnotes":""},"categories":[3926,3925,330],"tags":[450,10,789,3208,851,231,1365,419,644,1025,53],"news-destination":[3944],"news-source":[475],"is_homepage":[],"ta_other":[],"class_list":["post-38670","post","type-post","status-publish","format-standard","has-post-thumbnail","hentry","category-accueil-merge","category-accueil-third","category-politique","tag-agriculteurs","tag-bouches-du-rhone","tag-campagne-electorale","tag-chateaurenard","tag-gabriel-attal","tag-gens-du-voyage","tag-producteurs","tag-rechauffement-climatique","tag-renaissance","tag-salaires","tag-travail","news-destination-homepage","news-source-website"],"_links":{"self":[{"href":"https:\/\/euapp01.newsmemory.com\/lamarseillaise\/news\/wp-json\/wp\/v2\/posts\/38670","targetHints":{"allow":["GET"]}}],"collection":[{"href":"https:\/\/euapp01.newsmemory.com\/lamarseillaise\/news\/wp-json\/wp\/v2\/posts"}],"about":[{"href":"https:\/\/euapp01.newsmemory.com\/lamarseillaise\/news\/wp-json\/wp\/v2\/types\/post"}],"author":[{"embeddable":true,"href":"https:\/\/euapp01.newsmemory.com\/lamarseillaise\/news\/wp-json\/wp\/v2\/users\/1"}],"replies":[{"embeddable":true,"href":"https:\/\/euapp01.newsmemory.com\/lamarseillaise\/news\/wp-json\/wp\/v2\/comments?post=38670"}],"version-history":[{"count":1,"href":"https:\/\/euapp01.newsmemory.com\/lamarseillaise\/news\/wp-json\/wp\/v2\/posts\/38670\/revisions"}],"predecessor-version":[{"id":38672,"href":"https:\/\/euapp01.newsmemory.com\/lamarseillaise\/news\/wp-json\/wp\/v2\/posts\/38670\/revisions\/38672"}],"wp:featuredmedia":[{"embeddable":true,"href":"https:\/\/euapp01.newsmemory.com\/lamarseillaise\/news\/wp-json\/wp\/v2\/media\/38671"}],"wp:attachment":[{"href":"https:\/\/euapp01.newsmemory.com\/lamarseillaise\/news\/wp-json\/wp\/v2\/media?parent=38670"}],"wp:term":[{"taxonomy":"category","embeddable":true,"href":"https:\/\/euapp01.newsmemory.com\/lamarseillaise\/news\/wp-json\/wp\/v2\/categories?post=38670"},{"taxonomy":"post_tag","embeddable":true,"href":"https:\/\/euapp01.newsmemory.com\/lamarseillaise\/news\/wp-json\/wp\/v2\/tags?post=38670"},{"taxonomy":"news-destination","embeddable":true,"href":"https:\/\/euapp01.newsmemory.com\/lamarseillaise\/news\/wp-json\/wp\/v2\/news-destination?post=38670"},{"taxonomy":"news-source","embeddable":true,"href":"https:\/\/euapp01.newsmemory.com\/lamarseillaise\/news\/wp-json\/wp\/v2\/news-source?post=38670"},{"taxonomy":"is_homepage","embeddable":true,"href":"https:\/\/euapp01.newsmemory.com\/lamarseillaise\/news\/wp-json\/wp\/v2\/is_homepage?post=38670"},{"taxonomy":"ta_other","embeddable":true,"href":"https:\/\/euapp01.newsmemory.com\/lamarseillaise\/news\/wp-json\/wp\/v2\/ta_other?post=38670"}],"curies":[{"name":"wp","href":"https:\/\/api.w.org\/{rel}","templated":true}]}}