{"id":38667,"date":"2026-08-07T07:11:00","date_gmt":"2026-08-07T05:11:00","guid":{"rendered":"https:\/\/euapp01.newsmemory.com\/lamarseillaise\/news\/?p=38667"},"modified":"2026-08-16T16:23:40","modified_gmt":"2026-08-16T14:23:40","slug":"predation-du-loup-les-eleveurs-laissent-eclater-leur-colere","status":"publish","type":"post","link":"https:\/\/euapp01.newsmemory.com\/lamarseillaise\/news\/2026\/08\/07\/predation-du-loup-les-eleveurs-laissent-eclater-leur-colere\/","title":{"rendered":"Pr\u00e9dation du loup&nbsp;: les \u00e9leveurs laissent \u00e9clater leur col\u00e8re"},"content":{"rendered":"<div class=\"paragraph\">\n<p>\u00ab <i>P<\/i><i>r\u00e9dation, un mensonge d\u2019\u00c9tat<\/i>\u00a0\u00bb<i>,<\/i> c\u2019\u00e9tait ce que l\u2019on pouvait lire sur la banderole attach\u00e9e aux grilles de la pr\u00e9fecture de Gap, ce mercredi soir. La manifestation a r\u00e9uni pr\u00e8s de 250\u00a0personnes, principalement issues des Jeunes Agriculteurs et de la FDSEA, m\u00eame s\u2019il y avait des repr\u00e9sentants de la Coordination rurale et un \u00e9lu de la Conf\u00e9d\u00e9ration paysanne. Les porte-parole des agriculteurs ont rencontr\u00e9 la sous-pr\u00e9f\u00e8te pour exprimer leur col\u00e8re et attendre une r\u00e9ponse de l\u2019\u00c9tat sur sa gestion du loup. Fin juillet, trois personnes ont \u00e9t\u00e9 arr\u00eat\u00e9es \u00e0 Cervi\u00e8res, soup\u00e7onn\u00e9es d\u2019avoir abattu ill\u00e9galement neuf loups en mars dernier. L\u2019arrestation et le proc\u00e8s \u00e0 venir ne sont pas les d\u00e9clencheurs de ce m\u00e9contentement mais l\u2019\u00e9tincelle qui a fait exploser une col\u00e8re accumul\u00e9e. \u00ab\u00a0<i>Aujourd\u2019hui, on d\u00e9nombre trois attaques par jour. La pr\u00e9dation est \u00e0 un tel niveau de pression, depuis tellement longtemps, il y a des gens qui sont tellement accul\u00e9s, qu\u2019on arrive \u00e0 un moment o\u00f9 des choses ill\u00e9gales se produisent, forc\u00e9ment<\/i><i>\u00a0<\/i><i>!<\/i>\u00a0\u00bb<i>, <\/i>d\u00e9nonce la pr\u00e9sidente de la FDSEA\u00a005, Christel Gagliardo.<\/p>\n<\/p><\/div>\n<div class=\"intext\"> \u00ab Surpopulation \u00bb\n              <\/div>\n<div class=\"paragraph\">\n<p>Si les populations de loup sont estim\u00e9es autour des 1\u00a0000\u00a0individus en France, les syndicats accusent l\u2019Office fran\u00e7ais de la biodiversit\u00e9 (OFB) de cacher les effectifs r\u00e9els. \u00ab\u00a0<i>Un chiffre sur l\u2019\u00e9volution de la pr\u00e9dation<\/i><i>\u00a0<\/i><i>: il y a une dizaine d\u2019ann\u00e9es c\u2019\u00e9tait seulement les d\u00e9partements de l\u2019arc alpin, l\u2019ann\u00e9e derni\u00e8re c\u2019\u00e9tait 62<\/i><i>\u00a0<\/i><i>ou 63<\/i><i>\u00a0<\/i><i>d\u00e9partements avec au moins un constat de dommage pour un total d\u2019entre 12<\/i><i>\u00a0<\/i><i>000<\/i><i>\u00a0<\/i><i>et 13<\/i><i>\u00a0<\/i><i>000<\/i><i>\u00a0<\/i><i>victimes nationales. On passe d\u2019une dizaine de d\u00e9partements \u00e0 63 en moins de dix ans. Il y a une r\u00e9elle probl\u00e9matique nationale sur la pr\u00e9dation<\/i>\u00a0\u00bb,<i> <\/i>d\u00e9veloppe Edouard Pierre, secr\u00e9taire de la FDSEA\u00a005. D\u00e9j\u00e0, en mai, une louve captur\u00e9e en Seine-Maritime, avait \u00e9t\u00e9 rel\u00e2ch\u00e9e dans l\u2019arc alpin, au grand dam des \u00e9leveurs. L\u2019animal a \u00e9t\u00e9 abattu dans un tir de pr\u00e9l\u00e8vement en juillet dans les Alpes-de-Haute-Provence, mais l\u2019\u00e9pisode est symptomatique d\u2019un manque de transparence que les \u00e9leveurs reprochent \u00e0 l\u2019OFB. \u00ab\u00a0<i>C\u2019est une esp\u00e8ce prot\u00e9g\u00e9e, donc on n\u2019a pas le droit de la capturer, de la d\u00e9placer. A priori, ces deux choses ont \u00e9t\u00e9 faites. Donc on veut des explications. Et pourquoi la d\u00e9placer dans l\u2019arc alpin o\u00f9 l\u2019on subit d\u00e9j\u00e0 beaucoup de pression<\/i><i>\u00a0<\/i><i>?<\/i>\u00a0\u00bb, questionne Edouard Pierre.<\/p>\n<p>Pour lui, l\u2019\u00c9tat sous-estime les cons\u00e9quences \u00e9conomiques de la pr\u00e9dation du loup pour les \u00e9leveurs. \u00ab\u00a0<i>Les exploitations sont impact\u00e9es, malgr\u00e9 le remboursement des moyens de protection \u00e0 hauteur de 80%, il y a 2<\/i><i>\u00a0<\/i><i>millions qui restent \u00e0 charge des exploitations tous les ans, sans compter toutes les b\u00eates qui ne sont pas prises en compte<\/i>\u00a0\u00bb, rappelle-t-il.<\/p>\n<\/p><\/div>\n<div class=\"intext\"> Les quotas d\u2019abattage en question\n              <\/div>\n<div class=\"paragraph\">\n<p>Autre motif de m\u00e9contentement\u00a0: le syst\u00e8me de plafond<b> <\/b>annuel de loups pouvant \u00eatre d\u00e9truits l\u00e9galement. Pour \u00e9viter une mortalit\u00e9 excessive, les autorit\u00e9s tiennent des plafonds pour limiter le nombre de tirs de d\u00e9fense des agriculteurs, qui, eux, plaident plut\u00f4t pour un principe de d\u00e9fense locale sans plafond. \u00ab<i>\u00a0<\/i><i>Nous, on dit que 100% des loups devraient \u00eatre tu\u00e9s en situation d\u2019attaque, et pas n\u2019importe o\u00f9, ou six mois apr\u00e8s comme c\u2019est le cas d\u2019une bonne partie des loups pr\u00e9lev\u00e9s actuellement<\/i>, pose Thomas Raso, repr\u00e9sentant de la Conf\u00e9d\u00e9ration Paysanne. <i>Aujourd\u2019hui, on a plusieurs attaques dans un m\u00eame endroit, on est dans la bonne zone, on a fait les papiers, on devrait pouvoir faire un tir mais on nous dit qu\u2019on ne peut pas parce qu\u2019on a d\u00e9j\u00e0 pr\u00e9lev\u00e9 deux loups ailleurs en France et que le nombre maximum a \u00e9t\u00e9 atteint. R\u00e9sultat, l\u2019\u00e9leveur ne peut qu\u2019aller ramasser ses carcasses.<\/i>\u00a0\u00bb<i> <\/i>Les repr\u00e9sentants agricoles ont dit ressortir sans r\u00e9ponse concr\u00e8te de la sous-pr\u00e9f\u00e8te, il y a donc fort \u00e0 parier que la manifestation de mercredi ne sera pas la derni\u00e8re.<\/p>\n<\/p><\/div>\n","protected":false},"excerpt":{"rendered":"&laquo; Pr&eacute;dation, un mensonge d&rsquo;&Eacute;tat&nbsp;&raquo;, c&rsquo;&eacute;tait ce que l&rsquo;on pouvait lire sur la banderole attach&eacute;e aux grilles de la pr&eacute;fecture de Gap, ce mercredi soir. La manifestation a &#8230;","protected":false},"author":1,"featured_media":38668,"comment_status":"open","ping_status":"open","sticky":false,"template":"","format":"standard","meta":{"footnotes":""},"categories":[3926,3924,338,333,20],"tags":[447,4768,84,1477,4237,2296,1872,3092,4261,364],"news-destination":[3944],"news-source":[475],"is_homepage":[],"ta_other":[],"class_list":["post-38667","post","type-post","status-publish","format-standard","has-post-thumbnail","hentry","category-accueil-merge","category-accueil-second","category-economie","category-environnement","category-societe","tag-agriculture","tag-alpes","tag-biodiversite","tag-confederation-paysanne","tag-eleveurs","tag-fdsea","tag-fnsea","tag-loups","tag-pastoralisme","tag-syndicats","news-destination-homepage","news-source-website"],"_links":{"self":[{"href":"https:\/\/euapp01.newsmemory.com\/lamarseillaise\/news\/wp-json\/wp\/v2\/posts\/38667","targetHints":{"allow":["GET"]}}],"collection":[{"href":"https:\/\/euapp01.newsmemory.com\/lamarseillaise\/news\/wp-json\/wp\/v2\/posts"}],"about":[{"href":"https:\/\/euapp01.newsmemory.com\/lamarseillaise\/news\/wp-json\/wp\/v2\/types\/post"}],"author":[{"embeddable":true,"href":"https:\/\/euapp01.newsmemory.com\/lamarseillaise\/news\/wp-json\/wp\/v2\/users\/1"}],"replies":[{"embeddable":true,"href":"https:\/\/euapp01.newsmemory.com\/lamarseillaise\/news\/wp-json\/wp\/v2\/comments?post=38667"}],"version-history":[{"count":1,"href":"https:\/\/euapp01.newsmemory.com\/lamarseillaise\/news\/wp-json\/wp\/v2\/posts\/38667\/revisions"}],"predecessor-version":[{"id":38669,"href":"https:\/\/euapp01.newsmemory.com\/lamarseillaise\/news\/wp-json\/wp\/v2\/posts\/38667\/revisions\/38669"}],"wp:featuredmedia":[{"embeddable":true,"href":"https:\/\/euapp01.newsmemory.com\/lamarseillaise\/news\/wp-json\/wp\/v2\/media\/38668"}],"wp:attachment":[{"href":"https:\/\/euapp01.newsmemory.com\/lamarseillaise\/news\/wp-json\/wp\/v2\/media?parent=38667"}],"wp:term":[{"taxonomy":"category","embeddable":true,"href":"https:\/\/euapp01.newsmemory.com\/lamarseillaise\/news\/wp-json\/wp\/v2\/categories?post=38667"},{"taxonomy":"post_tag","embeddable":true,"href":"https:\/\/euapp01.newsmemory.com\/lamarseillaise\/news\/wp-json\/wp\/v2\/tags?post=38667"},{"taxonomy":"news-destination","embeddable":true,"href":"https:\/\/euapp01.newsmemory.com\/lamarseillaise\/news\/wp-json\/wp\/v2\/news-destination?post=38667"},{"taxonomy":"news-source","embeddable":true,"href":"https:\/\/euapp01.newsmemory.com\/lamarseillaise\/news\/wp-json\/wp\/v2\/news-source?post=38667"},{"taxonomy":"is_homepage","embeddable":true,"href":"https:\/\/euapp01.newsmemory.com\/lamarseillaise\/news\/wp-json\/wp\/v2\/is_homepage?post=38667"},{"taxonomy":"ta_other","embeddable":true,"href":"https:\/\/euapp01.newsmemory.com\/lamarseillaise\/news\/wp-json\/wp\/v2\/ta_other?post=38667"}],"curies":[{"name":"wp","href":"https:\/\/api.w.org\/{rel}","templated":true}]}}