{"id":38664,"date":"2026-08-07T07:14:00","date_gmt":"2026-08-07T05:14:00","guid":{"rendered":"https:\/\/euapp01.newsmemory.com\/lamarseillaise\/news\/?p=38664"},"modified":"2026-08-13T07:03:44","modified_gmt":"2026-08-13T05:03:44","slug":"apres-la-terreur-cotignac-tente-de-reprendre-vie","status":"publish","type":"post","link":"https:\/\/euapp01.newsmemory.com\/lamarseillaise\/news\/2026\/08\/07\/apres-la-terreur-cotignac-tente-de-reprendre-vie\/","title":{"rendered":"Apr\u00e8s la terreur, Cotignac tente de reprendre vie"},"content":{"rendered":"<div class=\"paragraph\">\n<p>Labellis\u00e9 \u00ab\u00a0Plus beaux villages de France\u00a0\u00bb depuis 2022, ce n\u2019est malheureusement pas pour la beaut\u00e9 de ses ruelles et de son rocher que Cotignac a fait parler de lui ces derni\u00e8res semaines, mais pour l\u2019incendie du Gros Bessillon, qui l\u2019a menac\u00e9 plusieurs jours durant. \u00ab\u00a0<i>J\u2019ai eu peur, <a rel=\"noopener noreferrer\" href=\"https:\/\/www.lamarseillaise.fr\/societe\/50-a-100-nouveaux-departs-de-feu-dans-le-gros-bessillon-GF20529953\" target=\"_blank\">surtout le 23<\/a><\/i><a rel=\"noopener noreferrer\" href=\"https:\/\/www.lamarseillaise.fr\/societe\/50-a-100-nouveaux-departs-de-feu-dans-le-gros-bessillon-GF20529953\" target=\"_blank\"><i>\u00a0<\/i><i>juillet, avec le feu qui arrivait dans la ville<\/i><\/a>\u00a0\u00bb, avoue Jean-Pierre V\u00e9ran, maire de la commune depuis 36\u00a0ans, qui n\u2019avait \u00ab\u00a0<i>jamais connu rien de tel. En 1999, l\u2019incendie \u00e9tait sur le flan est de la commune, et cela ne nous avait pas menac\u00e9. L\u00e0, les flammes montaient \u00e0 10-15<\/i><i>\u00a0<\/i><i>m\u00e8tres. Le pr\u00e9fet \u00e9tait pr\u00eat \u00e0 \u00e9vacuer enti\u00e8rement<\/i>\u00a0\u00bb. Trop compliqu\u00e9 au vu des difficult\u00e9s d\u2019acc\u00e8s de certains secteurs, et de la panique que cela aurait produit. D\u00e9cision fut prise de confiner, et elle a port\u00e9 ses fruits.<\/p>\n<p>Aujourd\u2019hui, l\u2019heure est \u00e0 la renaissance, m\u00eame si la prudence est de mise \u00ab\u00a0<i>jusqu\u2019\u00e0 ce que le feu soit compl\u00e8tement circonscrit. Mais les festivit\u00e9s \u00e0 venir sont maintenues, il faut profiter, vivre. Les gens reviennent au village, les commerces retrouvent des clients, c\u2019est important<\/i><i>\u00a0<\/i>\u00bb, clame Jean-Pierre V\u00e9ran.<\/p>\n<\/p><\/div>\n<div class=\"intext\"> Certains revivent,<br \/>\n               <br \/>d\u2019autres ont tout perdu\n              <\/div>\n<div class=\"paragraph\">\n<p>Jeudi, au restaurant \u00ab\u00a0Le Temps de pose\u00a0\u00bb, sur la place de la mairie, Sophie, qui commence son service du midi, a en effet pu le constater\u00a0: \u00ab\u00a0<i>Il y a eu une forte baisse de fr\u00e9quentation dans le village. Beaucoup de personnes sont parties, des locations annul\u00e9es. L\u2019ambiance \u00e9tait angoissante et l\u2019air irrespirable. L\u00e0, c\u2019est revenu et \u00e7a nous fait extr\u00eamement plaisir<\/i>\u00a0\u00bb, souffle-t-elle. Car l\u2019activit\u00e9 touristique est un moteur \u00e0 Cotignac. D\u2019autant qu\u2019avec \u00ab\u00a0<i>la canicule, on a eu beaucoup moins de monde. On \u00e9tait tr\u00e8s inquiet pour la saison apr\u00e8s les feux<\/i>\u00a0\u00bb.<\/p>\n<p>\u00c0 table, on retrouve Ben, Sybelle et leur b\u00e9b\u00e9. Ces touristes venus du sud de Londres n\u2019ont pas renonc\u00e9 \u00e0 leur s\u00e9jour malgr\u00e9 la situation\u00a0: \u00ab\u00a0<i>Nous venons souvent, l\u2019endroit est tr\u00e8s beau et les gens vraiment gentils. Cela n\u2019a pas affect\u00e9 nos vacances, il est juste plus dur de trouver du pain et des l\u00e9gumes car les agriculteurs ont malheureusement perdu leurs r\u00e9coltes. On esp\u00e8re que cette triste situation va vite se r\u00e9soudre<\/i>\u00a0\u00bb.<\/p>\n<p>Parmi eux, il y a Eva. Elle vend ce qu\u2019il reste de ses plantes aromatiques et m\u00e9dicinales dans une boutique collaborative de la Grand Rue. <a rel=\"noopener noreferrer\" href=\"https:\/\/www.lamarseillaise.fr\/societe\/a-ponteves-1700-hectares-brules-triste-record-de-l-annee-en-provence-CF20520673\" target=\"_blank\">Le 21\u00a0juillet<\/a>, le feu a embras\u00e9 son terrain. Les sapeurs-pompiers ont pu sauver sa maison, mais pas ses 3\u00a0000\u00a0m<sup>2<\/sup> de plantations. \u00ab\u00a0<i>\u00c7a repr\u00e9sente un an de r\u00e9colte et de travail perdu, et des ann\u00e9es perdues pour replanter, r\u00e9colter \u00e0 nouveau&#8230; Mon atelier a aussi br\u00fbl\u00e9, donc je n\u2019ai plus rien pour transformer ce qu\u2019il reste<\/i>\u00a0\u00bb, se d\u00e9sole-t-elle, la gorge serr\u00e9e. Cette perte n\u2019est pas uniquement \u00e9conomique, car ces terres sont un h\u00e9ritage familial, sur lesquelles \u00ab\u00a0<i>chacun avait plant\u00e9 ses graines depuis des ann\u00e9es<\/i>\u00a0\u00bb. Et au-del\u00e0 de son cas personnel, la situation demeure difficile \u00e0 accepter\u00a0: \u00ab\u00a0<i>Les pompiers ont trop peu de moyens, tout ce que nos anciens ont fait, on l\u2019a balay\u00e9 pour des choses qui n\u2019ont pas de sens, comme la loi Duplomb et les orientations politiques qui vont contre nos int\u00e9r\u00eats. On a besoin de s\u00e9curit\u00e9, de ressources de biens communs pr\u00e9serv\u00e9s qui ne servent pas le profit<\/i>\u00a0\u00bb, s\u2019insurge-t-elle. Abasourdie, elle ne sait pas encore de quoi les prochains mois seront faits. <a rel=\"nofollow noopener noreferrer\" href=\"https:\/\/www.leetchi.com\/fr\/c\/soutien-eva-toscano-1840910\" target=\"_blank\">Une amie a ouvert une cagnotte pour l\u2019aider<\/a>, tandis que des structures comme la F\u00e9d\u00e9ration familles rurales du Var et l\u2019association Partageance, octroient des aides aux sinistr\u00e9s, pour compl\u00e9ter l\u2019action, bien minime, des assurances.<\/p>\n<\/p><\/div>\n<div class=\"paragraph\">\n<p><b>Le feu n\u2019a pas progress\u00e9 jeudi<\/b><\/p>\n<p>Dans une journ\u00e9e annonc\u00e9e risqu\u00e9e, avec un vent chaud et sec qui s\u2019est lev\u00e9 en fin de matin\u00e9e, et des rafales d\u00e9passant les 55 km\/h, les 850 sapeurs-pompiers mobilis\u00e9s et appuy\u00e9s par des h\u00e9licopt\u00e8res bombardiers d\u2019eau jeudi dans le Gros Bessillon sont parvenus \u00e0 contenir l\u2019incendie. Ils ont poursuivi leur travail sur les lisi\u00e8res, alors que des moyens de lutte avaient \u00e9t\u00e9 positionn\u00e9s sur des points sensibles pour contrer les reprises de feu. Plus d\u2019une dizaine se sont produites, et ont \u00e9t\u00e9 rapidement ma\u00eetris\u00e9es. Vendredi, une journ\u00e9e similaire s\u2019annonce, avec un vent et une chaleur soutenus. Les moyens pourront monter en puissance si besoin, avec notamment deux canadairs pos\u00e9s \u00e0 Hy\u00e8res, et l\u2019avion Dash, en plus des h\u00e9licopt\u00e8res bombardiers d\u2019eau.<\/p>\n<\/p><\/div>\n","protected":false},"excerpt":{"rendered":"Labellis&eacute; &laquo;&nbsp;Plus beaux villages de France&nbsp;&raquo; depuis 2022, ce n&rsquo;est malheureusement pas pour la beaut&eacute; de ses ruelles et de son rocher que Cotignac a fait parler de lui ces derni&egrave;res semaines, mais pour &#8230;","protected":false},"author":1,"featured_media":38665,"comment_status":"open","ping_status":"open","sticky":false,"template":"","format":"standard","meta":{"footnotes":""},"categories":[3926,3924,20],"tags":[450,177,696,3434,318,316,1673,4015,106,319,1396,1260,1034,1674,5879,6003,3600,4877,2003,260,159,31,160],"news-destination":[3944],"news-source":[475],"is_homepage":[],"ta_other":[],"class_list":["post-38664","post","type-post","status-publish","format-standard","has-post-thumbnail","hentry","category-accueil-merge","category-accueil-second","category-societe","tag-agriculteurs","tag-commercants","tag-commerces","tag-cotignac","tag-feu","tag-feu-de-foret","tag-feux","tag-feux-de-foret","tag-habitants","tag-incendie","tag-incendies","tag-lutte","tag-reportage","tag-sapeurs-pompiers","tag-sdis","tag-sdis-83","tag-sdis13","tag-sdis83","tag-sinistres","tag-solidarite","tag-touristes","tag-var","tag-vegetation","news-destination-homepage","news-source-website"],"_links":{"self":[{"href":"https:\/\/euapp01.newsmemory.com\/lamarseillaise\/news\/wp-json\/wp\/v2\/posts\/38664","targetHints":{"allow":["GET"]}}],"collection":[{"href":"https:\/\/euapp01.newsmemory.com\/lamarseillaise\/news\/wp-json\/wp\/v2\/posts"}],"about":[{"href":"https:\/\/euapp01.newsmemory.com\/lamarseillaise\/news\/wp-json\/wp\/v2\/types\/post"}],"author":[{"embeddable":true,"href":"https:\/\/euapp01.newsmemory.com\/lamarseillaise\/news\/wp-json\/wp\/v2\/users\/1"}],"replies":[{"embeddable":true,"href":"https:\/\/euapp01.newsmemory.com\/lamarseillaise\/news\/wp-json\/wp\/v2\/comments?post=38664"}],"version-history":[{"count":1,"href":"https:\/\/euapp01.newsmemory.com\/lamarseillaise\/news\/wp-json\/wp\/v2\/posts\/38664\/revisions"}],"predecessor-version":[{"id":38666,"href":"https:\/\/euapp01.newsmemory.com\/lamarseillaise\/news\/wp-json\/wp\/v2\/posts\/38664\/revisions\/38666"}],"wp:featuredmedia":[{"embeddable":true,"href":"https:\/\/euapp01.newsmemory.com\/lamarseillaise\/news\/wp-json\/wp\/v2\/media\/38665"}],"wp:attachment":[{"href":"https:\/\/euapp01.newsmemory.com\/lamarseillaise\/news\/wp-json\/wp\/v2\/media?parent=38664"}],"wp:term":[{"taxonomy":"category","embeddable":true,"href":"https:\/\/euapp01.newsmemory.com\/lamarseillaise\/news\/wp-json\/wp\/v2\/categories?post=38664"},{"taxonomy":"post_tag","embeddable":true,"href":"https:\/\/euapp01.newsmemory.com\/lamarseillaise\/news\/wp-json\/wp\/v2\/tags?post=38664"},{"taxonomy":"news-destination","embeddable":true,"href":"https:\/\/euapp01.newsmemory.com\/lamarseillaise\/news\/wp-json\/wp\/v2\/news-destination?post=38664"},{"taxonomy":"news-source","embeddable":true,"href":"https:\/\/euapp01.newsmemory.com\/lamarseillaise\/news\/wp-json\/wp\/v2\/news-source?post=38664"},{"taxonomy":"is_homepage","embeddable":true,"href":"https:\/\/euapp01.newsmemory.com\/lamarseillaise\/news\/wp-json\/wp\/v2\/is_homepage?post=38664"},{"taxonomy":"ta_other","embeddable":true,"href":"https:\/\/euapp01.newsmemory.com\/lamarseillaise\/news\/wp-json\/wp\/v2\/ta_other?post=38664"}],"curies":[{"name":"wp","href":"https:\/\/api.w.org\/{rel}","templated":true}]}}