{"id":38661,"date":"2026-08-07T07:07:00","date_gmt":"2026-08-07T05:07:00","guid":{"rendered":"https:\/\/euapp01.newsmemory.com\/lamarseillaise\/news\/?p=38661"},"modified":"2026-08-12T11:08:28","modified_gmt":"2026-08-12T09:08:28","slug":"la-greve-chez-haribo-prend-de-lampleur","status":"publish","type":"post","link":"https:\/\/euapp01.newsmemory.com\/lamarseillaise\/news\/2026\/08\/07\/la-greve-chez-haribo-prend-de-lampleur\/","title":{"rendered":"La gr\u00e8ve chez Haribo prend de l\u2019ampleur"},"content":{"rendered":"<div class=\"paragraph\">\n<p>Devant l\u2019usine d\u2019Haribo \u00e0 Marseille, l\u2019odeur du barbecue du piquet de gr\u00e8ve a remplac\u00e9 les \u00e9manations sucr\u00e9es qui sortent habituellement du site, ce jeudi.<\/p>\n<p>Il faut dire qu\u2019il fallait donner de la force aux plusieurs dizaines de personnes pr\u00e9sentes pour une mobilisation de soutien aux salari\u00e9s d\u00e8s 9\u00a0heures du matin et jusqu\u2019en d\u00e9but d\u2019apr\u00e8s-midi. \u00ab<i>\u00a0<\/i><i>Aujourd\u2019hui, on finit la 6<\/i><i><sup>e<\/sup><\/i><i>\u00a0<\/i><i>semaine de gr\u00e8ve, demain on attaque la septi\u00e8me. Il y a des salari\u00e9s qui ont plus de 60<\/i><i>\u00a0<\/i><i>heures de gr\u00e8ve<\/i><i>\u00a0<\/i><i>!<\/i><i>\u00a0<\/i>\u00bb, campe Jean-Pierre Martins, \u00e9lu CGT du site. Autour de lui, on retrouve les chasubles rouges estampill\u00e9es CGT du port de Marseille, de la Centrale de Gardanne, de La\u00a0Poste et des militants venus d\u2019Istres ou d\u2019Aubagne&#8230; Et pour cause\u00a0: Le dialogue social entre gr\u00e9vistes et direction est toujours au point mort d\u2019o\u00f9 le besoin urgent de solidarit\u00e9 envers les gr\u00e9vistes qui tiennent la dur\u00e9e. \u00ab<i>\u00a0<\/i><i>Rien n\u2019a boug\u00e9. La direction renvoie toujours au 28<\/i><i>\u00a0<\/i><i>septembre et essaie de mettre un peu la pression dans l\u2019usine pour qu\u2019on arr\u00eate la gr\u00e8ve<\/i><i>\u00a0<\/i>\u00bb, explique le syndicaliste. Avant de d\u00e9noncer\u00a0: \u00ab<i>\u00a0<\/i><i>Il y a un probl\u00e8me, cette situation est dingue<\/i><i>\u00a0<\/i><i>: notre mouvement est historique et ce qu\u2019on demande, ce n\u2019est pas exub\u00e9rant. Au fond, je pense qu\u2019ils esp\u00e8rent que le mouvement s\u2019essouffle<\/i><i>\u00a0<\/i>\u00bb. Une position d\u2019autant plus d\u00e9nonc\u00e9e que le confiseur n\u2019est pas vraiment en difficult\u00e9 financi\u00e8re\u00a0: \u00ab\u00a0<i>En 2020, Haribo faisait 12<\/i><i>\u00a0<\/i><i>millions d\u2019euros de b\u00e9n\u00e9fice net, et en 2025, c\u2019\u00e9tait 32<\/i><i>\u00a0<\/i><i>millions&#8230;<\/i><i>\u00a0<\/i>\u00bb, d\u00e9compte l\u2019\u00e9lu CGT. Au milieu des chapiteaux o\u00f9 sont install\u00e9es boissons et caisse de soutien, il y a aussi moult repr\u00e9sentants de partis politiques progressistes venus apporter leur pierre \u00e0 l\u2019\u00e9difice, tels que des militants de la France Insoumise, l\u2019\u00e9lu marseillais Herv\u00e9 Street (Debout\u00a0!) ou encore Charles Hoareau pour l\u2019ANC. Preuve que la lutte des gr\u00e9vistes re\u00e7oit un soutien quasi unanime dans la cit\u00e9 phoc\u00e9enne.<\/p>\n<\/p><\/div>\n<div class=\"intext\"> Marseille-Uz\u00e8s<br \/>\n               <br \/>m\u00eame combat\n              <\/div>\n<div class=\"paragraph\">\n<p>\u00ab<i>\u00a0<\/i><i>Nous sommes en soutien avec les travailleurs qui luttent. Les salari\u00e9s demandent une augmentation de salaire, ils ne demandent pas la lune mais un juste retour pour leur travail. Ils ne demandent pas la charit\u00e9, leurs revendications sont l\u00e9gitimes<\/i>\u00a0\u00bb, d\u00e9veloppe, pour le PCF, Ibrahim Mze, le conseiller municipal \u00e0 la Ville de Marseille. Il rejoint l\u2019analyse\u00a0: \u00ab\u00a0<i>Haribo engrange des b\u00e9n\u00e9fices, son activit\u00e9 est plus que rentable, c\u2019est normal que ses salari\u00e9s demandent une augmentation&#8230; La position de la direction est indigne<\/i><i>\u00a0<\/i><i>!<\/i><i>\u00a0<\/i>\u00bb.<\/p>\n<p>Le soutien re\u00e7u par les gr\u00e9vistes d\u00e9passe m\u00eame le d\u00e9partement puisqu\u2019une d\u00e9l\u00e9gation de leurs homologues de l\u2019usine d\u2019Uz\u00e8s, dans le Gard, a fait le d\u00e9placement. \u00ab<i>\u00a0<\/i><i>On a fait 12<\/i><i>\u00a0<\/i><i>jours de gr\u00e8ve, en lan\u00e7ant le mouvement en m\u00eame temps qu\u2019\u00e0 Marseille mais \u00e7a s\u2019est essouffl\u00e9. Du coup, on fait une journ\u00e9e de gr\u00e8ve chaque semaine pour venir soutenir les Marseillais<\/i><i>\u00a0<\/i>\u00bb, relate Guillaume Brante, d\u00e9l\u00e9gu\u00e9 syndical central CGT. Ce dernier est pour le moins remont\u00e9 contre sa direction\u00a0: \u00ab\u00a0<i>Qu\u2019ils ne nous parlent pas de dialogue social<\/i><i>\u00a0<\/i><i>! Il y en a pas. On n\u2019a jamais vu \u00e7a chez Haribo<\/i><i>\u00a0<\/i><i>: avant il y avait un esprit familial, maintenant ce n\u2019est que le pognon<\/i><i>\u00a0<\/i><i>!<\/i>\u00a0\u00bb. En tout cas, pour l\u2019heure et gr\u00e2ce \u00e0 l\u2019intelligence collective, les gr\u00e9vistes tiennent bon dans cette gr\u00e8ve marathon.<\/p>\n<\/p><\/div>\n","protected":false},"excerpt":{"rendered":"Devant l&rsquo;usine d&rsquo;Haribo &agrave; Marseille, l&rsquo;odeur du barbecue du piquet de gr&egrave;ve a remplac&eacute; les &eacute;manations sucr&eacute;es qui sortent habituellement du site, ce jeudi.","protected":false},"author":1,"featured_media":38662,"comment_status":"open","ping_status":"open","sticky":false,"template":"","format":"standard","meta":{"footnotes":""},"categories":[3926,3924,331],"tags":[10,876,2965,1180,16,134,1472,553,250,194,260,910],"news-destination":[3944],"news-source":[475],"is_homepage":[],"ta_other":[],"class_list":["post-38661","post","type-post","status-publish","format-standard","has-post-thumbnail","hentry","category-accueil-merge","category-accueil-second","category-social","tag-bouches-du-rhone","tag-greve","tag-grevistes","tag-marathon","tag-marseille","tag-mobilisation","tag-negociations","tag-partis-politiques","tag-pcf","tag-social","tag-solidarite","tag-travailleurs","news-destination-homepage","news-source-website"],"_links":{"self":[{"href":"https:\/\/euapp01.newsmemory.com\/lamarseillaise\/news\/wp-json\/wp\/v2\/posts\/38661","targetHints":{"allow":["GET"]}}],"collection":[{"href":"https:\/\/euapp01.newsmemory.com\/lamarseillaise\/news\/wp-json\/wp\/v2\/posts"}],"about":[{"href":"https:\/\/euapp01.newsmemory.com\/lamarseillaise\/news\/wp-json\/wp\/v2\/types\/post"}],"author":[{"embeddable":true,"href":"https:\/\/euapp01.newsmemory.com\/lamarseillaise\/news\/wp-json\/wp\/v2\/users\/1"}],"replies":[{"embeddable":true,"href":"https:\/\/euapp01.newsmemory.com\/lamarseillaise\/news\/wp-json\/wp\/v2\/comments?post=38661"}],"version-history":[{"count":1,"href":"https:\/\/euapp01.newsmemory.com\/lamarseillaise\/news\/wp-json\/wp\/v2\/posts\/38661\/revisions"}],"predecessor-version":[{"id":38663,"href":"https:\/\/euapp01.newsmemory.com\/lamarseillaise\/news\/wp-json\/wp\/v2\/posts\/38661\/revisions\/38663"}],"wp:featuredmedia":[{"embeddable":true,"href":"https:\/\/euapp01.newsmemory.com\/lamarseillaise\/news\/wp-json\/wp\/v2\/media\/38662"}],"wp:attachment":[{"href":"https:\/\/euapp01.newsmemory.com\/lamarseillaise\/news\/wp-json\/wp\/v2\/media?parent=38661"}],"wp:term":[{"taxonomy":"category","embeddable":true,"href":"https:\/\/euapp01.newsmemory.com\/lamarseillaise\/news\/wp-json\/wp\/v2\/categories?post=38661"},{"taxonomy":"post_tag","embeddable":true,"href":"https:\/\/euapp01.newsmemory.com\/lamarseillaise\/news\/wp-json\/wp\/v2\/tags?post=38661"},{"taxonomy":"news-destination","embeddable":true,"href":"https:\/\/euapp01.newsmemory.com\/lamarseillaise\/news\/wp-json\/wp\/v2\/news-destination?post=38661"},{"taxonomy":"news-source","embeddable":true,"href":"https:\/\/euapp01.newsmemory.com\/lamarseillaise\/news\/wp-json\/wp\/v2\/news-source?post=38661"},{"taxonomy":"is_homepage","embeddable":true,"href":"https:\/\/euapp01.newsmemory.com\/lamarseillaise\/news\/wp-json\/wp\/v2\/is_homepage?post=38661"},{"taxonomy":"ta_other","embeddable":true,"href":"https:\/\/euapp01.newsmemory.com\/lamarseillaise\/news\/wp-json\/wp\/v2\/ta_other?post=38661"}],"curies":[{"name":"wp","href":"https:\/\/api.w.org\/{rel}","templated":true}]}}