{"id":38658,"date":"2026-08-07T07:04:00","date_gmt":"2026-08-07T05:04:00","guid":{"rendered":"https:\/\/euapp01.newsmemory.com\/lamarseillaise\/news\/?p=38658"},"modified":"2026-08-12T10:53:06","modified_gmt":"2026-08-12T08:53:06","slug":"les-principaux-rendez-vous-en-region-pour-la-nuit-des-etoiles","status":"publish","type":"post","link":"https:\/\/euapp01.newsmemory.com\/lamarseillaise\/news\/2026\/08\/07\/les-principaux-rendez-vous-en-region-pour-la-nuit-des-etoiles\/","title":{"rendered":"Les principaux rendez-vous en r\u00e9gion pour la nuit des \u00e9toiles"},"content":{"rendered":"<div class=\"paragraph\">\n<p><i><span class=\"mln_uppercase_mln\"><\/span><\/i><\/p>\n<p><b> Aix-en-Provence.<\/b> <br \/>Conf\u00e9rence \u00ab\u00a0<i>Saint-Aubin, la plus <br \/>grosse m\u00e9t\u00e9orite de France<\/i>\u00a0\u00bb<i>.<\/i> <br \/>Le samedi 8\u00a0ao\u00fbt, de 14h30 \u00e0 16h, au Plan\u00e9tarium Peiresc.<\/p>\n<p><b> <\/b><b>Roquefort-la-B\u00e9doule.<\/b> <br \/>Observation du ciel au t\u00e9lescope et animation \u00ab\u00a0<i>Comprendre la pollution lumineuse<\/i>\u00a0\u00bb. Le samedi 8\u00a0ao\u00fbt, de 21h \u00e0 minuit, au Stade Baou Redon.<\/p>\n<p><b> <\/b><b>Martigues.<\/b> <br \/>Conf\u00e9rences, animations et observations. Le vendredi 7\u00a0ao\u00fbt, \u00e0 partir de 21h30, au Parking des Ragues.<\/p>\n<\/p><\/div>\n<div class=\"paragraph\">\n<p><i><span class=\"mln_uppercase_mln\"><\/span><\/i><\/p>\n<p><b> <\/b><b>Sanary-sur-Mer.<\/b> <br \/>Conf\u00e9rences suivies d\u2019observations \u00e0 l\u2019\u0153il nu ou avec instrument. <br \/>Le vendredi 7\u00a0ao\u00fbt, \u00e0 21h, et le samedi 8\u00a0ao\u00fbt, \u00e0 23h, au Parvis de la Chapelle.<\/p>\n<p><b> <\/b><b>Saint-Rapha\u00ebl. <br \/><\/b>Observations au t\u00e9lescope. <br \/>Le dimanche 9\u00a0ao\u00fbt, de 20h \u00e0 23h40, <br \/>\u00e0 l\u2019esplanade du Bachaga boualam.<\/p>\n<\/p><\/div>\n<div class=\"paragraph\">\n<p><i><span class=\"mln_uppercase_mln\"><\/span><\/i><\/p>\n<p><b> <\/b><b>Courth\u00e9zon. <br \/><\/b>\u00ab\u00a0<i>Val Seille sous les \u00e9toiles<\/i><i>\u00a0<\/i>\u00bb\u00a0: animations, conf\u00e9rence et observations. Le vendredi 28\u00a0ao\u00fbt, de 18h \u00e0 2h, au Parc Val Seille.<\/p>\n<p><b> <\/b><b>L\u2019Isle sur la Sorgue.<\/b> <br \/>Observations au t\u00e9lescope. Le samedi 8\u00a0ao\u00fbt, de 21h \u00e0 2h, au Stade Saint-Jean.<\/p>\n<p><b> <\/b><b>Robion.<\/b> <br \/>Formations de montreurs d\u2019\u00e9clipse avec Les Amis Astronomes Amateurs du Petit Robion. Jusqu\u2019au dimanche 9\u00a0ao\u00fbt, \u00e0 la Mairie de Robion.<\/p>\n<\/p><\/div>\n<div class=\"paragraph\">\n<p><span class=\"mln_uppercase_mln\"><\/span><\/p>\n<p><b> <\/b><b>Saint-\u00c9tienne-les-Orgues. <\/b>Conf\u00e9rence \u00ab\u00a0<i>Mondes Extraterrestres<\/i>\u00a0\u00bb. Le samedi 8\u00a0ao\u00fbt, de 20h30 \u00e0 22h, \u00e0 la station de Lure.<\/p>\n<p>Suivie d\u2019observations aux t\u00e9lescopes de n\u00e9buleuses et galaxies, de 22h30 \u00e0 02h30, au parking aux pieds des pistes de ski.<\/p>\n<p>Conf\u00e9rence \u00ab\u00a0<i>Com\u00e8tes<\/i><i>\u00a0<\/i><i>: archives du Syst\u00e8me Solaire<\/i>\u00a0\u00bb, le samedi 15\u00a0ao\u00fbt, de 20h30 \u00e0 22h, \u00e0 la station de Lure.<\/p>\n<\/p><\/div>\n<div class=\"paragraph\">\n<p><i><span class=\"mln_uppercase_mln\"><\/span><\/i><\/p>\n<p><b> <\/b><b>Les Orres. <br \/><\/b>Conf\u00e9rence \u00ab\u00a0<i>En attendant l\u2019\u00e9clipse du 12<\/i><i>\u00a0<\/i><i>ao\u00fbt<\/i><i>\u00a0<\/i>\u00bb. Le dimanche 9\u00a0ao\u00fbt, de 20h30 \u00e0 23h, \u00e0 l\u2019espace rencontre et culture.<\/p>\n<p><b> <\/b><b>La Roche des Arnauds.<\/b> <br \/>Projection d\u2019un documentaire<b> <\/b>sur les \u00e9clipses et observations, ce vendredi 7\u00a0ao\u00fbt, de 21h \u00e0 minuit, \u00e0 l\u2019Observatoire Copernic.<\/p>\n<\/p><\/div>\n<div class=\"paragraph\">\n<p>Andr\u00e9a Goyard de Castro<\/p>\n<\/p><\/div>\n","protected":false},"excerpt":{"rendered":"Bouches-du-Rh&ocirc;ne Aix-en-Provence. Conf&eacute;rence &laquo;&nbsp;Saint-Aubin, la plus grosse m&eacute;t&eacute;orite de France&nbsp;&raquo;. Le samedi 8&nbsp;ao&ucirc;t, de 14h30 &agrave; 16h, au Plan&eacute;tarium Peiresc. &#8230;","protected":false},"author":1,"featured_media":38659,"comment_status":"open","ping_status":"open","sticky":false,"template":"","format":"standard","meta":{"footnotes":""},"categories":[3926,3925,20],"tags":[1277,225,952,1314,41,86,222,6218],"news-destination":[3944],"news-source":[475],"is_homepage":[],"ta_other":[],"class_list":["post-38658","post","type-post","status-publish","format-standard","has-post-thumbnail","hentry","category-accueil-merge","category-accueil-third","category-societe","tag-animations","tag-ciel","tag-conferences","tag-documentaire","tag-etoiles","tag-region","tag-region-sud-paca","tag-systeme-solaire","news-destination-homepage","news-source-website"],"_links":{"self":[{"href":"https:\/\/euapp01.newsmemory.com\/lamarseillaise\/news\/wp-json\/wp\/v2\/posts\/38658","targetHints":{"allow":["GET"]}}],"collection":[{"href":"https:\/\/euapp01.newsmemory.com\/lamarseillaise\/news\/wp-json\/wp\/v2\/posts"}],"about":[{"href":"https:\/\/euapp01.newsmemory.com\/lamarseillaise\/news\/wp-json\/wp\/v2\/types\/post"}],"author":[{"embeddable":true,"href":"https:\/\/euapp01.newsmemory.com\/lamarseillaise\/news\/wp-json\/wp\/v2\/users\/1"}],"replies":[{"embeddable":true,"href":"https:\/\/euapp01.newsmemory.com\/lamarseillaise\/news\/wp-json\/wp\/v2\/comments?post=38658"}],"version-history":[{"count":2,"href":"https:\/\/euapp01.newsmemory.com\/lamarseillaise\/news\/wp-json\/wp\/v2\/posts\/38658\/revisions"}],"predecessor-version":[{"id":38757,"href":"https:\/\/euapp01.newsmemory.com\/lamarseillaise\/news\/wp-json\/wp\/v2\/posts\/38658\/revisions\/38757"}],"wp:featuredmedia":[{"embeddable":true,"href":"https:\/\/euapp01.newsmemory.com\/lamarseillaise\/news\/wp-json\/wp\/v2\/media\/38659"}],"wp:attachment":[{"href":"https:\/\/euapp01.newsmemory.com\/lamarseillaise\/news\/wp-json\/wp\/v2\/media?parent=38658"}],"wp:term":[{"taxonomy":"category","embeddable":true,"href":"https:\/\/euapp01.newsmemory.com\/lamarseillaise\/news\/wp-json\/wp\/v2\/categories?post=38658"},{"taxonomy":"post_tag","embeddable":true,"href":"https:\/\/euapp01.newsmemory.com\/lamarseillaise\/news\/wp-json\/wp\/v2\/tags?post=38658"},{"taxonomy":"news-destination","embeddable":true,"href":"https:\/\/euapp01.newsmemory.com\/lamarseillaise\/news\/wp-json\/wp\/v2\/news-destination?post=38658"},{"taxonomy":"news-source","embeddable":true,"href":"https:\/\/euapp01.newsmemory.com\/lamarseillaise\/news\/wp-json\/wp\/v2\/news-source?post=38658"},{"taxonomy":"is_homepage","embeddable":true,"href":"https:\/\/euapp01.newsmemory.com\/lamarseillaise\/news\/wp-json\/wp\/v2\/is_homepage?post=38658"},{"taxonomy":"ta_other","embeddable":true,"href":"https:\/\/euapp01.newsmemory.com\/lamarseillaise\/news\/wp-json\/wp\/v2\/ta_other?post=38658"}],"curies":[{"name":"wp","href":"https:\/\/api.w.org\/{rel}","templated":true}]}}