{"id":38655,"date":"2026-08-07T06:56:00","date_gmt":"2026-08-07T04:56:00","guid":{"rendered":"https:\/\/euapp01.newsmemory.com\/lamarseillaise\/news\/?p=38655"},"modified":"2026-08-12T10:38:31","modified_gmt":"2026-08-12T08:38:31","slug":"la-nuit-des-etoiles-se-prepare-a-st-michel","status":"publish","type":"post","link":"https:\/\/euapp01.newsmemory.com\/lamarseillaise\/news\/2026\/08\/07\/la-nuit-des-etoiles-se-prepare-a-st-michel\/","title":{"rendered":"La nuit des \u00e9toiles se pr\u00e9pare \u00e0 St-Michel"},"content":{"rendered":"<div class=\"paragraph\">\n<p>\u00ab <i>C<\/i><i>\u2019est notre plus grande soir\u00e9e de l\u2019ann\u00e9e<\/i><i>\u00a0<\/i>\u00bb\u00a0: au centre d\u2019astronomie de Saint-Michel-l\u2019Observatoire, salari\u00e9s, renforts saisonniers et b\u00e9n\u00e9voles recrut\u00e9s sp\u00e9cialement pour l\u2019occasion s\u2019activent pour pr\u00e9parer la nuit des \u00e9toiles, qui rassemble chaque ann\u00e9e de nombreux amateurs d\u2019astronomie dans le village, situ\u00e9 pr\u00e8s de Forcalquier. 70\u00a0personnes travaillent sur l\u2019organisation de la soir\u00e9e de samedi, pour laquelle ils attendent 1\u00a0200\u00a0visiteurs, explique Fabien Marquet, le directeur du centre d\u2019astronomie. Apr\u00e8s une ouverture des portes \u00e0 18h30, la soir\u00e9e d\u00e9butera \u00e0 19h avec \u00ab\u00a0<i>un ap\u00e9ro scientifique en plein air, sur le th\u00e8me de comment les terriens essaient de communiquer avec les aliens<\/i><i>\u00a0<\/i>\u00bb, d\u00e9taille Paloma Huppert, responsable p\u00e9dagogique et m\u00e9diatrice scientifique. \u00c0 partir de 21h30, trois p\u00f4les d\u2019animation se mettront en place\u00a0: une lecture du ciel au laser, pendant laquelle les animateurs relieront les \u00e9toiles entre elles pour former les constellations\u00a0; une conf\u00e9rence de l\u2019astrophysicien Guillaume Trap, qui parlera des voyages interstellaires\u00a0; et un spectacle de contes. \u00c0 partir de 22h30, les visiteurs pourront se d\u00e9placer de t\u00e9lescope en t\u00e9lescope et observer des objets c\u00e9lestes.<\/p>\n<p>Une ribambelle de fid\u00e8les b\u00e9n\u00e9voles vient pr\u00eater main-forte pour cette soir\u00e9e exceptionnelle\u00a0: \u00ab\u00a0<i>c\u2019est la seule fois de l\u2019ann\u00e9e o\u00f9 c\u2019est le cas. Je me bats tous les jours pour qu\u2019on continue \u00e0 donner des salaires<\/i><i>\u00a0<\/i>\u00bb, clarifie le directeur du centre. L\u2019association recrute \u00e9galement quinze \u00ab\u00a0j<i>eunes passionn\u00e9s d\u2019astronomie<\/i><i>\u00a0<\/i>\u00bb en renfort pendant l\u2019\u00e9t\u00e9.<\/p>\n<p>Le centre d\u2019astronomie de Saint-Michel-l\u2019Observatoire est n\u00e9 en 1998 \u00ab\u00a0<i>d\u2019un souhait du d\u00e9partement et de l\u2019Observatoire de Haute-Provence<\/i><i>\u00a0<\/i>\u00bb, explique Fabien Marquet. Le d\u00e9partement a mis \u00e0 disposition de l\u2019association ses locaux et son terrain pour mener \u00e0 bien ce projet. \u00ab\u00a0<i>Le d\u00e9partement nous a confi\u00e9 une mission de diffusion de la culture scientifique au plus grand nombre, \u00e0 des tarifs pr\u00e9f\u00e9rentiels<\/i><i>\u00a0<\/i>\u00bb, relate le directeur. La R\u00e9gion accompagne \u00e9galement le centre d\u2019astronomie\u00a0: les deux collectivit\u00e9s repr\u00e9sentaient 14% de son budget de fonctionnement en 2025.<\/p>\n<p>Chaque ann\u00e9e, le centre re\u00e7oit 5\u00a0000\u00a0scolaires, du CP \u00e0 la terminale. \u00ab\u00a0<i>On colle au programme d\u2019astronomie qu\u2019ils ont \u00e0 l\u2019\u00e9cole. C\u2019est pour cela que les enseignants viennent chez nous<\/i><i>\u00a0<\/i>\u00bb, explique Fabien Marquet. Le centre peut m\u00eame les accueillir pour manger et dormir sur place pour des s\u00e9jours d\u2019astronomie, avec 80\u00a0lits \u00e0 disposition. Des cousinades ou des s\u00e9minaires d\u2019entreprise peuvent \u00e9galement y \u00eatre organis\u00e9s. 34\u00a0000\u00a0visiteurs sont accueillis chaque ann\u00e9e.<\/p>\n<p>\u00ab\u00a0<i>Notre mission est de susciter des vocations chez les plus jeunes, et plus particuli\u00e8rement chez les jeunes femmes<\/i><i>\u00a0<\/i>\u00bb, avance le directeur du centre. \u00ab\u00a0<i>J\u2019ai d\u00e9sormais plus de m\u00e9diatrices que de m\u00e9diateurs scientifiques<\/i><i>\u00a0<\/i><i>: c\u2019est une tr\u00e8s bonne nouvelle pour la place des jeunes femmes dans notre soci\u00e9t\u00e9, encore plus sur le volet de la culture scientifique<\/i><i>\u00a0<\/i>\u00bb, se r\u00e9jouit-il. \u00ab\u00a0<i>On n\u2019encourage pas les jeunes femmes \u00e0 faire des parcours scientifiques \u00e0 l\u2019\u00e9cole<\/i><i>\u00a0<\/i>\u00bb, regrette-t-il. Le centre est d\u2019ailleurs en train de travailler sur une exposition mettant en avant les femmes scientifiques qui ont collabor\u00e9 avec lui. \u00ab\u00a0<i>On va leur demander quel est le message qu\u2019elles veulent passer aux jeunes filles, pourquoi c\u2019est important d\u2019\u00eatre une femme scientifique aujourd\u2019hui dans notre soci\u00e9t\u00e9&#8230;<\/i><i>\u00a0<\/i>\u00bb, d\u00e9taille Fabien Marquet.<\/p>\n<\/p><\/div>\n<div class=\"intext\"> Une immersion<br \/>\n               <br \/>dans un vaisseau spatial\n              <\/div>\n<div class=\"paragraph\">\n<p>Le plan\u00e9tarium, ouvert en 2022, permet d\u2019\u00eatre immerg\u00e9<br \/>\u00ab\u00a0<i>dans un vaisseau spatial, une machine \u00e0 voyager dans le temps<\/i><i>\u00a0<\/i>\u00bb. Les s\u00e9ances peuvent \u00eatre sur le th\u00e8me des trous noirs, des exoplan\u00e8tes, ou encore adapt\u00e9es pour les tout-petits. Mardi, c\u2019\u00e9tait Maude Bodineau qui animait une s\u00e9ance pour les enfants, hilares et curieux de d\u00e9couvrir n\u00e9buleuses, crat\u00e8res et constellations, apr\u00e8s avoir visionn\u00e9 un film d\u2019animation sur l\u2019astronomie et l\u2019exploration spatiale. Monique et Alain Troin y ont emmen\u00e9 leurs deux petits-enfants, Arthur et Oc\u00e9ane Tr\u00e9bern, venus d\u2019Eure-et-Loir pour les vacances. \u00ab\u00a0<i>Comme il y a l\u2019\u00e9clipse solaire le<\/i><i>\u00a0<\/i><i>12, on voulait qu\u2019ils comprennent comment cela fonctionne. On leur a achet\u00e9 des lunettes pour l\u2019observer<\/i><i>\u00a0<\/i>\u00bb, explique la grand-m\u00e8re, venue sp\u00e9cialement de Marseille pour visiter le centre.<\/p>\n<p>Ya\u00ebl Moussouni, grand passionn\u00e9 d\u2019astronomie, vient chaque ann\u00e9e depuis Strasbourg pr\u00eater main-forte au centre, en tant que salari\u00e9 renfort d\u2019\u00e9t\u00e9, puis b\u00e9n\u00e9vole. Le jeune homme a vu l\u2019annonce sur un groupe WhatsApp d\u2019astronomie amateur, alors qu\u2019il poss\u00e9dait d\u00e9j\u00e0 un t\u00e9lescope. \u00ab\u00a0<i>M\u00eame en tant que passionn\u00e9, on apprend toujours de nouvelles choses, notamment avec les questions du public<\/i><i>\u00a0<\/i>\u00bb, se r\u00e9jouit-il.<\/p>\n<p>Le centre organise \u00e9galement une soir\u00e9e \u00e0 l\u2019occasion de l\u2019\u00e9clipse solaire mercredi, d\u00e9j\u00e0 compl\u00e8te depuis un mois, victime de son succ\u00e8s. Le 15\u00a0ao\u00fbt, pour sa derni\u00e8re grande soir\u00e9e, le centre a invit\u00e9 Ya\u00ebl Naz\u00e9, une astrophysicienne belge, pour \u00ab\u00a0<i>la conf\u00e9rence dont vous \u00eates le h\u00e9ros<\/i><i>\u00a0<\/i>\u00bb\u00a0: l\u2019intervenante construira sa conf\u00e9rence en fonction des questions du public. De l\u2019observation au t\u00e9lescope sera \u00e9galement \u00e0 nouveau propos\u00e9e.<\/p>\n<p>Le village de Saint-Michel-l\u2019Observatoire h\u00e9berge \u00e9galement l\u2019Observatoire de Haute-Provence, o\u00f9 la premi\u00e8re exoplan\u00e8te a \u00e9t\u00e9 d\u00e9couverte en 1995. \u00ab\u00a0<i>C\u2019est l\u2019un des seuls observatoires qui a une programmation de recherche scientifique aussi forte, tr\u00e8s clairement<\/i><i>\u00a0<\/i>\u00bb, assure Fabien Marquet.<\/p>\n<\/p><\/div>\n<div class=\"paragraph\">\n<p>Retrouver<a href=\"https:\/\/www.lamarseillaise.fr\/societe\/les-principaux-rendez-vous-en-region-pour-la-nuit-des-etoiles-PA20574290\"> ici les rendez-vous<\/a> en r\u00e9gion.<\/p>\n<\/p><\/div>\n","protected":false},"excerpt":{"rendered":"&laquo; C&rsquo;est notre plus grande soir&eacute;e de l&rsquo;ann&eacute;e&nbsp;&raquo;&nbsp;: au centre d&rsquo;astronomie de Saint-Michel-l&rsquo;Observatoire, salari&eacute;s, renforts saisonniers et b&eacute;n&eacute;voles recrut&eacute;s &#8230;","protected":false},"author":1,"featured_media":38656,"comment_status":"open","ping_status":"open","sticky":false,"template":"","format":"standard","meta":{"footnotes":""},"categories":[3923,3926,20],"tags":[4768,4467,224,26,41,227,6219,228,1034,353,51],"news-destination":[3944],"news-source":[475],"is_homepage":[],"ta_other":[],"class_list":["post-38655","post","type-post","status-publish","format-standard","has-post-thumbnail","hentry","category-accueil-first","category-accueil-merge","category-societe","tag-alpes","tag-alpes-de-haute-provence","tag-astronomie","tag-environnement","tag-etoiles","tag-exoplanete","tag-nuit-des-etoiles","tag-observatoire","tag-reportage","tag-sciences","tag-societe","news-destination-homepage","news-source-website"],"_links":{"self":[{"href":"https:\/\/euapp01.newsmemory.com\/lamarseillaise\/news\/wp-json\/wp\/v2\/posts\/38655","targetHints":{"allow":["GET"]}}],"collection":[{"href":"https:\/\/euapp01.newsmemory.com\/lamarseillaise\/news\/wp-json\/wp\/v2\/posts"}],"about":[{"href":"https:\/\/euapp01.newsmemory.com\/lamarseillaise\/news\/wp-json\/wp\/v2\/types\/post"}],"author":[{"embeddable":true,"href":"https:\/\/euapp01.newsmemory.com\/lamarseillaise\/news\/wp-json\/wp\/v2\/users\/1"}],"replies":[{"embeddable":true,"href":"https:\/\/euapp01.newsmemory.com\/lamarseillaise\/news\/wp-json\/wp\/v2\/comments?post=38655"}],"version-history":[{"count":1,"href":"https:\/\/euapp01.newsmemory.com\/lamarseillaise\/news\/wp-json\/wp\/v2\/posts\/38655\/revisions"}],"predecessor-version":[{"id":38657,"href":"https:\/\/euapp01.newsmemory.com\/lamarseillaise\/news\/wp-json\/wp\/v2\/posts\/38655\/revisions\/38657"}],"wp:featuredmedia":[{"embeddable":true,"href":"https:\/\/euapp01.newsmemory.com\/lamarseillaise\/news\/wp-json\/wp\/v2\/media\/38656"}],"wp:attachment":[{"href":"https:\/\/euapp01.newsmemory.com\/lamarseillaise\/news\/wp-json\/wp\/v2\/media?parent=38655"}],"wp:term":[{"taxonomy":"category","embeddable":true,"href":"https:\/\/euapp01.newsmemory.com\/lamarseillaise\/news\/wp-json\/wp\/v2\/categories?post=38655"},{"taxonomy":"post_tag","embeddable":true,"href":"https:\/\/euapp01.newsmemory.com\/lamarseillaise\/news\/wp-json\/wp\/v2\/tags?post=38655"},{"taxonomy":"news-destination","embeddable":true,"href":"https:\/\/euapp01.newsmemory.com\/lamarseillaise\/news\/wp-json\/wp\/v2\/news-destination?post=38655"},{"taxonomy":"news-source","embeddable":true,"href":"https:\/\/euapp01.newsmemory.com\/lamarseillaise\/news\/wp-json\/wp\/v2\/news-source?post=38655"},{"taxonomy":"is_homepage","embeddable":true,"href":"https:\/\/euapp01.newsmemory.com\/lamarseillaise\/news\/wp-json\/wp\/v2\/is_homepage?post=38655"},{"taxonomy":"ta_other","embeddable":true,"href":"https:\/\/euapp01.newsmemory.com\/lamarseillaise\/news\/wp-json\/wp\/v2\/ta_other?post=38655"}],"curies":[{"name":"wp","href":"https:\/\/api.w.org\/{rel}","templated":true}]}}