{"id":38651,"date":"2026-08-07T06:35:00","date_gmt":"2026-08-07T04:35:00","guid":{"rendered":"https:\/\/euapp01.newsmemory.com\/lamarseillaise\/news\/?p=38651"},"modified":"2026-08-07T10:04:30","modified_gmt":"2026-08-07T08:04:30","slug":"releverla-tete","status":"publish","type":"post","link":"https:\/\/euapp01.newsmemory.com\/lamarseillaise\/news\/2026\/08\/07\/releverla-tete\/","title":{"rendered":"Relever la t\u00eate"},"content":{"rendered":"<div class=\"paragraph\">\n<p>Relever la t\u00eate et regarder les \u00e9toiles. La symbolique de ces journ\u00e9es d\u2019observation \u00e0 forte valeur p\u00e9dagogique d\u00e9passe largement le cadre scientifique. Certes, les passionn\u00e9s d\u2019astronomie vont partager leurs connaissances et leur mat\u00e9riel pendant ces grands rendez-vous donn\u00e9s aux quatre coins de la r\u00e9gion pour, une fois de plus, s\u2019\u00e9merveiller du spectacle grandiose de ces nuits des \u00e9toiles. L\u2019occasion aussi, \u00e9videmment, de m\u00e9diter sur le temps, l\u2019\u00e9loignement, l\u2019espace, \u00e0 ce qui nous d\u00e9passe sans cesse et que l\u2019on ignore la plupart du temps. L\u2019\u00e9v\u00e8nement force \u00e0 changer d\u2019\u00e9chelle, \u00e0 prendre du recul les yeux fix\u00e9s sur une multitude de points lumineux qui vont \u00e9clairer le ciel pendant quelques jours.<\/p>\n<p><b>De la magie aux sciences<\/b><\/p>\n<p>Et comme le dit si bien le directeur du centre d\u2019astronomie de Saint-Michel-l\u2019Observatoire, c\u2019est une belle occasion de \u00ab\u00a0<i>susciter des vocations<\/i>\u00a0\u00bb, de forcer l\u2019admiration et la curiosit\u00e9 des futures g\u00e9n\u00e9rations de scientifiques, parmi les gar\u00e7ons et les filles &#8211; de plus en plus nombreuses &#8211; souhaitant comprendre ces ph\u00e9nom\u00e8nes longtemps consid\u00e9r\u00e9s comme magiques. Car l\u2019astronomie est aussi un de ces fils t\u00e9nus qui permet aux citoyens de sortir des croyances pour appr\u00e9hender les sciences. Une logique cart\u00e9sienne, qui inclut aussi le doute, l\u2019absence de r\u00e9ponse imm\u00e9diate, pour laisser place \u00e0 la r\u00e9flexion, l\u2019analyse, le questionnement.<\/p>\n<p>Faut-il encore privil\u00e9gier une telle approche au quotidien, dans le cadre scolaire et extrascolaire, s\u2019en donner les moyens \u00e0 l\u2019\u00e9chelle nationale, pour la construction des citoyens de demain.<\/p>\n<\/p><\/div>\n","protected":false},"excerpt":{"rendered":"Relever la t&ecirc;te et regarder les &eacute;toiles. La symbolique de ces journ&eacute;es d&rsquo;observation &agrave; forte valeur p&eacute;dagogique d&eacute;passe largement le cadre scientifique. Certes, les passionn&eacute;s d&rsquo;astronomie &#8230;","protected":false},"author":1,"featured_media":38652,"comment_status":"open","ping_status":"open","sticky":false,"template":"","format":"standard","meta":{"footnotes":""},"categories":[332],"tags":[224,225,1372,41,222,1058],"news-destination":[],"news-source":[475],"is_homepage":[],"ta_other":[],"class_list":["post-38651","post","type-post","status-publish","format-standard","has-post-thumbnail","hentry","category-edito","tag-astronomie","tag-ciel","tag-editoriaux","tag-etoiles","tag-region-sud-paca","tag-science","news-source-website"],"_links":{"self":[{"href":"https:\/\/euapp01.newsmemory.com\/lamarseillaise\/news\/wp-json\/wp\/v2\/posts\/38651","targetHints":{"allow":["GET"]}}],"collection":[{"href":"https:\/\/euapp01.newsmemory.com\/lamarseillaise\/news\/wp-json\/wp\/v2\/posts"}],"about":[{"href":"https:\/\/euapp01.newsmemory.com\/lamarseillaise\/news\/wp-json\/wp\/v2\/types\/post"}],"author":[{"embeddable":true,"href":"https:\/\/euapp01.newsmemory.com\/lamarseillaise\/news\/wp-json\/wp\/v2\/users\/1"}],"replies":[{"embeddable":true,"href":"https:\/\/euapp01.newsmemory.com\/lamarseillaise\/news\/wp-json\/wp\/v2\/comments?post=38651"}],"version-history":[{"count":2,"href":"https:\/\/euapp01.newsmemory.com\/lamarseillaise\/news\/wp-json\/wp\/v2\/posts\/38651\/revisions"}],"predecessor-version":[{"id":38654,"href":"https:\/\/euapp01.newsmemory.com\/lamarseillaise\/news\/wp-json\/wp\/v2\/posts\/38651\/revisions\/38654"}],"wp:featuredmedia":[{"embeddable":true,"href":"https:\/\/euapp01.newsmemory.com\/lamarseillaise\/news\/wp-json\/wp\/v2\/media\/38652"}],"wp:attachment":[{"href":"https:\/\/euapp01.newsmemory.com\/lamarseillaise\/news\/wp-json\/wp\/v2\/media?parent=38651"}],"wp:term":[{"taxonomy":"category","embeddable":true,"href":"https:\/\/euapp01.newsmemory.com\/lamarseillaise\/news\/wp-json\/wp\/v2\/categories?post=38651"},{"taxonomy":"post_tag","embeddable":true,"href":"https:\/\/euapp01.newsmemory.com\/lamarseillaise\/news\/wp-json\/wp\/v2\/tags?post=38651"},{"taxonomy":"news-destination","embeddable":true,"href":"https:\/\/euapp01.newsmemory.com\/lamarseillaise\/news\/wp-json\/wp\/v2\/news-destination?post=38651"},{"taxonomy":"news-source","embeddable":true,"href":"https:\/\/euapp01.newsmemory.com\/lamarseillaise\/news\/wp-json\/wp\/v2\/news-source?post=38651"},{"taxonomy":"is_homepage","embeddable":true,"href":"https:\/\/euapp01.newsmemory.com\/lamarseillaise\/news\/wp-json\/wp\/v2\/is_homepage?post=38651"},{"taxonomy":"ta_other","embeddable":true,"href":"https:\/\/euapp01.newsmemory.com\/lamarseillaise\/news\/wp-json\/wp\/v2\/ta_other?post=38651"}],"curies":[{"name":"wp","href":"https:\/\/api.w.org\/{rel}","templated":true}]}}