{"id":38648,"date":"2026-08-07T06:34:00","date_gmt":"2026-08-07T04:34:00","guid":{"rendered":"https:\/\/euapp01.newsmemory.com\/lamarseillaise\/news\/?p=38648"},"modified":"2026-08-12T09:47:48","modified_gmt":"2026-08-12T07:47:48","slug":"om-facundo-medina-et-geronimo-rulli-dans-le-sas-de-sortie","status":"publish","type":"post","link":"https:\/\/euapp01.newsmemory.com\/lamarseillaise\/news\/2026\/08\/07\/om-facundo-medina-et-geronimo-rulli-dans-le-sas-de-sortie\/","title":{"rendered":"OM : Facundo Medina et Geronimo Rulli dans le sas de sortie"},"content":{"rendered":"<div class=\"paragraph\">\n<p>Le club marseillais poursuit sa politique de r\u00e9duction de sa masse salariale.<\/p>\n<p>Deux joueurs sont en effet proche de quitter l\u2019OM. \u00c0 savoir Geronimo Rulli et Facundo Medina. Pour le premier, un accord a \u00e9t\u00e9 trouv\u00e9 avec Manchester City. Pour le second, malgr\u00e9 l\u2019arriv\u00e9e de Miguel Gutierrez, le Bayer Leverkusen a accept\u00e9 de verser les 25 millions d\u2019Euros demand\u00e9s par les dirigeants marseillais.<\/p>\n<p>Concernant Facundo Medina, les trois parties \u00e9tant sur la m\u00eame longueur d\u2019onde, la finalisation du dossier devrait se faire dans les prochaines heures. Pour Geronimo Rulli, la balle est dans le camp de l\u2019agent du gardien de but. Mais les clignotants semblent au vert, l\u00e0 aussi.<\/p>\n<\/p><\/div>\n","protected":false},"excerpt":{"rendered":"Le club marseillais poursuit sa politique de r&eacute;duction de sa masse salariale. Deux joueurs sont en effet proche de quitter l&rsquo;OM. &Agrave; savoir Geronimo Rulli et Facundo Medina. Pour le premier, un accord a &eacute;t&eacute; &#8230;","protected":false},"author":1,"featured_media":38649,"comment_status":"open","ping_status":"open","sticky":false,"template":"","format":"standard","meta":{"footnotes":""},"categories":[3926,3925,7],"tags":[604,4549,10,13,16,1152,14],"news-destination":[3944],"news-source":[475],"is_homepage":[],"ta_other":[],"class_list":["post-38648","post","type-post","status-publish","format-standard","has-post-thumbnail","hentry","category-accueil-merge","category-accueil-third","category-sports","tag-allemagne","tag-angleterre","tag-bouches-du-rhone","tag-football","tag-marseille","tag-mercato","tag-om","news-destination-homepage","news-source-website"],"_links":{"self":[{"href":"https:\/\/euapp01.newsmemory.com\/lamarseillaise\/news\/wp-json\/wp\/v2\/posts\/38648","targetHints":{"allow":["GET"]}}],"collection":[{"href":"https:\/\/euapp01.newsmemory.com\/lamarseillaise\/news\/wp-json\/wp\/v2\/posts"}],"about":[{"href":"https:\/\/euapp01.newsmemory.com\/lamarseillaise\/news\/wp-json\/wp\/v2\/types\/post"}],"author":[{"embeddable":true,"href":"https:\/\/euapp01.newsmemory.com\/lamarseillaise\/news\/wp-json\/wp\/v2\/users\/1"}],"replies":[{"embeddable":true,"href":"https:\/\/euapp01.newsmemory.com\/lamarseillaise\/news\/wp-json\/wp\/v2\/comments?post=38648"}],"version-history":[{"count":1,"href":"https:\/\/euapp01.newsmemory.com\/lamarseillaise\/news\/wp-json\/wp\/v2\/posts\/38648\/revisions"}],"predecessor-version":[{"id":38650,"href":"https:\/\/euapp01.newsmemory.com\/lamarseillaise\/news\/wp-json\/wp\/v2\/posts\/38648\/revisions\/38650"}],"wp:featuredmedia":[{"embeddable":true,"href":"https:\/\/euapp01.newsmemory.com\/lamarseillaise\/news\/wp-json\/wp\/v2\/media\/38649"}],"wp:attachment":[{"href":"https:\/\/euapp01.newsmemory.com\/lamarseillaise\/news\/wp-json\/wp\/v2\/media?parent=38648"}],"wp:term":[{"taxonomy":"category","embeddable":true,"href":"https:\/\/euapp01.newsmemory.com\/lamarseillaise\/news\/wp-json\/wp\/v2\/categories?post=38648"},{"taxonomy":"post_tag","embeddable":true,"href":"https:\/\/euapp01.newsmemory.com\/lamarseillaise\/news\/wp-json\/wp\/v2\/tags?post=38648"},{"taxonomy":"news-destination","embeddable":true,"href":"https:\/\/euapp01.newsmemory.com\/lamarseillaise\/news\/wp-json\/wp\/v2\/news-destination?post=38648"},{"taxonomy":"news-source","embeddable":true,"href":"https:\/\/euapp01.newsmemory.com\/lamarseillaise\/news\/wp-json\/wp\/v2\/news-source?post=38648"},{"taxonomy":"is_homepage","embeddable":true,"href":"https:\/\/euapp01.newsmemory.com\/lamarseillaise\/news\/wp-json\/wp\/v2\/is_homepage?post=38648"},{"taxonomy":"ta_other","embeddable":true,"href":"https:\/\/euapp01.newsmemory.com\/lamarseillaise\/news\/wp-json\/wp\/v2\/ta_other?post=38648"}],"curies":[{"name":"wp","href":"https:\/\/api.w.org\/{rel}","templated":true}]}}