{"id":38644,"date":"2026-08-06T09:58:00","date_gmt":"2026-08-06T07:58:00","guid":{"rendered":"https:\/\/euapp01.newsmemory.com\/lamarseillaise\/news\/?p=38644"},"modified":"2026-08-06T10:20:30","modified_gmt":"2026-08-06T08:20:30","slug":"cest-lete-fabien-bon-figure-du-combat-contre-la-precarite-etudiante","status":"publish","type":"post","link":"https:\/\/euapp01.newsmemory.com\/lamarseillaise\/news\/2026\/08\/06\/cest-lete-fabien-bon-figure-du-combat-contre-la-precarite-etudiante\/","title":{"rendered":"[C\u2019est l\u2019\u00e9t\u00e9] Fabien Bon, figure du combat contre la pr\u00e9carit\u00e9 \u00e9tudiante"},"content":{"rendered":"<div class=\"paragraph\">\n<p>On peut dire sans trop s\u2019avancer que pas mal d\u2019\u00e9tudiants montpelli\u00e9rains lui doivent quelque chose. Des ann\u00e9es durant en premi\u00e8re ligne du Syndicat de combat universitaire de Montpellier (Scum) et d\u00e9sormais plus en retrait, Fabien Bon fait partie de ceux qui ont contribu\u00e9 \u00e0 am\u00e9liorer le quotidien de nombreux jeunes universitaires en gal\u00e8re. <i>\u00ab<\/i><i>\u00a0<\/i><i>Sans l\u2019action du Scum, certains ne mangeraient pas, d\u2019autres ne seraient m\u00eame pas inscrits \u00e0 la fac<\/i><i>\u00a0<\/i><i>\u00bb<\/i>, r\u00e9sume-t-il avec le sens du collectif.<\/p>\n<p>Au moment de regarder dans le r\u00e9troviseur de huit ann\u00e9es qui lui ont permis de d\u00e9crocher un master (management des universit\u00e9s et technologies de l\u2019information \u00e0 l\u2019IAE) et bient\u00f4t une licence d\u2019italien \u00e0 Paul Val\u00e9ry, Fabien Bon est <i>\u00ab<\/i><i>\u00a0<\/i><i>fier<\/i><i>\u00a0<\/i><i>\u00bb<\/i> des avanc\u00e9es glan\u00e9es par son syndicat. Lequel n\u2019\u00e9tait au d\u00e9part <i>\u00ab<\/i><i>\u00a0<\/i><i> qu\u2019une poign\u00e9e d\u2019\u00e9tudiants pr\u00e9caires en qu\u00eate d\u2019en aider d\u2019autres<\/i><i>\u00a0 <\/i><i>\u00bb<\/i> avant de devenir un syndicat \u00e9tudiant actif dans les deux universit\u00e9s de Montpellier<i>.<\/i><\/p>\n<p>P\u00eale-m\u00eale, il se souvient de la cr\u00e9ation de la commission d\u2019exon\u00e9ration de Paul Va, qui permet le remboursement des frais d\u2019inscription sur crit\u00e8res sociaux. De l\u2019obtention en septembre\u00a02025 de 10 jours de cong\u00e9 menstruels sans justificatif dans les deux universit\u00e9s. Ou encore des 15\u00a0000\u00a0colis alimentaires distribu\u00e9s en 2025.<\/p>\n<\/p><\/div>\n<div class=\"intext\"> \u00ab\u00a0La pr\u00e9carit\u00e9, c\u2019est l\u2019histoire de ma vie\u00a0\u00bb\n              <\/div>\n<div class=\"paragraph\">\n<p>Bien s\u00fbr beaucoup d\u2019autres combats doivent \u00eatre poursuivis, \u00e0 l\u2019image de celui des \u00ab\u00a0sans-fac\u00a0\u00bb, probl\u00e9matique exacerb\u00e9e par l\u2019arriv\u00e9e de Parcoursup en 2018. \u00ab<i>\u00a0<\/i><i>Chaque ann\u00e9e on fait inscrire des \u00e9tudiants gr\u00e2ce \u00e0 notre mobilisation<\/i><i>\u00a0<\/i><i>: en 2026, 29 plus une cinquantaine via des recours gracieux<\/i><i>\u00a0<\/i>\u00bb, calcule Fabien Bon avec un brin de fatalisme.<i> <\/i>\u00ab<i>\u00a0<\/i><i>Parcoursup a instaur\u00e9 la s\u00e9lection \u00e0 l\u2019universit\u00e9, l\u2019\u00e9litisation de l\u2019enseignement sup\u00e9rieur que d\u00e9fendent la plupart des pr\u00e9sidents d\u2019universit\u00e9 m\u00eame quand ils ont des moyens financiers.<\/i><i>\u00a0<\/i>\u00bb<\/p>\n<p>\u00c0 titre personnel, Fabien a pay\u00e9 le prix fort pour avoir os\u00e9 d\u00e9fier le pouvoir et ce syst\u00e8me lib\u00e9ral qui a vu l\u2019\u00c9tat couper les universit\u00e9s de leur autonomie budg\u00e9taire d\u00e8s 2011 avec la loi LRU. \u00ab<i>\u00a0<\/i><i>J\u2019ai subi la r\u00e9pression, j\u2019ai \u00e9t\u00e9 harcel\u00e9, frapp\u00e9 par des policiers<\/i><i>\u00a0<\/i>\u00bb, se souvient celui qui n\u2019est pas n\u00e9 avec une cuill\u00e8re d\u2019argent dans la bouche. \u00ab<i>\u00a0<\/i><i>J\u2019ai toujours travaill\u00e9 \u00e0 c\u00f4t\u00e9 pour payer mes \u00e9tudes, d\u00e8s le lyc\u00e9e o\u00f9 j\u2019aidais ma m\u00e8re.<\/i><i>\u00a0<\/i>\u00bb Par la suite \u00e0 la fac, Fabien a souvent fait appel \u00e0 la solidarit\u00e9 \u00e9tudiante pour trouver un toit. \u00ab<i>\u00a0<\/i><i>J\u2019\u00e9tais h\u00e9berg\u00e9 chez des camarades. C\u2019est vrai que je sors du st\u00e9r\u00e9otype du jeune syndicaliste gauchiste fils \u00e0 papa. La pr\u00e9carit\u00e9, c\u2019est l\u2019histoire de ma vie.<\/i> <i>Je ne regrette pas mes choix, mon engagement. Mais arrive un moment o\u00f9 il faut dire stop, j\u2019ai envie de manger \u00e0 ma faim.<\/i><i>\u00a0<\/i>\u00bb<i> <\/i><\/p>\n<p>Pendant qu\u2019il termine sa licence d\u2019italien qu\u2019il avait au d\u00e9part entreprise dans l\u2019espoir de se faire engager dans un h\u00f4tel de Rome, Fabien diversifie d\u00e9j\u00e0 ses activit\u00e9s professionnelles. Barman, il est aussi influenceur sur Instagram pour les bo\u00eetes de nuit et les festivals de musique techno. Animateur dans une r\u00e9sidence vacances des Menuires (Alpes) \u00e0 ses heures perdues, le jeune homme ne s\u2019interdit rien. Except\u00e9 peut-\u00eatre le train-train d\u2019un boulot administratif r\u00e9barbatif. \u00ab<i>\u00a0<\/i><i>J\u2019ai fait une alternance en management de projets. J\u2019ai d\u00e9missionn\u00e9, \u00e7a ne me plaisait pas du tout. Je ne me vois pas dans un bureau.<\/i><i>\u00a0<\/i>\u00bb<\/p>\n<p>Si Fabien laissera bient\u00f4t ses amis du Scum poursuivre le combat universitaire, il y a fort \u00e0 parier qu\u2019il restera anim\u00e9 par les luttes sociales. \u00ab\u00a0<i>On est plus politis\u00e9s que les autres syndicats \u00e9tudiants, on donne aussi \u00e0 r\u00e9fl\u00e9chir sur l\u2019ensemble de la soci\u00e9t\u00e9.<\/i><i>\u00a0<\/i>\u00bb En 2023, le Scum d\u00e9filait aux c\u00f4t\u00e9s de l\u2019intersyndicale contre la r\u00e9forme des retraites. \u00ab\u00a0<i>Il ne faut pas l\u00e2cher et continuer \u00e0 se battre.<\/i><i>\u00a0<\/i>\u00bb<\/p>\n<\/p><\/div>\n","protected":false},"excerpt":{"rendered":"On peut dire sans trop s&rsquo;avancer que pas mal d&rsquo;&eacute;tudiants montpelli&eacute;rains lui doivent quelque chose. Des ann&eacute;es durant en premi&egrave;re ligne du Syndicat de combat universitaire de Montpellier (Scum) et &#8230;","protected":false},"author":1,"featured_media":38645,"comment_status":"open","ping_status":"open","sticky":false,"template":"","format":"standard","meta":{"footnotes":""},"categories":[20],"tags":[6085,1518,2006,2931,239,240,284,4522,4689,271,2005,1615,1758],"news-destination":[],"news-source":[475],"is_homepage":[],"ta_other":[],"class_list":["post-38644","post","type-post","status-publish","format-standard","has-post-thumbnail","hentry","category-societe","tag-cest-lete","tag-etudiants","tag-fabien-bon","tag-facultes","tag-herault","tag-montpellier","tag-occitanie","tag-parcoursup","tag-paul-valery","tag-precarite","tag-scum","tag-universite","tag-universite-de-montpellier","news-source-website"],"_links":{"self":[{"href":"https:\/\/euapp01.newsmemory.com\/lamarseillaise\/news\/wp-json\/wp\/v2\/posts\/38644","targetHints":{"allow":["GET"]}}],"collection":[{"href":"https:\/\/euapp01.newsmemory.com\/lamarseillaise\/news\/wp-json\/wp\/v2\/posts"}],"about":[{"href":"https:\/\/euapp01.newsmemory.com\/lamarseillaise\/news\/wp-json\/wp\/v2\/types\/post"}],"author":[{"embeddable":true,"href":"https:\/\/euapp01.newsmemory.com\/lamarseillaise\/news\/wp-json\/wp\/v2\/users\/1"}],"replies":[{"embeddable":true,"href":"https:\/\/euapp01.newsmemory.com\/lamarseillaise\/news\/wp-json\/wp\/v2\/comments?post=38644"}],"version-history":[{"count":1,"href":"https:\/\/euapp01.newsmemory.com\/lamarseillaise\/news\/wp-json\/wp\/v2\/posts\/38644\/revisions"}],"predecessor-version":[{"id":38646,"href":"https:\/\/euapp01.newsmemory.com\/lamarseillaise\/news\/wp-json\/wp\/v2\/posts\/38644\/revisions\/38646"}],"wp:featuredmedia":[{"embeddable":true,"href":"https:\/\/euapp01.newsmemory.com\/lamarseillaise\/news\/wp-json\/wp\/v2\/media\/38645"}],"wp:attachment":[{"href":"https:\/\/euapp01.newsmemory.com\/lamarseillaise\/news\/wp-json\/wp\/v2\/media?parent=38644"}],"wp:term":[{"taxonomy":"category","embeddable":true,"href":"https:\/\/euapp01.newsmemory.com\/lamarseillaise\/news\/wp-json\/wp\/v2\/categories?post=38644"},{"taxonomy":"post_tag","embeddable":true,"href":"https:\/\/euapp01.newsmemory.com\/lamarseillaise\/news\/wp-json\/wp\/v2\/tags?post=38644"},{"taxonomy":"news-destination","embeddable":true,"href":"https:\/\/euapp01.newsmemory.com\/lamarseillaise\/news\/wp-json\/wp\/v2\/news-destination?post=38644"},{"taxonomy":"news-source","embeddable":true,"href":"https:\/\/euapp01.newsmemory.com\/lamarseillaise\/news\/wp-json\/wp\/v2\/news-source?post=38644"},{"taxonomy":"is_homepage","embeddable":true,"href":"https:\/\/euapp01.newsmemory.com\/lamarseillaise\/news\/wp-json\/wp\/v2\/is_homepage?post=38644"},{"taxonomy":"ta_other","embeddable":true,"href":"https:\/\/euapp01.newsmemory.com\/lamarseillaise\/news\/wp-json\/wp\/v2\/ta_other?post=38644"}],"curies":[{"name":"wp","href":"https:\/\/api.w.org\/{rel}","templated":true}]}}