{"id":38641,"date":"2026-08-06T09:56:00","date_gmt":"2026-08-06T07:56:00","guid":{"rendered":"https:\/\/euapp01.newsmemory.com\/lamarseillaise\/news\/?p=38641"},"modified":"2026-08-12T08:42:32","modified_gmt":"2026-08-12T06:42:32","slug":"les-herbiers-de-thau-un-precieux-patrimoine-a-preserver","status":"publish","type":"post","link":"https:\/\/euapp01.newsmemory.com\/lamarseillaise\/news\/2026\/08\/06\/les-herbiers-de-thau-un-precieux-patrimoine-a-preserver\/","title":{"rendered":"Les herbiers de Thau, un pr\u00e9cieux patrimoine \u00e0 pr\u00e9server"},"content":{"rendered":"<div class=\"paragraph\">\n<p>Chaque \u00e9t\u00e9 depuis 2016, gr\u00e2ce aux financements du programme Natura 2000, le Syndicat mixte du Bassin de Thau (SMBT) anime une campagne estivale de sensibilisation aux herbiers marins, afin de mieux les faire conna\u00eetre et favoriser la pr\u00e9servation de ces v\u00e9ritables for\u00eats sous-marines, indispensables \u00e0 l\u2019\u00e9quilibre de la lagune.<\/p>\n<p>En 10\u00a0ans, cette campagne, \u00ab<i>\u00a0<\/i><i>devenue la seule initiative sp\u00e9cifiquement consacr\u00e9e aux herbiers marins en France<\/i><i>\u00a0<\/i>\u00bb<i>,<\/i> souligne le SMBT dans un communiqu\u00e9, a permis de sensibiliser plus de 12\u00a0000\u00a0personnes au travers d\u2019animations organis\u00e9es sur les plages du bassin de Thau (voir encadr\u00e9). \u00ab<i>\u00a0<\/i><i>Nous avons \u00e9galement men\u00e9 des actions avec les centres nautiques, pour sensibiliser les stagiaires qui viennent apprendre la voile sur notre bassin. Certaines ann\u00e9es, on a travaill\u00e9 avec les \u00e9coles et avec le lyc\u00e9e de la mer, pour faire conna\u00eetre cet \u00e9cosyst\u00e8me aux jeunes et aux futurs professionnels de la mer. Et depuis quelque temps, on innove avec des interventions sur la navette maritime qui relie S\u00e8te \u00e0 M\u00e8ze<\/i><i>\u00a0<\/i>\u00bb, d\u00e9taille Camille Pfleger, charg\u00e9e de mission biodiversit\u00e9 et Natura 2000 au SMBT. \u00c0 l\u2019occasion de cette \u00e9dition anniversaire, le SMBT lance le \u00ab\u00a0D\u00e9fi des 10\u00a0ans\u00a0\u00bb*, op\u00e9ration invitant chacun \u00e0 adopter des gestes simples pour contribuer \u00e0 la pr\u00e9servation des herbiers de Thau.<\/p>\n<\/p><\/div>\n<div class=\"intext\"> \u00ab\u00a0Ce sont des zones de concentration de la vie\u00a0\u00bb\n              <\/div>\n<div class=\"paragraph\">\n<p>La lagune de Thau, site class\u00e9 Natura 2000, abrite sur un tiers de sa surface l\u2019un des plus vastes herbiers de zost\u00e8res des rives m\u00e9diterran\u00e9ennes d\u2019Europe. \u00ab<i>\u00a0<\/i><i>On a \u00e0 peu pr\u00e8s 2<\/i><i>\u00a0<\/i><i>000<\/i><i>\u00a0<\/i><i>ha de surface recouverte d\u2019herbiers sur la lagune de Thau. Ce qui constitue presque la moiti\u00e9 des herbiers d\u2019Occitanie<\/i><i>\u00a0<\/i>\u00bb<i>,<\/i> illustre Camille Pfleger. Ces prairies marines, dont la pr\u00e9sence est<i> <\/i>\u00ab<i>\u00a0<\/i><i>le t\u00e9moin de la bonne qualit\u00e9 d\u2019un milieu<\/i><i>\u00a0<\/i>\u00bb<i>,<\/i> sont pr\u00e9cieuses \u00e0 plus d\u2019un \u00e9gard. \u00ab<i>\u00a0<\/i><i>Ce sont des zones de concentration de la vie. Des zones de passage, pour beaucoup. De petits poissons viennent s\u2019y r\u00e9fugier, de plus gros viennent y chasser. Ce sont aussi des zones de ponte. L\u2019oursin, qui est un brouteur, les affectionne particuli\u00e8rement<\/i><i>\u00a0<\/i><i>: il s\u2019en nourrit. On y trouve \u00e9galement des esp\u00e8ces embl\u00e9matiques. Sur Thau, on en a deux qui sont souvent associ\u00e9es \u00e0 cet habitat<\/i><i>\u00a0<\/i><i>: la Grande Nacre et l\u2019hippocampe<\/i><i>\u00a0<\/i>\u00bb, liste la repr\u00e9sentante du SMBT. Outre une zone de refuge ou de ponte pour la vie marine, ces herbiers participent \u00e0 l\u2019oxyg\u00e9nation de l\u2019eau via la photosynth\u00e8se, constituent des puits de carbone, qu\u2019ils absorbent et stockent, et permettent \u00e9galement de limiter l\u2019\u00e9rosion, en stabilisant les fonds lagunaires. Ils ont aussi des vertus contre le r\u00e9chauffement climatique\u00a0: \u00ab<i>\u00a0<\/i><i>Ce sont une sorte de retardateur d\u2019effet de canicules marines. L\u2019Ifremer notamment a montr\u00e9 que les zones o\u00f9, au sol, on retrouve des herbiers, permettent de retarder les mortalit\u00e9s de coquillages pendant les canicules marines<\/i><i>\u00a0<\/i>\u00bb<i>, <\/i>indique Camille Pfleger.<\/p>\n<p>D\u2019o\u00f9 l\u2019imp\u00e9rieuse n\u00e9cessit\u00e9 de prot\u00e9ger ces \u00e9cosyst\u00e8mes des d\u00e9gradations m\u00e9caniques (pi\u00e9tinement par les baigneurs, arrachage par les ancres de bateaux&#8230;) ou chimiques (herbicides) auxquelles ils sont h\u00e9las expos\u00e9s.<\/p>\n<\/p><\/div>\n<div class=\"paragraph\">\n<p><i>* D\u00e9tails sur le site ou les r\u00e9seaux sociaux du SMBT. <\/i><\/p>\n<\/p><\/div>\n<div class=\"paragraph\">\n<p><b>Calendrier des stands d\u2019animation<\/b><\/p>\n<p><b>&#8211; Balaruc-les-Bains<\/b>, plage du poste de secours. Mercredis 19, 26 ao\u00fbt.<\/p>\n<p>&#8211; <b>Bouzigues<\/b>, plages de la Tr\u00e9mie et\/ou de la Pyramide. Mardis 4 et 11 ao\u00fbt.<\/p>\n<p>&#8211; <b>M\u00e8ze,<\/b> plages du Taurus et\/ou de la Plagette. Jeudis 6 et 13 ao\u00fbt.<\/p>\n<p>&#8211; <b>S\u00e8te<\/b>, plage des Mouettes. Mardis 18 et 25 ao\u00fbt.<\/p>\n<p>Les animations, gratuites, ont lieu de 15 h 30 \u00e0 18h30.<\/p>\n<\/p><\/div>\n","protected":false},"excerpt":{"rendered":"Chaque &eacute;t&eacute; depuis 2016, gr&acirc;ce aux financements du programme Natura 2000, le Syndicat mixte du Bassin de Thau (SMBT) anime une campagne estivale de sensibilisation aux herbiers marins, afin de mieux les faire conna&icirc;tre et &#8230;","protected":false},"author":1,"featured_media":38642,"comment_status":"open","ping_status":"open","sticky":false,"template":"","format":"standard","meta":{"footnotes":""},"categories":[3926,3925,333],"tags":[1277,84,5864,79,239,4262,284,97,136,38,1085,5200],"news-destination":[3944],"news-source":[475],"is_homepage":[],"ta_other":[],"class_list":["post-38641","post","type-post","status-publish","format-standard","has-post-thumbnail","hentry","category-accueil-merge","category-accueil-third","category-environnement","tag-animations","tag-biodiversite","tag-faune-aquatique","tag-fonds-marins","tag-herault","tag-natura-2000","tag-occitanie","tag-patrimoine","tag-preservation","tag-programme","tag-sensibilisation","tag-smbt","news-destination-homepage","news-source-website"],"_links":{"self":[{"href":"https:\/\/euapp01.newsmemory.com\/lamarseillaise\/news\/wp-json\/wp\/v2\/posts\/38641","targetHints":{"allow":["GET"]}}],"collection":[{"href":"https:\/\/euapp01.newsmemory.com\/lamarseillaise\/news\/wp-json\/wp\/v2\/posts"}],"about":[{"href":"https:\/\/euapp01.newsmemory.com\/lamarseillaise\/news\/wp-json\/wp\/v2\/types\/post"}],"author":[{"embeddable":true,"href":"https:\/\/euapp01.newsmemory.com\/lamarseillaise\/news\/wp-json\/wp\/v2\/users\/1"}],"replies":[{"embeddable":true,"href":"https:\/\/euapp01.newsmemory.com\/lamarseillaise\/news\/wp-json\/wp\/v2\/comments?post=38641"}],"version-history":[{"count":1,"href":"https:\/\/euapp01.newsmemory.com\/lamarseillaise\/news\/wp-json\/wp\/v2\/posts\/38641\/revisions"}],"predecessor-version":[{"id":38643,"href":"https:\/\/euapp01.newsmemory.com\/lamarseillaise\/news\/wp-json\/wp\/v2\/posts\/38641\/revisions\/38643"}],"wp:featuredmedia":[{"embeddable":true,"href":"https:\/\/euapp01.newsmemory.com\/lamarseillaise\/news\/wp-json\/wp\/v2\/media\/38642"}],"wp:attachment":[{"href":"https:\/\/euapp01.newsmemory.com\/lamarseillaise\/news\/wp-json\/wp\/v2\/media?parent=38641"}],"wp:term":[{"taxonomy":"category","embeddable":true,"href":"https:\/\/euapp01.newsmemory.com\/lamarseillaise\/news\/wp-json\/wp\/v2\/categories?post=38641"},{"taxonomy":"post_tag","embeddable":true,"href":"https:\/\/euapp01.newsmemory.com\/lamarseillaise\/news\/wp-json\/wp\/v2\/tags?post=38641"},{"taxonomy":"news-destination","embeddable":true,"href":"https:\/\/euapp01.newsmemory.com\/lamarseillaise\/news\/wp-json\/wp\/v2\/news-destination?post=38641"},{"taxonomy":"news-source","embeddable":true,"href":"https:\/\/euapp01.newsmemory.com\/lamarseillaise\/news\/wp-json\/wp\/v2\/news-source?post=38641"},{"taxonomy":"is_homepage","embeddable":true,"href":"https:\/\/euapp01.newsmemory.com\/lamarseillaise\/news\/wp-json\/wp\/v2\/is_homepage?post=38641"},{"taxonomy":"ta_other","embeddable":true,"href":"https:\/\/euapp01.newsmemory.com\/lamarseillaise\/news\/wp-json\/wp\/v2\/ta_other?post=38641"}],"curies":[{"name":"wp","href":"https:\/\/api.w.org\/{rel}","templated":true}]}}