{"id":38638,"date":"2026-08-06T09:59:00","date_gmt":"2026-08-06T07:59:00","guid":{"rendered":"https:\/\/euapp01.newsmemory.com\/lamarseillaise\/news\/?p=38638"},"modified":"2026-08-12T08:42:32","modified_gmt":"2026-08-12T06:42:32","slug":"les-pompiers-occitans-sur-tous-les-fronts","status":"publish","type":"post","link":"https:\/\/euapp01.newsmemory.com\/lamarseillaise\/news\/2026\/08\/06\/les-pompiers-occitans-sur-tous-les-fronts\/","title":{"rendered":"Les pompiers occitans sur tous les fronts"},"content":{"rendered":"<div class=\"paragraph\">\n<p>Si l\u2019inqui\u00e9tude est bien pr\u00e9sente chez les services d\u00e9partementaux d\u2019incendie et de secours (Sdis) du Gard et de l\u2019H\u00e9rault, la situation reste pour l\u2019heure calme dans les deux d\u00e9partements. Tous les d\u00e9parts de feux ont \u00e9t\u00e9 rapidement trait\u00e9s \u00e9vitant ainsi \u00e0 la situation de d\u00e9g\u00e9n\u00e9rer comme dans le Var ou la Gironde. Les pompiers gardois sont par exemple intervenus sur 508 feux dans le d\u00e9partement qui ont parcouru 836 hectares, dont 450 hectares pour le seul feu de L\u00e9denon d\u00e9but juillet. Depuis la premi\u00e8re quinzaine de juillet, aucun feu important n\u2019a ainsi \u00e9t\u00e9 signal\u00e9.<\/p>\n<p>Apr\u00e8s les averses du dernier week-end de juillet et un vent qui s\u2019est calm\u00e9, le risque incendie a \u00e9t\u00e9 revu \u00e0 la baisse dans les deux d\u00e9partements. Plus aucune zone n\u2019est en \u00ab\u00a0risque tr\u00e8s s\u00e9v\u00e8re\u00a0\u00bb m\u00eame si les pompiers demandent toujours la plus grande vigilance. Trois r\u00e9gions de l\u2019H\u00e9rault (Escandorgue et Larzac, Gangeois et Collines du Centre H\u00e9rault) et l\u2019ensemble du d\u00e9partement du Gard (\u00e0 l\u2019exception du territoire de Costi\u00e8res Petite Camargue) sont cependant toujours plac\u00e9s en \u00ab\u00a0risque \u00e9lev\u00e9\u00a0\u00bb.<\/p>\n<p>Fin juillet, ce sont aussi d\u2019importantes fum\u00e9es qui ont touch\u00e9 nos d\u00e9partements. Apr\u00e8s v\u00e9rification, les Sdis ont indiqu\u00e9 que ces fum\u00e9es avaient \u00e9t\u00e9 produites par le feu de Gironde \u00e0 cause \u00ab<i>\u00a0<\/i><i>des conditions climatiques (nuages bas)<\/i>\u00a0\u00bb. \u00ab<i>\u00a0<\/i><i>En raison des incendies en cours en Gironde, le d\u00e9partement est expos\u00e9 \u00e0 une hausse des concentrations en particules en suspension, et particules fines<\/i>\u00a0\u00bb, ont par la suite indiqu\u00e9 les pr\u00e9fectures qui ont mis en place \u00ab\u00a0<i>des mesures d\u2019urgence<\/i>\u00a0\u00bb comme la \u00ab\u00a0<i>suspension d\u2019utilisation d\u2019appareils de combustion de biomasse non performants et des groupes \u00e9lectrog\u00e8nes, de l\u2019\u00e9cobuage ainsi que le br\u00fblage des sous-produits agricoles \u00e0 l\u2019air libre<\/i>\u00a0\u00bb.<\/p>\n<\/p><\/div>\n<div class=\"intext\"> Des pompiers gardois<br \/>\n               <br \/>en Sardaigne\n              <\/div>\n<div class=\"paragraph\">\n<p>Tout en poursuivant leur mission dans leur d\u00e9partement, les Sdis 30 et 34 sont parvenus \u00e0 d\u00e9ployer une partie de leurs moyens vers les incendies les plus inqui\u00e9tants. Pour le feu de Pontev\u00e8s dans le Var (aujourd\u2019hui fix\u00e9 apr\u00e8s 750\u00a0hectares br\u00fbl\u00e9s), 20\u00a0sapeurs-pompiers et 5\u00a0v\u00e9hicules sont venus en renfort du Gard ainsi que 72 sapeurs-pompiers et 19 v\u00e9hicules de l\u2019H\u00e9rault.<\/p>\n<p>En Gironde et dans les Landes o\u00f9 le feu n\u2019\u00e9tait pas fix\u00e9 \u00e0 l\u2019heure o\u00f9 nous \u00e9crivons ces lignes, apr\u00e8s avoir ravag\u00e9 plus de 42\u00a0000\u00a0hectares, une colonne de renfort est partie de l\u2019H\u00e9rault ainsi que 36 sapeurs-pompiers et une \u00e9quipe de feux tactiques du Gard. Le Sdis 30 a \u00e9galement engag\u00e9 deux cadres feux tactiques en Corse (o\u00f9 plus de 1\u00a0000\u00a0hectares sont partis en fum\u00e9e pr\u00e8s de Corte, le feu de Biguglia est ma\u00eetris\u00e9 et celui d\u2019Albertacce est fix\u00e9) depuis le 15\u00a0juillet, rejoints depuis par 18\u00a0sapeurs-pompiers.<\/p>\n<p>Les sapeurs-pompiers gardois participent aussi \u00e0 la solidarit\u00e9 europ\u00e9enne. Ainsi, une \u00e9quipe de cadres feux tactiques et une \u00e9quipe de soutien sanitaire ont int\u00e9gr\u00e9 un module de s\u00e9curit\u00e9 civile fran\u00e7ais en Sardaigne depuis le 12\u00a0juillet, l\u2019\u00eele italienne \u00e9tant touch\u00e9e par plusieurs feux depuis le d\u00e9but de l\u2019\u00e9t\u00e9.<\/p>\n<\/p><\/div>\n","protected":false},"excerpt":{"rendered":"Si l&rsquo;inqui&eacute;tude est bien pr&eacute;sente chez les services d&eacute;partementaux d&rsquo;incendie et de secours (Sdis) du Gard et de l&rsquo;H&eacute;rault, la situation reste pour l&rsquo;heure calme dans les deux d&eacute;partements. &#8230;","protected":false},"author":1,"featured_media":38639,"comment_status":"open","ping_status":"open","sticky":false,"template":"","format":"standard","meta":{"footnotes":""},"categories":[3926,3925,333,20],"tags":[247,294,1673,238,239,319,284,1674,5879,5696],"news-destination":[3944],"news-source":[475],"is_homepage":[],"ta_other":[],"class_list":["post-38638","post","type-post","status-publish","format-standard","has-post-thumbnail","hentry","category-accueil-merge","category-accueil-third","category-environnement","category-societe","tag-247","tag-294","tag-feux","tag-gard","tag-herault","tag-incendie","tag-occitanie","tag-sapeurs-pompiers","tag-sdis","tag-sdis-34","news-destination-homepage","news-source-website"],"_links":{"self":[{"href":"https:\/\/euapp01.newsmemory.com\/lamarseillaise\/news\/wp-json\/wp\/v2\/posts\/38638","targetHints":{"allow":["GET"]}}],"collection":[{"href":"https:\/\/euapp01.newsmemory.com\/lamarseillaise\/news\/wp-json\/wp\/v2\/posts"}],"about":[{"href":"https:\/\/euapp01.newsmemory.com\/lamarseillaise\/news\/wp-json\/wp\/v2\/types\/post"}],"author":[{"embeddable":true,"href":"https:\/\/euapp01.newsmemory.com\/lamarseillaise\/news\/wp-json\/wp\/v2\/users\/1"}],"replies":[{"embeddable":true,"href":"https:\/\/euapp01.newsmemory.com\/lamarseillaise\/news\/wp-json\/wp\/v2\/comments?post=38638"}],"version-history":[{"count":1,"href":"https:\/\/euapp01.newsmemory.com\/lamarseillaise\/news\/wp-json\/wp\/v2\/posts\/38638\/revisions"}],"predecessor-version":[{"id":38640,"href":"https:\/\/euapp01.newsmemory.com\/lamarseillaise\/news\/wp-json\/wp\/v2\/posts\/38638\/revisions\/38640"}],"wp:featuredmedia":[{"embeddable":true,"href":"https:\/\/euapp01.newsmemory.com\/lamarseillaise\/news\/wp-json\/wp\/v2\/media\/38639"}],"wp:attachment":[{"href":"https:\/\/euapp01.newsmemory.com\/lamarseillaise\/news\/wp-json\/wp\/v2\/media?parent=38638"}],"wp:term":[{"taxonomy":"category","embeddable":true,"href":"https:\/\/euapp01.newsmemory.com\/lamarseillaise\/news\/wp-json\/wp\/v2\/categories?post=38638"},{"taxonomy":"post_tag","embeddable":true,"href":"https:\/\/euapp01.newsmemory.com\/lamarseillaise\/news\/wp-json\/wp\/v2\/tags?post=38638"},{"taxonomy":"news-destination","embeddable":true,"href":"https:\/\/euapp01.newsmemory.com\/lamarseillaise\/news\/wp-json\/wp\/v2\/news-destination?post=38638"},{"taxonomy":"news-source","embeddable":true,"href":"https:\/\/euapp01.newsmemory.com\/lamarseillaise\/news\/wp-json\/wp\/v2\/news-source?post=38638"},{"taxonomy":"is_homepage","embeddable":true,"href":"https:\/\/euapp01.newsmemory.com\/lamarseillaise\/news\/wp-json\/wp\/v2\/is_homepage?post=38638"},{"taxonomy":"ta_other","embeddable":true,"href":"https:\/\/euapp01.newsmemory.com\/lamarseillaise\/news\/wp-json\/wp\/v2\/ta_other?post=38638"}],"curies":[{"name":"wp","href":"https:\/\/api.w.org\/{rel}","templated":true}]}}