{"id":38632,"date":"2026-08-06T09:42:00","date_gmt":"2026-08-06T07:42:00","guid":{"rendered":"https:\/\/euapp01.newsmemory.com\/lamarseillaise\/news\/?p=38632"},"modified":"2026-08-06T10:07:40","modified_gmt":"2026-08-06T08:07:40","slug":"cest-lete-lecture-les-beignets-de-ma-mere-de-jacky-durand","status":"publish","type":"post","link":"https:\/\/euapp01.newsmemory.com\/lamarseillaise\/news\/2026\/08\/06\/cest-lete-lecture-les-beignets-de-ma-mere-de-jacky-durand\/","title":{"rendered":"[C\u2019est l\u2019\u00e9t\u00e9] Lecture : \u00ab Les beignets de ma m\u00e8re \u00bb, de Jacky Durand"},"content":{"rendered":"<div class=\"paragraph\">\n<p>Lui reviennent alors les souvenirs de tout ce qui les opposait et les unissait, mais surtout le go\u00fbt et l\u2019odeur des beignets de la m\u00e8re du prisonnier \u00e9vad\u00e9, modeste couturi\u00e8re qui \u00e9levait seule son fils. En faisant de la cuisine le trait d\u2019union qui relie le pass\u00e9 et le pr\u00e9sent, Jacky Durand, chroniqueuse culinaire, signe une troublante fiction qui nous prend aux entrailles.<\/p>\n<\/p><\/div>\n<div class=\"paragraph\">\n<p><i><span class=\"mln_uppercase_mln\">\u00c9<\/span><\/i><i>ditions Flammarion,<\/i><\/p>\n<p><i>20,90<\/i><i>\u00a0<\/i><i>euros.<\/i><\/p>\n<\/p><\/div>\n","protected":false},"excerpt":{"rendered":"Lui reviennent alors les souvenirs de tout ce qui les opposait et les unissait, mais surtout le go&ucirc;t et l&rsquo;odeur des beignets de la m&egrave;re du prisonnier &eacute;vad&eacute;, modeste couturi&egrave;re qui &eacute;levait seule son &#8230;","protected":false},"author":1,"featured_media":38633,"comment_status":"open","ping_status":"open","sticky":false,"template":"","format":"standard","meta":{"footnotes":""},"categories":[32],"tags":[6085,1285,2954,572,1293,1248,1244,1294],"news-destination":[],"news-source":[475],"is_homepage":[],"ta_other":[],"class_list":["post-38632","post","type-post","status-publish","format-standard","has-post-thumbnail","hentry","category-culture","tag-cest-lete","tag-cuisine","tag-fiction","tag-france","tag-lecture","tag-livre","tag-livres","tag-roman","news-source-website"],"_links":{"self":[{"href":"https:\/\/euapp01.newsmemory.com\/lamarseillaise\/news\/wp-json\/wp\/v2\/posts\/38632","targetHints":{"allow":["GET"]}}],"collection":[{"href":"https:\/\/euapp01.newsmemory.com\/lamarseillaise\/news\/wp-json\/wp\/v2\/posts"}],"about":[{"href":"https:\/\/euapp01.newsmemory.com\/lamarseillaise\/news\/wp-json\/wp\/v2\/types\/post"}],"author":[{"embeddable":true,"href":"https:\/\/euapp01.newsmemory.com\/lamarseillaise\/news\/wp-json\/wp\/v2\/users\/1"}],"replies":[{"embeddable":true,"href":"https:\/\/euapp01.newsmemory.com\/lamarseillaise\/news\/wp-json\/wp\/v2\/comments?post=38632"}],"version-history":[{"count":1,"href":"https:\/\/euapp01.newsmemory.com\/lamarseillaise\/news\/wp-json\/wp\/v2\/posts\/38632\/revisions"}],"predecessor-version":[{"id":38634,"href":"https:\/\/euapp01.newsmemory.com\/lamarseillaise\/news\/wp-json\/wp\/v2\/posts\/38632\/revisions\/38634"}],"wp:featuredmedia":[{"embeddable":true,"href":"https:\/\/euapp01.newsmemory.com\/lamarseillaise\/news\/wp-json\/wp\/v2\/media\/38633"}],"wp:attachment":[{"href":"https:\/\/euapp01.newsmemory.com\/lamarseillaise\/news\/wp-json\/wp\/v2\/media?parent=38632"}],"wp:term":[{"taxonomy":"category","embeddable":true,"href":"https:\/\/euapp01.newsmemory.com\/lamarseillaise\/news\/wp-json\/wp\/v2\/categories?post=38632"},{"taxonomy":"post_tag","embeddable":true,"href":"https:\/\/euapp01.newsmemory.com\/lamarseillaise\/news\/wp-json\/wp\/v2\/tags?post=38632"},{"taxonomy":"news-destination","embeddable":true,"href":"https:\/\/euapp01.newsmemory.com\/lamarseillaise\/news\/wp-json\/wp\/v2\/news-destination?post=38632"},{"taxonomy":"news-source","embeddable":true,"href":"https:\/\/euapp01.newsmemory.com\/lamarseillaise\/news\/wp-json\/wp\/v2\/news-source?post=38632"},{"taxonomy":"is_homepage","embeddable":true,"href":"https:\/\/euapp01.newsmemory.com\/lamarseillaise\/news\/wp-json\/wp\/v2\/is_homepage?post=38632"},{"taxonomy":"ta_other","embeddable":true,"href":"https:\/\/euapp01.newsmemory.com\/lamarseillaise\/news\/wp-json\/wp\/v2\/ta_other?post=38632"}],"curies":[{"name":"wp","href":"https:\/\/api.w.org\/{rel}","templated":true}]}}