{"id":38608,"date":"2026-08-06T09:01:00","date_gmt":"2026-08-06T07:01:00","guid":{"rendered":"https:\/\/euapp01.newsmemory.com\/lamarseillaise\/news\/?p=38608"},"modified":"2026-08-12T08:42:32","modified_gmt":"2026-08-12T06:42:32","slug":"cest-lete-sainte-marthe-en-fete-pour-la-3e-edition-du-festival-de-lete","status":"publish","type":"post","link":"https:\/\/euapp01.newsmemory.com\/lamarseillaise\/news\/2026\/08\/06\/cest-lete-sainte-marthe-en-fete-pour-la-3e-edition-du-festival-de-lete\/","title":{"rendered":"[C\u2019est l\u2019\u00e9t\u00e9] Sainte-Marthe en f\u00eate pour la 3e&nbsp;\u00e9dition du Festival de l\u2019\u00c9t\u00e9"},"content":{"rendered":"<div class=\"paragraph\">\n<p>Cinq quartiers pour un seul festival. C\u2019est ce que propose le centre social de Sainte-Marthe-La Paternelle avec son Festival de l\u2019\u00c9t\u00e9. Il se tient jusqu\u2019au vendredi 7\u00a0ao\u00fbt entre la Visitation, la Simiane, Vieux Moulin Saint-Joseph, la Paternelle et Vieux Moulin Arnavaux.<\/p>\n<p>Organis\u00e9 sur cinq jours, l\u2019objectif est clairement affich\u00e9\u00a0: dynamiser le quartier de Sainte-Marthe. Houssam Zguep, directeur du centre social Sainte-Marthe-La Paternelle, explique\u00a0: \u00ab\u00a0<i>On choisit toujours les m\u00eames dates, d\u00e9but ao\u00fbt, lorsqu\u2019il n\u2019y a plus trop d\u2019activit\u00e9s \u00e0 faire, pour que les gens retiennent le rendez-vous et que le festival s\u2019installe sur le long terme<\/i><i>\u00a0<\/i>\u00bb.<\/p>\n<p>Le fondateur revient sur les origines du festival\u00a0: \u00ab<i>\u00a0<\/i><i>Ici, il y a huit quartiers diff\u00e9rents et les gens ne bougeaient pas d\u2019un quartier \u00e0 l\u2019autre. Alors, on a eu l\u2019id\u00e9e de venir directement \u00e0 eux en changeant de quartier chaque jour avec des activit\u00e9s diff\u00e9rentes pour les motiver \u00e0 se d\u00e9placer<\/i><i>\u00a0<\/i>\u00bb. Pour l\u2019organisation, le centre social s\u2019appuie sur des collectifs qu\u2019il a cr\u00e9\u00e9s dans les quartiers \u00e9loign\u00e9s du centre social. \u00ab\u00a0<i>La<\/i><i>\u00a0<\/i><i>Visitation, par exemple, est \u00e0 4<\/i><i>\u00a0<\/i><i>km de notre centre, forc\u00e9ment c\u2019est compliqu\u00e9 pour les gens de venir. Alors on organise les animations devant notre local qu\u2019on a l\u00e0-bas<\/i>\u00a0\u00bb, explique Houssam Zguep.<\/p>\n<p>Le rituel est bien rod\u00e9\u00a0: \u00ab<i>\u00a0<\/i><i>On commence par tourner dans le quartier avec la batucada, un petit orchestre de musique br\u00e9silienne, pour r\u00e9veiller les gens et les faire venir. Alors les enfants se mettent \u00e0 suivre le cort\u00e8ge. Dans les premi\u00e8res \u00e9ditions, \u00e7a ne marchait pas, mais d\u00e9sormais ils reconnaissent le son<\/i>\u00a0\u00bb, d\u00e9taille le directeur du centre social.<\/p>\n<\/p><\/div>\n<div class=\"intext\"> Une vari\u00e9t\u00e9 d\u2019animations\n              <\/div>\n<div class=\"paragraph\">\n<p>Chaque soir, un quartier diff\u00e9rent s\u2019anime de 17h \u00e0 21h entre musiques, restauration, animations et performances artistiques. Le lundi \u00e9tait consacr\u00e9 \u00e0 un spectacle de magie, le mardi \u00e0 une pi\u00e8ce de danse contemporaine et le mercredi \u00e0 un groupe de musiques traditionnelles de la c\u00f4te cara\u00efbe colombienne. Ce jeudi, vous pourrez, d\u00e8s 18h, \u00e0 la Paternelle, \u00e9couter un concert th\u00e9\u00e2tralis\u00e9 de l\u2019artiste Kimsar avec l\u2019association Kalabazi. Le festival se conclura ce vendredi sur une soir\u00e9e-concert avec la venue de trois rappeurs locaux au Vieux Moulin Arnavaux\u00a0: Thabiti, Hiiitch et Le Bigs.<\/p>\n<\/p><\/div>\n","protected":false},"excerpt":{"rendered":"Cinq quartiers pour un seul festival. C&rsquo;est ce que propose le centre social de Sainte-Marthe-La Paternelle avec son Festival de l&rsquo;&Eacute;t&eacute;. Il se tient jusqu&rsquo;au vendredi 7&nbsp;ao&ucirc;t entre la Visitation, la Simiane, &#8230;","protected":false},"author":1,"featured_media":38609,"comment_status":"open","ping_status":"open","sticky":false,"template":"","format":"standard","meta":{"footnotes":""},"categories":[3926,3925,32,331,20],"tags":[100,1307,1277,10,6085,501,34,35,1250,329,1138,16,325,700,668,3977,1241,1361,2874],"news-destination":[3944],"news-source":[475],"is_homepage":[],"ta_other":[],"class_list":["post-38608","post","type-post","status-publish","format-standard","has-post-thumbnail","hentry","category-accueil-merge","category-accueil-third","category-culture","category-social","category-societe","tag-activites","tag-animation","tag-animations","tag-bouches-du-rhone","tag-cest-lete","tag-centre-social","tag-concert","tag-culture","tag-danse","tag-festival","tag-festivites","tag-marseille","tag-musique","tag-quartier","tag-quartiers","tag-quartiers-nord","tag-theatre","tag-vacances","tag-vacances-scolaires","news-destination-homepage","news-source-website"],"_links":{"self":[{"href":"https:\/\/euapp01.newsmemory.com\/lamarseillaise\/news\/wp-json\/wp\/v2\/posts\/38608","targetHints":{"allow":["GET"]}}],"collection":[{"href":"https:\/\/euapp01.newsmemory.com\/lamarseillaise\/news\/wp-json\/wp\/v2\/posts"}],"about":[{"href":"https:\/\/euapp01.newsmemory.com\/lamarseillaise\/news\/wp-json\/wp\/v2\/types\/post"}],"author":[{"embeddable":true,"href":"https:\/\/euapp01.newsmemory.com\/lamarseillaise\/news\/wp-json\/wp\/v2\/users\/1"}],"replies":[{"embeddable":true,"href":"https:\/\/euapp01.newsmemory.com\/lamarseillaise\/news\/wp-json\/wp\/v2\/comments?post=38608"}],"version-history":[{"count":1,"href":"https:\/\/euapp01.newsmemory.com\/lamarseillaise\/news\/wp-json\/wp\/v2\/posts\/38608\/revisions"}],"predecessor-version":[{"id":38610,"href":"https:\/\/euapp01.newsmemory.com\/lamarseillaise\/news\/wp-json\/wp\/v2\/posts\/38608\/revisions\/38610"}],"wp:featuredmedia":[{"embeddable":true,"href":"https:\/\/euapp01.newsmemory.com\/lamarseillaise\/news\/wp-json\/wp\/v2\/media\/38609"}],"wp:attachment":[{"href":"https:\/\/euapp01.newsmemory.com\/lamarseillaise\/news\/wp-json\/wp\/v2\/media?parent=38608"}],"wp:term":[{"taxonomy":"category","embeddable":true,"href":"https:\/\/euapp01.newsmemory.com\/lamarseillaise\/news\/wp-json\/wp\/v2\/categories?post=38608"},{"taxonomy":"post_tag","embeddable":true,"href":"https:\/\/euapp01.newsmemory.com\/lamarseillaise\/news\/wp-json\/wp\/v2\/tags?post=38608"},{"taxonomy":"news-destination","embeddable":true,"href":"https:\/\/euapp01.newsmemory.com\/lamarseillaise\/news\/wp-json\/wp\/v2\/news-destination?post=38608"},{"taxonomy":"news-source","embeddable":true,"href":"https:\/\/euapp01.newsmemory.com\/lamarseillaise\/news\/wp-json\/wp\/v2\/news-source?post=38608"},{"taxonomy":"is_homepage","embeddable":true,"href":"https:\/\/euapp01.newsmemory.com\/lamarseillaise\/news\/wp-json\/wp\/v2\/is_homepage?post=38608"},{"taxonomy":"ta_other","embeddable":true,"href":"https:\/\/euapp01.newsmemory.com\/lamarseillaise\/news\/wp-json\/wp\/v2\/ta_other?post=38608"}],"curies":[{"name":"wp","href":"https:\/\/api.w.org\/{rel}","templated":true}]}}