{"id":38605,"date":"2026-08-06T08:56:00","date_gmt":"2026-08-06T06:56:00","guid":{"rendered":"https:\/\/euapp01.newsmemory.com\/lamarseillaise\/news\/?p=38605"},"modified":"2026-08-06T10:07:07","modified_gmt":"2026-08-06T08:07:07","slug":"une-tortue-caouanne-a-pondu-sur-une-plage-de-port-saint-louis-du-rhone","status":"publish","type":"post","link":"https:\/\/euapp01.newsmemory.com\/lamarseillaise\/news\/2026\/08\/06\/une-tortue-caouanne-a-pondu-sur-une-plage-de-port-saint-louis-du-rhone\/","title":{"rendered":"Une tortue Caouanne a pondu sur une plage de Port-Saint-Louis-du-Rh\u00f4ne"},"content":{"rendered":"<div class=\"paragraph\">\n<p>Les \u00e9cogardes du GPMM ont rep\u00e9r\u00e9 ces traces lors de leur patrouille hebdomadaire sur les espaces naturels g\u00e9r\u00e9s par le Port.<br \/>Ils ont alors alert\u00e9 imm\u00e9diatement le R\u00e9seau tortue marine de M\u00e9diterran\u00e9e fran\u00e7aise (RTMMF), permettant ainsi le d\u00e9ploiement rapide du protocole d\u2019intervention dans le cadre du programme national de suivi des traces de tortues marines. La r\u00e9activit\u00e9 des agents du service d\u00e9partemental de l\u2019Office fran\u00e7ais de la biodiversit\u00e9 a facilit\u00e9 l\u2019intervention des experts du RTMMF qui ont pu valider la pr\u00e9sence du nid. L\u2019\u00e9closion esp\u00e9r\u00e9e des \u0153ufs est attendue dans plusieurs semaines.<\/p>\n<\/p><\/div>\n","protected":false},"excerpt":{"rendered":"Les &eacute;cogardes du GPMM ont rep&eacute;r&eacute; ces traces lors de leur patrouille hebdomadaire sur les espaces naturels g&eacute;r&eacute;s par le Port.Ils ont alors alert&eacute; imm&eacute;diatement le R&eacute;seau tortue marine de &#8230;","protected":false},"author":1,"featured_media":38606,"comment_status":"open","ping_status":"open","sticky":false,"template":"","format":"standard","meta":{"footnotes":""},"categories":[333],"tags":[84,10,2321,376,3694,888,1983,1322],"news-destination":[],"news-source":[475],"is_homepage":[],"ta_other":[],"class_list":["post-38605","post","type-post","status-publish","format-standard","has-post-thumbnail","hentry","category-environnement","tag-biodiversite","tag-bouches-du-rhone","tag-espaces-naturels","tag-faune-sauvage","tag-plage","tag-plages","tag-port-saint-louis-du-rhone","tag-tortues","news-source-website"],"_links":{"self":[{"href":"https:\/\/euapp01.newsmemory.com\/lamarseillaise\/news\/wp-json\/wp\/v2\/posts\/38605","targetHints":{"allow":["GET"]}}],"collection":[{"href":"https:\/\/euapp01.newsmemory.com\/lamarseillaise\/news\/wp-json\/wp\/v2\/posts"}],"about":[{"href":"https:\/\/euapp01.newsmemory.com\/lamarseillaise\/news\/wp-json\/wp\/v2\/types\/post"}],"author":[{"embeddable":true,"href":"https:\/\/euapp01.newsmemory.com\/lamarseillaise\/news\/wp-json\/wp\/v2\/users\/1"}],"replies":[{"embeddable":true,"href":"https:\/\/euapp01.newsmemory.com\/lamarseillaise\/news\/wp-json\/wp\/v2\/comments?post=38605"}],"version-history":[{"count":1,"href":"https:\/\/euapp01.newsmemory.com\/lamarseillaise\/news\/wp-json\/wp\/v2\/posts\/38605\/revisions"}],"predecessor-version":[{"id":38607,"href":"https:\/\/euapp01.newsmemory.com\/lamarseillaise\/news\/wp-json\/wp\/v2\/posts\/38605\/revisions\/38607"}],"wp:featuredmedia":[{"embeddable":true,"href":"https:\/\/euapp01.newsmemory.com\/lamarseillaise\/news\/wp-json\/wp\/v2\/media\/38606"}],"wp:attachment":[{"href":"https:\/\/euapp01.newsmemory.com\/lamarseillaise\/news\/wp-json\/wp\/v2\/media?parent=38605"}],"wp:term":[{"taxonomy":"category","embeddable":true,"href":"https:\/\/euapp01.newsmemory.com\/lamarseillaise\/news\/wp-json\/wp\/v2\/categories?post=38605"},{"taxonomy":"post_tag","embeddable":true,"href":"https:\/\/euapp01.newsmemory.com\/lamarseillaise\/news\/wp-json\/wp\/v2\/tags?post=38605"},{"taxonomy":"news-destination","embeddable":true,"href":"https:\/\/euapp01.newsmemory.com\/lamarseillaise\/news\/wp-json\/wp\/v2\/news-destination?post=38605"},{"taxonomy":"news-source","embeddable":true,"href":"https:\/\/euapp01.newsmemory.com\/lamarseillaise\/news\/wp-json\/wp\/v2\/news-source?post=38605"},{"taxonomy":"is_homepage","embeddable":true,"href":"https:\/\/euapp01.newsmemory.com\/lamarseillaise\/news\/wp-json\/wp\/v2\/is_homepage?post=38605"},{"taxonomy":"ta_other","embeddable":true,"href":"https:\/\/euapp01.newsmemory.com\/lamarseillaise\/news\/wp-json\/wp\/v2\/ta_other?post=38605"}],"curies":[{"name":"wp","href":"https:\/\/api.w.org\/{rel}","templated":true}]}}