{"id":38602,"date":"2026-08-06T07:58:00","date_gmt":"2026-08-06T05:58:00","guid":{"rendered":"https:\/\/euapp01.newsmemory.com\/lamarseillaise\/news\/?p=38602"},"modified":"2026-08-06T10:07:07","modified_gmt":"2026-08-06T08:07:07","slug":"a-velaux-un-vlog-flambant-neuf-pour-les-anciens-pompiers-13","status":"publish","type":"post","link":"https:\/\/euapp01.newsmemory.com\/lamarseillaise\/news\/2026\/08\/06\/a-velaux-un-vlog-flambant-neuf-pour-les-anciens-pompiers-13\/","title":{"rendered":"\u00c0 Velaux, un VLOG flambant neuf pour les anciens pompiers&nbsp;13"},"content":{"rendered":"<div class=\"paragraph\">\n<p>Les cl\u00e9s de ce VLOG leur ont \u00e9t\u00e9 remises mardi au centre de formation d\u00e9partemental de Velaux. Cet \u00e9quipement leur permettra de poursuivre leur mission de soutien aupr\u00e8s des personnels engag\u00e9s sur les interventions, notamment en assurant le ravitaillement en eau, caf\u00e9 et nourriture. B\u00e9n\u00e9voles, les anciens pompiers constituent un maillon essentiel<br \/>du dispositif op\u00e9rationnel et maintiennent un lien fort avec les effectifs en activit\u00e9 avec<br \/>un engagement pr\u00e9cieux qui se prolonge parfois jusqu\u2019au bout de la nuit.<\/p>\n<\/p><\/div>\n","protected":false},"excerpt":{"rendered":"Les cl&eacute;s de ce VLOG leur ont &eacute;t&eacute; remises mardi au centre de formation d&eacute;partemental de Velaux. Cet &eacute;quipement leur permettra de poursuivre leur mission de soutien aupr&egrave;s des personnels engag&eacute;s sur les &#8230;","protected":false},"author":1,"featured_media":38603,"comment_status":"open","ping_status":"open","sticky":false,"template":"","format":"standard","meta":{"footnotes":""},"categories":[20],"tags":[10,1396,1586,320,1674,1183,4783],"news-destination":[],"news-source":[475],"is_homepage":[],"ta_other":[],"class_list":["post-38602","post","type-post","status-publish","format-standard","has-post-thumbnail","hentry","category-societe","tag-bouches-du-rhone","tag-incendies","tag-logistique","tag-pompiers","tag-sapeurs-pompiers","tag-vehicules","tag-velaux","news-source-website"],"_links":{"self":[{"href":"https:\/\/euapp01.newsmemory.com\/lamarseillaise\/news\/wp-json\/wp\/v2\/posts\/38602","targetHints":{"allow":["GET"]}}],"collection":[{"href":"https:\/\/euapp01.newsmemory.com\/lamarseillaise\/news\/wp-json\/wp\/v2\/posts"}],"about":[{"href":"https:\/\/euapp01.newsmemory.com\/lamarseillaise\/news\/wp-json\/wp\/v2\/types\/post"}],"author":[{"embeddable":true,"href":"https:\/\/euapp01.newsmemory.com\/lamarseillaise\/news\/wp-json\/wp\/v2\/users\/1"}],"replies":[{"embeddable":true,"href":"https:\/\/euapp01.newsmemory.com\/lamarseillaise\/news\/wp-json\/wp\/v2\/comments?post=38602"}],"version-history":[{"count":1,"href":"https:\/\/euapp01.newsmemory.com\/lamarseillaise\/news\/wp-json\/wp\/v2\/posts\/38602\/revisions"}],"predecessor-version":[{"id":38604,"href":"https:\/\/euapp01.newsmemory.com\/lamarseillaise\/news\/wp-json\/wp\/v2\/posts\/38602\/revisions\/38604"}],"wp:featuredmedia":[{"embeddable":true,"href":"https:\/\/euapp01.newsmemory.com\/lamarseillaise\/news\/wp-json\/wp\/v2\/media\/38603"}],"wp:attachment":[{"href":"https:\/\/euapp01.newsmemory.com\/lamarseillaise\/news\/wp-json\/wp\/v2\/media?parent=38602"}],"wp:term":[{"taxonomy":"category","embeddable":true,"href":"https:\/\/euapp01.newsmemory.com\/lamarseillaise\/news\/wp-json\/wp\/v2\/categories?post=38602"},{"taxonomy":"post_tag","embeddable":true,"href":"https:\/\/euapp01.newsmemory.com\/lamarseillaise\/news\/wp-json\/wp\/v2\/tags?post=38602"},{"taxonomy":"news-destination","embeddable":true,"href":"https:\/\/euapp01.newsmemory.com\/lamarseillaise\/news\/wp-json\/wp\/v2\/news-destination?post=38602"},{"taxonomy":"news-source","embeddable":true,"href":"https:\/\/euapp01.newsmemory.com\/lamarseillaise\/news\/wp-json\/wp\/v2\/news-source?post=38602"},{"taxonomy":"is_homepage","embeddable":true,"href":"https:\/\/euapp01.newsmemory.com\/lamarseillaise\/news\/wp-json\/wp\/v2\/is_homepage?post=38602"},{"taxonomy":"ta_other","embeddable":true,"href":"https:\/\/euapp01.newsmemory.com\/lamarseillaise\/news\/wp-json\/wp\/v2\/ta_other?post=38602"}],"curies":[{"name":"wp","href":"https:\/\/api.w.org\/{rel}","templated":true}]}}