{"id":38599,"date":"2026-08-06T08:53:00","date_gmt":"2026-08-06T06:53:00","guid":{"rendered":"https:\/\/euapp01.newsmemory.com\/lamarseillaise\/news\/?p=38599"},"modified":"2026-08-06T10:07:07","modified_gmt":"2026-08-06T08:07:07","slug":"la-police-municipale-en-action-aux-aygalades","status":"publish","type":"post","link":"https:\/\/euapp01.newsmemory.com\/lamarseillaise\/news\/2026\/08\/06\/la-police-municipale-en-action-aux-aygalades\/","title":{"rendered":"La police municipale en action aux Aygalades"},"content":{"rendered":"<div class=\"paragraph\">\n<p>\u00c0 leur arriv\u00e9e sur les lieux, les agents, confront\u00e9s \u00e0 une \u00e9paisse fum\u00e9e envahissant les parties communes, ont effectu\u00e9 les premi\u00e8res reconnaissances et relev\u00e9 que plusieurs habitants \u00e9taient toujours \u00e0 l\u2019int\u00e9rieur, certains bloqu\u00e9s par la fum\u00e9e et la progression des flammes. Apr\u00e8s avoir extrait huit personnes, ils \u00e9vacueront \u00e9galement plusieurs animaux domestiques avant d\u2019\u00e9tablir un p\u00e9rim\u00e8tre de s\u00e9curit\u00e9 pour faciliter le travail des marins-pompiers. Un engagement salu\u00e9 par les riverains. Aucune victime n\u2019\u00e9tait \u00e0 d\u00e9plorer ont indiqu\u00e9 les marins-pompiers, deux appartements \u00e9tant touch\u00e9s par le feu ma\u00eetris\u00e9 apr\u00e8s la mobilisation de 27\u00a0marins et 8\u00a0engins.<\/p>\n<\/p><\/div>\n","protected":false},"excerpt":{"rendered":"&Agrave; leur arriv&eacute;e sur les lieux, les agents, confront&eacute;s &agrave; une &eacute;paisse fum&eacute;e envahissant les parties communes, ont effectu&eacute; les premi&egrave;res reconnaissances et relev&eacute; que plusieurs habitants &#8230;","protected":false},"author":1,"featured_media":38600,"comment_status":"open","ping_status":"open","sticky":false,"template":"","format":"standard","meta":{"footnotes":""},"categories":[20],"tags":[1707,10,1569,318,2961,319,2799,16,734,111],"news-destination":[],"news-source":[475],"is_homepage":[],"ta_other":[],"class_list":["post-38599","post","type-post","status-publish","format-standard","has-post-thumbnail","hentry","category-societe","tag-agents","tag-bouches-du-rhone","tag-evacuation","tag-feu","tag-immeubles","tag-incendie","tag-marins-pompiers","tag-marseille","tag-police-municipale","tag-securite","news-source-website"],"_links":{"self":[{"href":"https:\/\/euapp01.newsmemory.com\/lamarseillaise\/news\/wp-json\/wp\/v2\/posts\/38599","targetHints":{"allow":["GET"]}}],"collection":[{"href":"https:\/\/euapp01.newsmemory.com\/lamarseillaise\/news\/wp-json\/wp\/v2\/posts"}],"about":[{"href":"https:\/\/euapp01.newsmemory.com\/lamarseillaise\/news\/wp-json\/wp\/v2\/types\/post"}],"author":[{"embeddable":true,"href":"https:\/\/euapp01.newsmemory.com\/lamarseillaise\/news\/wp-json\/wp\/v2\/users\/1"}],"replies":[{"embeddable":true,"href":"https:\/\/euapp01.newsmemory.com\/lamarseillaise\/news\/wp-json\/wp\/v2\/comments?post=38599"}],"version-history":[{"count":1,"href":"https:\/\/euapp01.newsmemory.com\/lamarseillaise\/news\/wp-json\/wp\/v2\/posts\/38599\/revisions"}],"predecessor-version":[{"id":38601,"href":"https:\/\/euapp01.newsmemory.com\/lamarseillaise\/news\/wp-json\/wp\/v2\/posts\/38599\/revisions\/38601"}],"wp:featuredmedia":[{"embeddable":true,"href":"https:\/\/euapp01.newsmemory.com\/lamarseillaise\/news\/wp-json\/wp\/v2\/media\/38600"}],"wp:attachment":[{"href":"https:\/\/euapp01.newsmemory.com\/lamarseillaise\/news\/wp-json\/wp\/v2\/media?parent=38599"}],"wp:term":[{"taxonomy":"category","embeddable":true,"href":"https:\/\/euapp01.newsmemory.com\/lamarseillaise\/news\/wp-json\/wp\/v2\/categories?post=38599"},{"taxonomy":"post_tag","embeddable":true,"href":"https:\/\/euapp01.newsmemory.com\/lamarseillaise\/news\/wp-json\/wp\/v2\/tags?post=38599"},{"taxonomy":"news-destination","embeddable":true,"href":"https:\/\/euapp01.newsmemory.com\/lamarseillaise\/news\/wp-json\/wp\/v2\/news-destination?post=38599"},{"taxonomy":"news-source","embeddable":true,"href":"https:\/\/euapp01.newsmemory.com\/lamarseillaise\/news\/wp-json\/wp\/v2\/news-source?post=38599"},{"taxonomy":"is_homepage","embeddable":true,"href":"https:\/\/euapp01.newsmemory.com\/lamarseillaise\/news\/wp-json\/wp\/v2\/is_homepage?post=38599"},{"taxonomy":"ta_other","embeddable":true,"href":"https:\/\/euapp01.newsmemory.com\/lamarseillaise\/news\/wp-json\/wp\/v2\/ta_other?post=38599"}],"curies":[{"name":"wp","href":"https:\/\/api.w.org\/{rel}","templated":true}]}}