{"id":38596,"date":"2026-08-06T08:10:00","date_gmt":"2026-08-06T06:10:00","guid":{"rendered":"https:\/\/euapp01.newsmemory.com\/lamarseillaise\/news\/?p=38596"},"modified":"2026-08-06T10:07:07","modified_gmt":"2026-08-06T08:07:07","slug":"la-visite-exceptionnelle-des-hibakushas","status":"publish","type":"post","link":"https:\/\/euapp01.newsmemory.com\/lamarseillaise\/news\/2026\/08\/06\/la-visite-exceptionnelle-des-hibakushas\/","title":{"rendered":"La visite exceptionnelle des hibakushas"},"content":{"rendered":"<div class=\"paragraph\">\n<p>Les t\u00e9moignages des derniers survivants des bombardements atomiques d\u2019Hiroshima et de Nagasaki sont pr\u00e9cieux, et leur combat, juste. \u00ab\u00a0<i>L\u2019arme nucl\u00e9aire n\u2019a pas sa place dans l\u2019humanit\u00e9<\/i><i>\u00a0<\/i>\u00bb, appuyait ainsi Hideto Matsuura, 80\u00a0ans, qui \u00e9tait encore dans le ventre de sa m\u00e8re au moment o\u00f9 l\u2019enfer a \u00e9t\u00e9 largu\u00e9 sur le Japon.<\/p>\n<\/p><\/div>\n","protected":false},"excerpt":{"rendered":"Les t&eacute;moignages des derniers survivants des bombardements atomiques d&rsquo;Hiroshima et de Nagasaki sont pr&eacute;cieux, et leur combat, juste. &laquo;&nbsp;L&rsquo;arme nucl&eacute;aire n&rsquo;a pas sa place dans &#8230;","protected":false},"author":1,"featured_media":38597,"comment_status":"open","ping_status":"open","sticky":false,"template":"","format":"standard","meta":{"footnotes":""},"categories":[337],"tags":[340,138,123,618,3265,341,920,344,125,121,222,2160],"news-destination":[],"news-source":[475],"is_homepage":[],"ta_other":[],"class_list":["post-38596","post","type-post","status-publish","format-standard","has-post-thumbnail","hentry","category-international","tag-armes-nucleaires","tag-associations","tag-bombe-atomique","tag-devoir-de-memoire","tag-humanite","tag-japon","tag-memoire","tag-mouvement-de-la-paix","tag-nucleaire","tag-paix","tag-region-sud-paca","tag-temoignages","news-source-website"],"_links":{"self":[{"href":"https:\/\/euapp01.newsmemory.com\/lamarseillaise\/news\/wp-json\/wp\/v2\/posts\/38596","targetHints":{"allow":["GET"]}}],"collection":[{"href":"https:\/\/euapp01.newsmemory.com\/lamarseillaise\/news\/wp-json\/wp\/v2\/posts"}],"about":[{"href":"https:\/\/euapp01.newsmemory.com\/lamarseillaise\/news\/wp-json\/wp\/v2\/types\/post"}],"author":[{"embeddable":true,"href":"https:\/\/euapp01.newsmemory.com\/lamarseillaise\/news\/wp-json\/wp\/v2\/users\/1"}],"replies":[{"embeddable":true,"href":"https:\/\/euapp01.newsmemory.com\/lamarseillaise\/news\/wp-json\/wp\/v2\/comments?post=38596"}],"version-history":[{"count":1,"href":"https:\/\/euapp01.newsmemory.com\/lamarseillaise\/news\/wp-json\/wp\/v2\/posts\/38596\/revisions"}],"predecessor-version":[{"id":38598,"href":"https:\/\/euapp01.newsmemory.com\/lamarseillaise\/news\/wp-json\/wp\/v2\/posts\/38596\/revisions\/38598"}],"wp:featuredmedia":[{"embeddable":true,"href":"https:\/\/euapp01.newsmemory.com\/lamarseillaise\/news\/wp-json\/wp\/v2\/media\/38597"}],"wp:attachment":[{"href":"https:\/\/euapp01.newsmemory.com\/lamarseillaise\/news\/wp-json\/wp\/v2\/media?parent=38596"}],"wp:term":[{"taxonomy":"category","embeddable":true,"href":"https:\/\/euapp01.newsmemory.com\/lamarseillaise\/news\/wp-json\/wp\/v2\/categories?post=38596"},{"taxonomy":"post_tag","embeddable":true,"href":"https:\/\/euapp01.newsmemory.com\/lamarseillaise\/news\/wp-json\/wp\/v2\/tags?post=38596"},{"taxonomy":"news-destination","embeddable":true,"href":"https:\/\/euapp01.newsmemory.com\/lamarseillaise\/news\/wp-json\/wp\/v2\/news-destination?post=38596"},{"taxonomy":"news-source","embeddable":true,"href":"https:\/\/euapp01.newsmemory.com\/lamarseillaise\/news\/wp-json\/wp\/v2\/news-source?post=38596"},{"taxonomy":"is_homepage","embeddable":true,"href":"https:\/\/euapp01.newsmemory.com\/lamarseillaise\/news\/wp-json\/wp\/v2\/is_homepage?post=38596"},{"taxonomy":"ta_other","embeddable":true,"href":"https:\/\/euapp01.newsmemory.com\/lamarseillaise\/news\/wp-json\/wp\/v2\/ta_other?post=38596"}],"curies":[{"name":"wp","href":"https:\/\/api.w.org\/{rel}","templated":true}]}}