{"id":38593,"date":"2026-08-06T08:11:00","date_gmt":"2026-08-06T06:11:00","guid":{"rendered":"https:\/\/euapp01.newsmemory.com\/lamarseillaise\/news\/?p=38593"},"modified":"2026-08-12T08:00:02","modified_gmt":"2026-08-12T06:00:02","slug":"entretien-pierre-villard-mouvement-de-la-paix-cest-toujours-emouvant-de-venir-a-hiroshima","status":"publish","type":"post","link":"https:\/\/euapp01.newsmemory.com\/lamarseillaise\/news\/2026\/08\/06\/entretien-pierre-villard-mouvement-de-la-paix-cest-toujours-emouvant-de-venir-a-hiroshima\/","title":{"rendered":"[Entretien] Pierre Villard, Mouvement de la paix : \u00ab&nbsp;C\u2019est toujours \u00e9mouvant de venir \u00e0 Hiroshima&nbsp;\u00bb"},"content":{"rendered":"<div class=\"paragraph\">\n<p><b>La Marseillaise :<\/b> <b>Dans quel contexte s\u2019inscrit votre nouveau d\u00e9placement au Japon<\/b><b>\u00a0<\/b><b>?<\/b><\/p>\n<p>Pierre Villard : L\u2019<a href=\"https:\/\/www.lamarseillaise.fr\/international\/pour-l-abolition-de-l-arme-atomique-CA20571506\">urgence de l\u2019\u00e9limination des armes nucl\u00e9aires<\/a> est encore plus forte aujourd\u2019hui que ce qu\u2019elle \u00e9tait il y a un an. Je le sens dans le contenu des d\u00e9bats. C\u2019est-\u00e0-dire que 2025, \u00e9tait une ann\u00e9e anniversaire, c\u2019\u00e9taient les 80\u00a0ans des bombardements donc il y avait beaucoup d\u2019expressions sur la r\u00e9alit\u00e9 de la bombe avec des t\u00e9moignages des hibakushas [personnes ayant surv\u00e9cu aux bombardements, ndlr]. \u00c9videmment, c\u2019est toujours tr\u00e8s pr\u00e9sent. Mais les mobilisations pour l\u2019\u00e9limination des armes nucl\u00e9aires, notamment en vue de la premi\u00e8re conf\u00e9rence d\u2019examen du Tian (trait\u00e9 sur l\u2019interdiction des armes nucl\u00e9aires), qui aura lieu en novembre prochain, ont pris plus de place. Nous sommes par ailleurs porteurs d\u2019une action qu\u2019on va proposer dans le monde entier le m\u00eame jour \u00e0 l\u2019ouverture de la conf\u00e9rence du trait\u00e9 d\u2019interdiction. La question de la convergence des actions pacifistes dans le monde entier, pour contraindre les gouvernements toujours r\u00e9ticents, reste au centre de nos discussions. Ces \u00c9tats sont de moins en moins nombreux quand m\u00eame, puisque l\u00e0, on vient d\u2019avoir le centi\u00e8me, les \u00celes Tonga, qui a sign\u00e9 le trait\u00e9 d\u2019interdiction des armes nucl\u00e9aires, quand 75 l\u2019ont ratifi\u00e9. Aujourd\u2019hui, la majorit\u00e9 des \u00c9tats s\u2019engagent pour le trait\u00e9, consid\u00e9rant que le seul moyen de se pr\u00e9munir de la menace atomique, ce n\u2019est pas de la contr\u00f4ler, mais c\u2019est de l\u2019\u00e9liminer.<\/p>\n<p><b>Qu\u2019est-ce qui a chang\u00e9 depuis<br \/>votre premi\u00e8re visite<\/b><b>\u00a0<\/b><b>?<\/b><\/p>\n<p>P.V.\u00a0: C\u2019est la sixi\u00e8me fois que je viens ici, la premi\u00e8re fois, c\u2019\u00e9tait il y a 15\u00a0ans donc je vois aussi des \u00e9volutions. Cette fois, il y a \u00e9norm\u00e9ment de gens de Cor\u00e9e du Sud car c\u2019est le pays o\u00f9 il y a le plus d\u2019hibakushas apr\u00e8s le Japon. Et pour cause, pendant la Seconde guerre mondiale, du fait de l\u2019imp\u00e9rialisme japonais, il y avait \u00e9norm\u00e9ment de prisonniers cor\u00e9ens au Japon, et qui, eux aussi, ont \u00e9t\u00e9 victimes des radiations. En France, on a les victimes des essais nucl\u00e9aires fran\u00e7ais, \u00e0 la fois en Alg\u00e9rie et en Polyn\u00e9sie. Ici, j\u2019ai pos\u00e9 concr\u00e8tement la question du lien et de la solidarit\u00e9 entre toutes les victimes des politiques nucl\u00e9aires, qu\u2019elles le soient des bombardements ou des recherches et des essais. Les milliers de Fran\u00e7ais qui, actuellement, sont membres de l\u2019Association des v\u00e9t\u00e9rans des essais nucl\u00e9aires (Aven) eux, ne se revendiquent pas comme \u00e9tant victimes de la bombe atomique.<\/p>\n<p><b>Comment ces \u00e9changes nourrissent vos actions<\/b><b>\u00a0<\/b><b>?<\/b><\/p>\n<p>P.V.\u00a0: \u00c0 titre tout \u00e0 fait personnel, c\u2019est toujours \u00e0 la fois \u00e9mouvant, enrichissant et rafra\u00eechissant de venir ici. C\u2019est \u00e9mouvant parce qu\u2019on a du mal \u00e0 s\u2019imaginer qu\u2019il y a 80\u00a0ans, la ville \u00e9tait ras\u00e9e. Cela renforce, \u00e0 la fois la valeur de l\u2019engagement pour la paix et l\u2019interdiction des armes nucl\u00e9aires et la n\u00e9cessit\u00e9 de le d\u00e9velopper encore. On r\u00e9fl\u00e9chit \u00e0 faire venir <a href=\"https:\/\/www.lamarseillaise.fr\/international\/la-visite-exceptionnelle-des-hibakushas-LA20572449\">les hibakushas<\/a> \u00e0 nouveau, d\u00e9but\u00a02027 dans le cadre des actions qu\u2019on va d\u00e9velopper pour la campagne des \u00e9lections pr\u00e9sidentielles. Nous sommes engag\u00e9s sur plusieurs mois d\u2019actions pour l\u2019\u00e9limination des armes nucl\u00e9aires avec une mont\u00e9e en puissance jusqu\u2019\u00e0 l\u2019\u00e9lection pr\u00e9sidentielle pour que cette question-l\u00e0 soit dans le d\u00e9bat public.<\/p>\n<\/p><\/div>\n","protected":false},"excerpt":{"rendered":"","protected":false},"author":1,"featured_media":38594,"comment_status":"open","ping_status":"open","sticky":false,"template":"","format":"standard","meta":{"footnotes":""},"categories":[3926,3925,337],"tags":[340,123,3613,343,341,344,222,3082,2167],"news-destination":[3944],"news-source":[475],"is_homepage":[],"ta_other":[],"class_list":["post-38593","post","type-post","status-publish","format-standard","has-post-thumbnail","hentry","category-accueil-merge","category-accueil-third","category-international","tag-armes-nucleaires","tag-bombe-atomique","tag-commemorations","tag-entretien","tag-japon","tag-mouvement-de-la-paix","tag-region-sud-paca","tag-seconde-guerre-mondiale","tag-temoignage","news-destination-homepage","news-source-website"],"_links":{"self":[{"href":"https:\/\/euapp01.newsmemory.com\/lamarseillaise\/news\/wp-json\/wp\/v2\/posts\/38593","targetHints":{"allow":["GET"]}}],"collection":[{"href":"https:\/\/euapp01.newsmemory.com\/lamarseillaise\/news\/wp-json\/wp\/v2\/posts"}],"about":[{"href":"https:\/\/euapp01.newsmemory.com\/lamarseillaise\/news\/wp-json\/wp\/v2\/types\/post"}],"author":[{"embeddable":true,"href":"https:\/\/euapp01.newsmemory.com\/lamarseillaise\/news\/wp-json\/wp\/v2\/users\/1"}],"replies":[{"embeddable":true,"href":"https:\/\/euapp01.newsmemory.com\/lamarseillaise\/news\/wp-json\/wp\/v2\/comments?post=38593"}],"version-history":[{"count":1,"href":"https:\/\/euapp01.newsmemory.com\/lamarseillaise\/news\/wp-json\/wp\/v2\/posts\/38593\/revisions"}],"predecessor-version":[{"id":38595,"href":"https:\/\/euapp01.newsmemory.com\/lamarseillaise\/news\/wp-json\/wp\/v2\/posts\/38593\/revisions\/38595"}],"wp:featuredmedia":[{"embeddable":true,"href":"https:\/\/euapp01.newsmemory.com\/lamarseillaise\/news\/wp-json\/wp\/v2\/media\/38594"}],"wp:attachment":[{"href":"https:\/\/euapp01.newsmemory.com\/lamarseillaise\/news\/wp-json\/wp\/v2\/media?parent=38593"}],"wp:term":[{"taxonomy":"category","embeddable":true,"href":"https:\/\/euapp01.newsmemory.com\/lamarseillaise\/news\/wp-json\/wp\/v2\/categories?post=38593"},{"taxonomy":"post_tag","embeddable":true,"href":"https:\/\/euapp01.newsmemory.com\/lamarseillaise\/news\/wp-json\/wp\/v2\/tags?post=38593"},{"taxonomy":"news-destination","embeddable":true,"href":"https:\/\/euapp01.newsmemory.com\/lamarseillaise\/news\/wp-json\/wp\/v2\/news-destination?post=38593"},{"taxonomy":"news-source","embeddable":true,"href":"https:\/\/euapp01.newsmemory.com\/lamarseillaise\/news\/wp-json\/wp\/v2\/news-source?post=38593"},{"taxonomy":"is_homepage","embeddable":true,"href":"https:\/\/euapp01.newsmemory.com\/lamarseillaise\/news\/wp-json\/wp\/v2\/is_homepage?post=38593"},{"taxonomy":"ta_other","embeddable":true,"href":"https:\/\/euapp01.newsmemory.com\/lamarseillaise\/news\/wp-json\/wp\/v2\/ta_other?post=38593"}],"curies":[{"name":"wp","href":"https:\/\/api.w.org\/{rel}","templated":true}]}}