{"id":38590,"date":"2026-08-06T07:53:00","date_gmt":"2026-08-06T05:53:00","guid":{"rendered":"https:\/\/euapp01.newsmemory.com\/lamarseillaise\/news\/?p=38590"},"modified":"2026-08-06T10:07:07","modified_gmt":"2026-08-06T08:07:07","slug":"vaucluse-des-panneaux-solaires-sur-les-toits-des-colleges","status":"publish","type":"post","link":"https:\/\/euapp01.newsmemory.com\/lamarseillaise\/news\/2026\/08\/06\/vaucluse-des-panneaux-solaires-sur-les-toits-des-colleges\/","title":{"rendered":"Vaucluse : des panneaux solaires sur les toits des coll\u00e8ges"},"content":{"rendered":"<div class=\"paragraph\">\n<p>Sont concern\u00e9s les coll\u00e8ges Alphonse Tavan de Montfavet,<br \/>Jean Giono \u00e0 Orange et Vallis Aeria \u00e0 Valr\u00e9as. Ce sont au total 514\u00a0panneaux photovolta\u00efques bifaciaux de derni\u00e8re g\u00e9n\u00e9ration qui seront d\u00e9ploy\u00e9s jusqu\u2019\u00e0 la fin de l\u2019ann\u00e9e. Un investissement de pr\u00e8s de 1,5\u00a0million d\u2019euros qui permet de g\u00e9n\u00e9rer une puissance cumul\u00e9e de 234\u00a0kWc. Des travaux qui comprennent \u00e9galement la r\u00e9novation des toitures afin \u00ab\u00a0<i>d\u2019am\u00e9liorer durablement la performance \u00e9nerg\u00e9tique des b\u00e2timents, leur confort d\u2019usage et leur r\u00e9sistance<\/i>\u00a0\u00bb, pr\u00e9cise le D\u00e9partement.<\/p>\n<\/p><\/div>\n","protected":false},"excerpt":{"rendered":"Sont concern&eacute;s les coll&egrave;ges Alphonse Tavan de Montfavet,Jean Giono &agrave; Orange et Vallis Aeria &agrave; Valr&eacute;as. Ce sont au total 514&nbsp;panneaux photovolta&iuml;ques bifaciaux de derni&egrave;re g&eacute;n&eacute;ration &#8230;","protected":false},"author":1,"featured_media":38591,"comment_status":"open","ping_status":"open","sticky":false,"template":"","format":"standard","meta":{"footnotes":""},"categories":[20],"tags":[673,1022,108,758,1455,1582,2127,166,171],"news-destination":[],"news-source":[475],"is_homepage":[],"ta_other":[],"class_list":["post-38590","post","type-post","status-publish","format-standard","has-post-thumbnail","hentry","category-societe","tag-colleges","tag-energie","tag-investissement","tag-panneaux-solaires","tag-photovoltaique","tag-renovation","tag-renovation-energetique","tag-travaux","tag-vaucluse","news-source-website"],"_links":{"self":[{"href":"https:\/\/euapp01.newsmemory.com\/lamarseillaise\/news\/wp-json\/wp\/v2\/posts\/38590","targetHints":{"allow":["GET"]}}],"collection":[{"href":"https:\/\/euapp01.newsmemory.com\/lamarseillaise\/news\/wp-json\/wp\/v2\/posts"}],"about":[{"href":"https:\/\/euapp01.newsmemory.com\/lamarseillaise\/news\/wp-json\/wp\/v2\/types\/post"}],"author":[{"embeddable":true,"href":"https:\/\/euapp01.newsmemory.com\/lamarseillaise\/news\/wp-json\/wp\/v2\/users\/1"}],"replies":[{"embeddable":true,"href":"https:\/\/euapp01.newsmemory.com\/lamarseillaise\/news\/wp-json\/wp\/v2\/comments?post=38590"}],"version-history":[{"count":1,"href":"https:\/\/euapp01.newsmemory.com\/lamarseillaise\/news\/wp-json\/wp\/v2\/posts\/38590\/revisions"}],"predecessor-version":[{"id":38592,"href":"https:\/\/euapp01.newsmemory.com\/lamarseillaise\/news\/wp-json\/wp\/v2\/posts\/38590\/revisions\/38592"}],"wp:featuredmedia":[{"embeddable":true,"href":"https:\/\/euapp01.newsmemory.com\/lamarseillaise\/news\/wp-json\/wp\/v2\/media\/38591"}],"wp:attachment":[{"href":"https:\/\/euapp01.newsmemory.com\/lamarseillaise\/news\/wp-json\/wp\/v2\/media?parent=38590"}],"wp:term":[{"taxonomy":"category","embeddable":true,"href":"https:\/\/euapp01.newsmemory.com\/lamarseillaise\/news\/wp-json\/wp\/v2\/categories?post=38590"},{"taxonomy":"post_tag","embeddable":true,"href":"https:\/\/euapp01.newsmemory.com\/lamarseillaise\/news\/wp-json\/wp\/v2\/tags?post=38590"},{"taxonomy":"news-destination","embeddable":true,"href":"https:\/\/euapp01.newsmemory.com\/lamarseillaise\/news\/wp-json\/wp\/v2\/news-destination?post=38590"},{"taxonomy":"news-source","embeddable":true,"href":"https:\/\/euapp01.newsmemory.com\/lamarseillaise\/news\/wp-json\/wp\/v2\/news-source?post=38590"},{"taxonomy":"is_homepage","embeddable":true,"href":"https:\/\/euapp01.newsmemory.com\/lamarseillaise\/news\/wp-json\/wp\/v2\/is_homepage?post=38590"},{"taxonomy":"ta_other","embeddable":true,"href":"https:\/\/euapp01.newsmemory.com\/lamarseillaise\/news\/wp-json\/wp\/v2\/ta_other?post=38590"}],"curies":[{"name":"wp","href":"https:\/\/api.w.org\/{rel}","templated":true}]}}