{"id":38587,"date":"2026-08-06T07:55:00","date_gmt":"2026-08-06T05:55:00","guid":{"rendered":"https:\/\/euapp01.newsmemory.com\/lamarseillaise\/news\/?p=38587"},"modified":"2026-08-06T10:07:07","modified_gmt":"2026-08-06T08:07:07","slug":"guillaume-afonso-nouveau-directeur-de-cabinet-du-prefet-du-var","status":"publish","type":"post","link":"https:\/\/euapp01.newsmemory.com\/lamarseillaise\/news\/2026\/08\/06\/guillaume-afonso-nouveau-directeur-de-cabinet-du-prefet-du-var\/","title":{"rendered":"Guillaume Afonso nouveau directeur de cabinet du Pr\u00e9fet du Var"},"content":{"rendered":"<div class=\"paragraph\">\n<p>\u00c0 46\u00a0ans, il arrive du d\u00e9partement du Nord, o\u00f9 il occupait le poste de secr\u00e9taire g\u00e9n\u00e9ral adjoint de la Pr\u00e9fecture depuis 2024. Il avait d\u00e9j\u00e0 \u00e9t\u00e9 directeur de cabinet d\u2019un pr\u00e9fet, en Ari\u00e8ge, de 2022 \u00e0 2024, et conna\u00eet la r\u00e9gion pour avoir \u00e9t\u00e9 le directeur des ressources humaines de l\u2019Universit\u00e9 d\u2019Aix-Marseille entre\u00a02016 et\u00a02019. Pas de temps d\u2019adaptation pour lui, puisqu\u2019il a dirig\u00e9, d\u00e8s sa prise de poste en juillet, le centre de crise mis en place par la pr\u00e9fecture pour la gestion des incendies.<\/p>\n<\/p><\/div>\n","protected":false},"excerpt":{"rendered":"&Agrave; 46&nbsp;ans, il arrive du d&eacute;partement du Nord, o&ugrave; il occupait le poste de secr&eacute;taire g&eacute;n&eacute;ral adjoint de la Pr&eacute;fecture depuis 2024. Il avait d&eacute;j&agrave; &eacute;t&eacute; directeur de cabinet &#8230;","protected":false},"author":1,"featured_media":38588,"comment_status":"open","ping_status":"open","sticky":false,"template":"","format":"standard","meta":{"footnotes":""},"categories":[20],"tags":[133,2225,1131,1567,31],"news-destination":[],"news-source":[475],"is_homepage":[],"ta_other":[],"class_list":["post-38587","post","type-post","status-publish","format-standard","has-post-thumbnail","hentry","category-societe","tag-departement","tag-poste","tag-prefecture","tag-prefet","tag-var","news-source-website"],"_links":{"self":[{"href":"https:\/\/euapp01.newsmemory.com\/lamarseillaise\/news\/wp-json\/wp\/v2\/posts\/38587","targetHints":{"allow":["GET"]}}],"collection":[{"href":"https:\/\/euapp01.newsmemory.com\/lamarseillaise\/news\/wp-json\/wp\/v2\/posts"}],"about":[{"href":"https:\/\/euapp01.newsmemory.com\/lamarseillaise\/news\/wp-json\/wp\/v2\/types\/post"}],"author":[{"embeddable":true,"href":"https:\/\/euapp01.newsmemory.com\/lamarseillaise\/news\/wp-json\/wp\/v2\/users\/1"}],"replies":[{"embeddable":true,"href":"https:\/\/euapp01.newsmemory.com\/lamarseillaise\/news\/wp-json\/wp\/v2\/comments?post=38587"}],"version-history":[{"count":1,"href":"https:\/\/euapp01.newsmemory.com\/lamarseillaise\/news\/wp-json\/wp\/v2\/posts\/38587\/revisions"}],"predecessor-version":[{"id":38589,"href":"https:\/\/euapp01.newsmemory.com\/lamarseillaise\/news\/wp-json\/wp\/v2\/posts\/38587\/revisions\/38589"}],"wp:featuredmedia":[{"embeddable":true,"href":"https:\/\/euapp01.newsmemory.com\/lamarseillaise\/news\/wp-json\/wp\/v2\/media\/38588"}],"wp:attachment":[{"href":"https:\/\/euapp01.newsmemory.com\/lamarseillaise\/news\/wp-json\/wp\/v2\/media?parent=38587"}],"wp:term":[{"taxonomy":"category","embeddable":true,"href":"https:\/\/euapp01.newsmemory.com\/lamarseillaise\/news\/wp-json\/wp\/v2\/categories?post=38587"},{"taxonomy":"post_tag","embeddable":true,"href":"https:\/\/euapp01.newsmemory.com\/lamarseillaise\/news\/wp-json\/wp\/v2\/tags?post=38587"},{"taxonomy":"news-destination","embeddable":true,"href":"https:\/\/euapp01.newsmemory.com\/lamarseillaise\/news\/wp-json\/wp\/v2\/news-destination?post=38587"},{"taxonomy":"news-source","embeddable":true,"href":"https:\/\/euapp01.newsmemory.com\/lamarseillaise\/news\/wp-json\/wp\/v2\/news-source?post=38587"},{"taxonomy":"is_homepage","embeddable":true,"href":"https:\/\/euapp01.newsmemory.com\/lamarseillaise\/news\/wp-json\/wp\/v2\/is_homepage?post=38587"},{"taxonomy":"ta_other","embeddable":true,"href":"https:\/\/euapp01.newsmemory.com\/lamarseillaise\/news\/wp-json\/wp\/v2\/ta_other?post=38587"}],"curies":[{"name":"wp","href":"https:\/\/api.w.org\/{rel}","templated":true}]}}