{"id":38584,"date":"2026-08-06T07:37:00","date_gmt":"2026-08-06T05:37:00","guid":{"rendered":"https:\/\/euapp01.newsmemory.com\/lamarseillaise\/news\/?p=38584"},"modified":"2026-08-12T07:21:03","modified_gmt":"2026-08-12T05:21:03","slug":"eau-de-gap-les-oppositions-interpellent-la-mairie","status":"publish","type":"post","link":"https:\/\/euapp01.newsmemory.com\/lamarseillaise\/news\/2026\/08\/06\/eau-de-gap-les-oppositions-interpellent-la-mairie\/","title":{"rendered":"Eau de Gap&nbsp;: les oppositions interpellent la mairie"},"content":{"rendered":"<div class=\"paragraph\">\n<p>Mi-juillet, dans un contexte de s\u00e9cheresse et de restriction d\u2019eau, le Pr\u00e9fet des Hautes-Alpes Philippe Bailb\u00e9, a affirm\u00e9 vouloir \u00ab\u00a0<i>reprendre la main<\/i>\u00a0\u00bb sur le dossier du partage de l\u2019eau entre Gap et le Champsaur. Dans la foul\u00e9e, l\u2019opposition de gauche gapen\u00e7aise est r\u00e9cemment mont\u00e9e au cr\u00e9neau. Dans une publication du 31\u00a0juillet, Charlotte Kuentz affirme la prise d\u2019eau des Ricous, qui capte une partie du Drac pour alimenter le bassin gapen\u00e7ais, est une \u00ab<i>\u00a0<\/i><i>installation vuln\u00e9rable et qui ne dispose plus d\u2019existence l\u00e9gale depuis 2020 pour l\u2019eau potable<\/i>\u00a0\u00bb, et qui repose uniquement sur l\u2019apport du Drac, dont les p\u00e9riodes de d\u00e9bit minimal s\u2019allongent dangereusement avec le r\u00e9chauffement climatique. Or, elle reproche \u00e0 la mairie son \u00ab<i>\u00a0<\/i><i>refus obstin\u00e9<\/i>\u00a0\u00bb de participer aux discussions avec la vall\u00e9e du Champsaur pour trouver une alternative viable.<\/p>\n<p>Selon elle, cette position de la mairie \u00ab<i>\u00a0<\/i><i>condamne de fait les agriculteurs du bassin gapen\u00e7ais \u00e0 subir de plein fouet les coupures d\u2019irrigation<\/i>\u00a0\u00bb, car, en cas de canicule et de restriction d\u2019eau, comme c\u2019est actuellement le cas, l\u2019alimentation en eau potable prime sur l\u2019usage agricole. \u00ab\u00a0<i>Si une solution n\u2019est pas rapidement trouv\u00e9e, ce probl\u00e8me fera autant rire que celui de la Rocade. Mais rire jaune, car il y a urgence<\/i><i>\u00a0<\/i>\u00bb, alerte de son c\u00f4t\u00e9 Elie Cordier, \u00e9lu d\u2019opposition de gauche.<\/p>\n<\/p><\/div>\n<div class=\"intext\"> Un conflit de longue date\n              <\/div>\n<div class=\"paragraph\">\n<p>Depuis le XIX<sup>e<\/sup>\u00a0si\u00e8cle, le canal de Gap pr\u00e9l\u00e8ve une partie du d\u00e9bit du Drac, qui traverse le Champsaur. Probl\u00e8me, avec les s\u00e9cheresses r\u00e9p\u00e9t\u00e9es, le d\u00e9bit du Drac diminue dangereusement et plusieurs communes de la vall\u00e9e du Champsaur estiment qu\u2019il est excessivement pr\u00e9lev\u00e9 pour les besoins gapen\u00e7ais, aux d\u00e9triments des leurs.<\/p>\n<\/p><\/div>\n","protected":false},"excerpt":{"rendered":"Mi-juillet, dans un contexte de s&eacute;cheresse et de restriction d&rsquo;eau, le Pr&eacute;fet des Hautes-Alpes Philippe Bailb&eacute;, a affirm&eacute; vouloir &laquo;&nbsp;reprendre la main&nbsp;&raquo; sur le dossier du partage de l&rsquo;eau &#8230;","protected":false},"author":1,"featured_media":38585,"comment_status":"open","ping_status":"open","sticky":false,"template":"","format":"standard","meta":{"footnotes":""},"categories":[3926,3925,330,20],"tags":[450,4768,372,309,1434,26,1907,540,2052,442,2221,1397],"news-destination":[3944],"news-source":[475],"is_homepage":[],"ta_other":[],"class_list":["post-38584","post","type-post","status-publish","format-standard","has-post-thumbnail","hentry","category-accueil-merge","category-accueil-third","category-politique","category-societe","tag-agriculteurs","tag-alpes","tag-canicule","tag-eau","tag-ecologie","tag-environnement","tag-fleuve","tag-gauche","tag-gestion-de-leau","tag-mairie","tag-restrictions","tag-secheresse","news-destination-homepage","news-source-website"],"_links":{"self":[{"href":"https:\/\/euapp01.newsmemory.com\/lamarseillaise\/news\/wp-json\/wp\/v2\/posts\/38584","targetHints":{"allow":["GET"]}}],"collection":[{"href":"https:\/\/euapp01.newsmemory.com\/lamarseillaise\/news\/wp-json\/wp\/v2\/posts"}],"about":[{"href":"https:\/\/euapp01.newsmemory.com\/lamarseillaise\/news\/wp-json\/wp\/v2\/types\/post"}],"author":[{"embeddable":true,"href":"https:\/\/euapp01.newsmemory.com\/lamarseillaise\/news\/wp-json\/wp\/v2\/users\/1"}],"replies":[{"embeddable":true,"href":"https:\/\/euapp01.newsmemory.com\/lamarseillaise\/news\/wp-json\/wp\/v2\/comments?post=38584"}],"version-history":[{"count":1,"href":"https:\/\/euapp01.newsmemory.com\/lamarseillaise\/news\/wp-json\/wp\/v2\/posts\/38584\/revisions"}],"predecessor-version":[{"id":38586,"href":"https:\/\/euapp01.newsmemory.com\/lamarseillaise\/news\/wp-json\/wp\/v2\/posts\/38584\/revisions\/38586"}],"wp:featuredmedia":[{"embeddable":true,"href":"https:\/\/euapp01.newsmemory.com\/lamarseillaise\/news\/wp-json\/wp\/v2\/media\/38585"}],"wp:attachment":[{"href":"https:\/\/euapp01.newsmemory.com\/lamarseillaise\/news\/wp-json\/wp\/v2\/media?parent=38584"}],"wp:term":[{"taxonomy":"category","embeddable":true,"href":"https:\/\/euapp01.newsmemory.com\/lamarseillaise\/news\/wp-json\/wp\/v2\/categories?post=38584"},{"taxonomy":"post_tag","embeddable":true,"href":"https:\/\/euapp01.newsmemory.com\/lamarseillaise\/news\/wp-json\/wp\/v2\/tags?post=38584"},{"taxonomy":"news-destination","embeddable":true,"href":"https:\/\/euapp01.newsmemory.com\/lamarseillaise\/news\/wp-json\/wp\/v2\/news-destination?post=38584"},{"taxonomy":"news-source","embeddable":true,"href":"https:\/\/euapp01.newsmemory.com\/lamarseillaise\/news\/wp-json\/wp\/v2\/news-source?post=38584"},{"taxonomy":"is_homepage","embeddable":true,"href":"https:\/\/euapp01.newsmemory.com\/lamarseillaise\/news\/wp-json\/wp\/v2\/is_homepage?post=38584"},{"taxonomy":"ta_other","embeddable":true,"href":"https:\/\/euapp01.newsmemory.com\/lamarseillaise\/news\/wp-json\/wp\/v2\/ta_other?post=38584"}],"curies":[{"name":"wp","href":"https:\/\/api.w.org\/{rel}","templated":true}]}}