{"id":38581,"date":"2026-08-06T07:50:00","date_gmt":"2026-08-06T05:50:00","guid":{"rendered":"https:\/\/euapp01.newsmemory.com\/lamarseillaise\/news\/?p=38581"},"modified":"2026-08-12T07:34:45","modified_gmt":"2026-08-12T05:34:45","slug":"du-covoiturage-plutot-que-le-projet-de-liaison-fos-salon","status":"publish","type":"post","link":"https:\/\/euapp01.newsmemory.com\/lamarseillaise\/news\/2026\/08\/06\/du-covoiturage-plutot-que-le-projet-de-liaison-fos-salon\/","title":{"rendered":"Du covoiturage plut\u00f4t que le projet de liaison Fos-Salon"},"content":{"rendered":"<div class=\"paragraph\">\n<p>\u00ab<i> N<\/i><i>otre id\u00e9e c\u2019est d\u2019abord de privil\u00e9gier le covoiturage en le rendant le plus pratique possible<\/i>\u00a0\u00bb, estime Pascal Bazile, copr\u00e9sident Istr\u00e9en de l\u2019association des V\u00e9los des \u00e9tangs. Alors que la r\u00e9alisation de la liaison Fos-Salon se profile pour 2032, l\u2019association propose un contre-projet \u00e0 cette route \u00e0 566\u00a0millions d\u2019euros devant accueillir 40\u00a0000\u00a0v\u00e9hicules par jour selon l\u2019\u00c9tat, dont 10\u00a0000\u00a0camions.<\/p>\n<p>C\u2019est pourquoi Pascal Bazile d\u00e9fend l\u2019id\u00e9e \u00ab\u00a0<i>d<\/i><i>e r\u00e9duire les voitures sur cet axe<\/i>\u00a0\u00bb pour \u00e9viter les travaux. \u00ab\u00a0<i>Nous trouvons que ce projet ne se justifie pas<\/i>\u00a0\u00bb, assume-t-il, \u00ab\u00a0<i>aux Pays-Bas, chaque gros carrefour dispose d\u2019une aire de covoiturage, de ranges-v\u00e9los et d\u2019arr\u00eat de bus, on est vraiment en retard<\/i><i>\u00a0<\/i>\u00bb, estime le militant \u00e9cologiste.<\/p>\n<\/p><\/div>\n<div class=\"intext\"> Une application<br \/>\n               <br \/>pour covoiturer\n              <\/div>\n<div class=\"paragraph\">\n<p>D\u00e9fenseur du v\u00e9lo, mais pas ayatollah. \u00ab\u00a0<i>\u00c9videmment que les gens qui viennent bosser \u00e0 Fos depuis Salon vont pas le faire \u00e0 v\u00e9lo<\/i><i>\u00a0<\/i>\u00bb, reconna\u00eet Pascal Bazile, \u00ab\u00a0<i>mais quelqu\u2019un de Miramas doit pouvoir acc\u00e9der \u00e0 une aire de covoiturage en v\u00e9lo ou en bus et se faire r\u00e9cup\u00e9rer par son coll\u00e8gue de Salon<\/i>\u00a0\u00bb, illustre-t-il. Pour compl\u00e9ter, l\u2019association a cr\u00e9\u00e9 une carte reprenant la liaison Fos-Salon pour y montrer les emplacements strat\u00e9giques pour ces futurs carrefours intermodaux. \u00ab<i>\u00a0<\/i><i>Il faut cesser d\u2019\u00eatre seul en voiture<\/i><i>\u00a0<\/i>\u00bb reprend le cycliste, \u00ab\u00a0<i>r\u00e9aliser les aires et adapter le transport est une chose, mais cr\u00e9er une application comme cela se fait \u00e0 Chamb\u00e9ry ou bien d\u2019autres endroits, est n\u00e9cessaire<\/i>\u00a0\u00bb, estime Pascal Bazile.<\/p>\n<p>Reste \u00e0 porter cette politique. La M\u00e9tropole propose d\u00e9j\u00e0 un dispositif de covoiturage avec application en lien avec les entreprises. Le plan de d\u00e9placement urbain pr\u00e9voit notamment la r\u00e9duction de 68\u00a0\u00e0 60% des d\u00e9placements en voiture particuli\u00e8re sur cet axe.<\/p>\n<\/p><\/div>\n","protected":false},"excerpt":{"rendered":"&laquo; Notre id&eacute;e c&rsquo;est d&rsquo;abord de privil&eacute;gier le covoiturage en le rendant le plus pratique possible&nbsp;&raquo;, estime Pascal Bazile, copr&eacute;sident Istr&eacute;en de l&rsquo;association des V&eacute;los des &#8230;","protected":false},"author":1,"featured_media":38582,"comment_status":"open","ping_status":"open","sticky":false,"template":"","format":"standard","meta":{"footnotes":""},"categories":[3926,3925,338,330,20],"tags":[168,10,1386,1901,1955,670,1434,486,26,482,534,535,671,1385,191,1313,666,595,1183,807,2552,1175],"news-destination":[3944],"news-source":[475],"is_homepage":[],"ta_other":[],"class_list":["post-38581","post","type-post","status-publish","format-standard","has-post-thumbnail","hentry","category-accueil-merge","category-accueil-third","category-economie","category-politique","category-societe","tag-association","tag-bouches-du-rhone","tag-bus","tag-camions","tag-covoiturage","tag-deplacements","tag-ecologie","tag-entreprises","tag-environnement","tag-fos-sur-mer","tag-istres","tag-metropole","tag-metropole-aix-marseille","tag-mobilite","tag-politique","tag-salon-de-provence","tag-transports","tag-urbanisme","tag-vehicules","tag-velo","tag-velos","tag-voitures","news-destination-homepage","news-source-website"],"_links":{"self":[{"href":"https:\/\/euapp01.newsmemory.com\/lamarseillaise\/news\/wp-json\/wp\/v2\/posts\/38581","targetHints":{"allow":["GET"]}}],"collection":[{"href":"https:\/\/euapp01.newsmemory.com\/lamarseillaise\/news\/wp-json\/wp\/v2\/posts"}],"about":[{"href":"https:\/\/euapp01.newsmemory.com\/lamarseillaise\/news\/wp-json\/wp\/v2\/types\/post"}],"author":[{"embeddable":true,"href":"https:\/\/euapp01.newsmemory.com\/lamarseillaise\/news\/wp-json\/wp\/v2\/users\/1"}],"replies":[{"embeddable":true,"href":"https:\/\/euapp01.newsmemory.com\/lamarseillaise\/news\/wp-json\/wp\/v2\/comments?post=38581"}],"version-history":[{"count":1,"href":"https:\/\/euapp01.newsmemory.com\/lamarseillaise\/news\/wp-json\/wp\/v2\/posts\/38581\/revisions"}],"predecessor-version":[{"id":38583,"href":"https:\/\/euapp01.newsmemory.com\/lamarseillaise\/news\/wp-json\/wp\/v2\/posts\/38581\/revisions\/38583"}],"wp:featuredmedia":[{"embeddable":true,"href":"https:\/\/euapp01.newsmemory.com\/lamarseillaise\/news\/wp-json\/wp\/v2\/media\/38582"}],"wp:attachment":[{"href":"https:\/\/euapp01.newsmemory.com\/lamarseillaise\/news\/wp-json\/wp\/v2\/media?parent=38581"}],"wp:term":[{"taxonomy":"category","embeddable":true,"href":"https:\/\/euapp01.newsmemory.com\/lamarseillaise\/news\/wp-json\/wp\/v2\/categories?post=38581"},{"taxonomy":"post_tag","embeddable":true,"href":"https:\/\/euapp01.newsmemory.com\/lamarseillaise\/news\/wp-json\/wp\/v2\/tags?post=38581"},{"taxonomy":"news-destination","embeddable":true,"href":"https:\/\/euapp01.newsmemory.com\/lamarseillaise\/news\/wp-json\/wp\/v2\/news-destination?post=38581"},{"taxonomy":"news-source","embeddable":true,"href":"https:\/\/euapp01.newsmemory.com\/lamarseillaise\/news\/wp-json\/wp\/v2\/news-source?post=38581"},{"taxonomy":"is_homepage","embeddable":true,"href":"https:\/\/euapp01.newsmemory.com\/lamarseillaise\/news\/wp-json\/wp\/v2\/is_homepage?post=38581"},{"taxonomy":"ta_other","embeddable":true,"href":"https:\/\/euapp01.newsmemory.com\/lamarseillaise\/news\/wp-json\/wp\/v2\/ta_other?post=38581"}],"curies":[{"name":"wp","href":"https:\/\/api.w.org\/{rel}","templated":true}]}}