{"id":38578,"date":"2026-08-06T07:51:00","date_gmt":"2026-08-06T05:51:00","guid":{"rendered":"https:\/\/euapp01.newsmemory.com\/lamarseillaise\/news\/?p=38578"},"modified":"2026-08-12T07:34:45","modified_gmt":"2026-08-12T05:34:45","slug":"des-crs-bien-occupes-assurent-la-securite-sur-la-plage-des-catalans","status":"publish","type":"post","link":"https:\/\/euapp01.newsmemory.com\/lamarseillaise\/news\/2026\/08\/06\/des-crs-bien-occupes-assurent-la-securite-sur-la-plage-des-catalans\/","title":{"rendered":"Des CRS bien occup\u00e9s assurent la s\u00e9curit\u00e9 sur la plage des Catalans"},"content":{"rendered":"<div class=\"paragraph\">\n<p>Venue du Sud Ouest, la CRS\u00a014 assure depuis le 14\u00a0juillet la surveillance d\u2019une des plages les plus fr\u00e9quent\u00e9es de la ville, les Catalans. Les 5\u00a0policiers, ma\u00eetres-nageurs sauveteurs et Vttiste ont fort \u00e0 faire, ont-ils expliqu\u00e9 ce mercredi 5\u00a0ao\u00fbt \u00e0 la pr\u00e9f\u00e8te de police d\u00e9l\u00e9gu\u00e9e, Corinne Simon, venue leur rendre visite.<\/p>\n<p>Pas moins de 200\u00a0amendes forfaitaires sp\u00e9cifiques, des vols, des malaises et beaucoup d\u2019incivilit\u00e9s, dont les enceintes \u00e0 fond, le tout par 31\u00a0\u00e0 38\u00a0degr\u00e9s, sept jours sur sept, de midi \u00e0 19h30, raconte le brigadier-chef Jean-Fran\u00e7ois. Dans un seau, il a rassembl\u00e9 un tas de mat\u00e9riel confisqu\u00e9, destin\u00e9 \u00e0 la consommation de stup\u2019, sur le mois. Quelques minutes auparavant, un homme compl\u00e8tement ivre et sous l\u2019emprise de drogue a \u00e9t\u00e9 arr\u00eat\u00e9.<\/p>\n<p>\u00ab\u00a0<i>Jusqu\u2019\u00e0 pr\u00e9sent, il y avait deux plages surveill\u00e9es par les CRS, Sormiou et La Ciotat<\/i>\u00a0\u00bb, explique la pr\u00e9f\u00e8te, \u00ab\u00a0<i>une demande a \u00e9t\u00e9 faite aupr\u00e8s du cabinet du ministre de l\u2019Int\u00e9rieur pour avoir des effectifs suppl\u00e9mentaires parce qu\u2019\u00e0 chaque bilan que nous faisons en fin de saison, on s\u2019aper\u00e7oit que la plage des Catalans est \u00e9norm\u00e9ment fr\u00e9quent\u00e9e, il \u00e9tait important de mieux s\u00e9curiser<\/i><i>\u00a0<\/i>\u00bb. Les CRS travaillent en partenariat avec la police municipale, pr\u00e9cise Jo\u00ebl Canicave (PS), adjoint au maire en charge des finances. \u00c0 l\u2019ombre du mur du poste de secours, Simone, Albert, Pierrette, Corinne, Chantal, Lucie et Sabrine, qui \u00ab<i>\u00a0<\/i><i>viennent l\u00e0 depuis 50<\/i><i>\u00a0<\/i><i>ans<\/i><i>\u00a0<\/i>\u00bb sont ravis<i>. <\/i>\u00ab\u00a0<i>Cela fait du bien de les avoir, on va les regretter<\/i>\u00a0\u00bb, d\u00e9plore la bande de copines.<\/p>\n<\/p><\/div>\n","protected":false},"excerpt":{"rendered":"Venue du Sud Ouest, la CRS&nbsp;14 assure depuis le 14&nbsp;juillet la surveillance d&rsquo;une des plages les plus fr&eacute;quent&eacute;es de la ville, les Catalans. Les 5&nbsp;policiers, ma&icirc;tres-nageurs sauveteurs et Vttiste ont fort &#8230;","protected":false},"author":1,"featured_media":38579,"comment_status":"open","ping_status":"open","sticky":false,"template":"","format":"standard","meta":{"footnotes":""},"categories":[3926,3925,20],"tags":[1707,1635,723,10,3136,181,1893,2964,2059,409,814,752,16,497,1095,3694,888,763,734,1699,3203,543,1211,1695,381,111,88,988],"news-destination":[3944],"news-source":[475],"is_homepage":[],"ta_other":[],"class_list":["post-38578","post","type-post","status-publish","format-standard","has-post-thumbnail","hentry","category-accueil-merge","category-accueil-third","category-societe","tag-agents","tag-amendes","tag-bilan","tag-bouches-du-rhone","tag-catalans","tag-centre-ville","tag-consommation","tag-corinne-simon","tag-drogue","tag-effectifs","tag-joel-canicave","tag-maire","tag-marseille","tag-ministre","tag-partenariat","tag-plage","tag-plages","tag-police","tag-police-municipale","tag-policiers","tag-prefete","tag-ps","tag-saison","tag-sauveteurs","tag-secours","tag-securite","tag-surveillance","tag-week-end","news-destination-homepage","news-source-website"],"_links":{"self":[{"href":"https:\/\/euapp01.newsmemory.com\/lamarseillaise\/news\/wp-json\/wp\/v2\/posts\/38578","targetHints":{"allow":["GET"]}}],"collection":[{"href":"https:\/\/euapp01.newsmemory.com\/lamarseillaise\/news\/wp-json\/wp\/v2\/posts"}],"about":[{"href":"https:\/\/euapp01.newsmemory.com\/lamarseillaise\/news\/wp-json\/wp\/v2\/types\/post"}],"author":[{"embeddable":true,"href":"https:\/\/euapp01.newsmemory.com\/lamarseillaise\/news\/wp-json\/wp\/v2\/users\/1"}],"replies":[{"embeddable":true,"href":"https:\/\/euapp01.newsmemory.com\/lamarseillaise\/news\/wp-json\/wp\/v2\/comments?post=38578"}],"version-history":[{"count":1,"href":"https:\/\/euapp01.newsmemory.com\/lamarseillaise\/news\/wp-json\/wp\/v2\/posts\/38578\/revisions"}],"predecessor-version":[{"id":38580,"href":"https:\/\/euapp01.newsmemory.com\/lamarseillaise\/news\/wp-json\/wp\/v2\/posts\/38578\/revisions\/38580"}],"wp:featuredmedia":[{"embeddable":true,"href":"https:\/\/euapp01.newsmemory.com\/lamarseillaise\/news\/wp-json\/wp\/v2\/media\/38579"}],"wp:attachment":[{"href":"https:\/\/euapp01.newsmemory.com\/lamarseillaise\/news\/wp-json\/wp\/v2\/media?parent=38578"}],"wp:term":[{"taxonomy":"category","embeddable":true,"href":"https:\/\/euapp01.newsmemory.com\/lamarseillaise\/news\/wp-json\/wp\/v2\/categories?post=38578"},{"taxonomy":"post_tag","embeddable":true,"href":"https:\/\/euapp01.newsmemory.com\/lamarseillaise\/news\/wp-json\/wp\/v2\/tags?post=38578"},{"taxonomy":"news-destination","embeddable":true,"href":"https:\/\/euapp01.newsmemory.com\/lamarseillaise\/news\/wp-json\/wp\/v2\/news-destination?post=38578"},{"taxonomy":"news-source","embeddable":true,"href":"https:\/\/euapp01.newsmemory.com\/lamarseillaise\/news\/wp-json\/wp\/v2\/news-source?post=38578"},{"taxonomy":"is_homepage","embeddable":true,"href":"https:\/\/euapp01.newsmemory.com\/lamarseillaise\/news\/wp-json\/wp\/v2\/is_homepage?post=38578"},{"taxonomy":"ta_other","embeddable":true,"href":"https:\/\/euapp01.newsmemory.com\/lamarseillaise\/news\/wp-json\/wp\/v2\/ta_other?post=38578"}],"curies":[{"name":"wp","href":"https:\/\/api.w.org\/{rel}","templated":true}]}}