{"id":38572,"date":"2026-08-06T07:41:00","date_gmt":"2026-08-06T05:41:00","guid":{"rendered":"https:\/\/euapp01.newsmemory.com\/lamarseillaise\/news\/?p=38572"},"modified":"2026-08-06T10:07:07","modified_gmt":"2026-08-06T08:07:07","slug":"tour-de-france-demi-vollering-prend-le-meilleur","status":"publish","type":"post","link":"https:\/\/euapp01.newsmemory.com\/lamarseillaise\/news\/2026\/08\/06\/tour-de-france-demi-vollering-prend-le-meilleur\/","title":{"rendered":"[Tour de France] Demi Vollering prend le meilleur"},"content":{"rendered":"<div class=\"paragraph\">\n<p>La N\u00e9erlandaise Demi Vollering a remport\u00e9 mercredi \u00e0 Belleville-en-Beaujolais la 5<sup>e<\/sup>\u00a0\u00e9tape du Tour de France Femmes en devan\u00e7ant au sprint la Suissesse Marlen Reusser, qui a conserv\u00e9 le maillot jaune, et la Polonaise Kasia Niewiadoma.<\/p>\n<p>Ces trois coureuses se sont isol\u00e9es en t\u00eate en deux temps, sous l\u2019impulsion de Vollering, dans les deux derni\u00e8res des huit difficult\u00e9s du jour, le Col de Durbize et Mont Brouilly, \u00e0 30 puis 10\u00a0kilom\u00e8tres de la ligne. Auparavant, un groupe s\u2019\u00e9tait \u00e9chapp\u00e9 dans la seconde partie de journ\u00e9e avec quelques \u00e9l\u00e9ments solides, ce qui pouvait esp\u00e9rer une victoire finale. Ce ne fut finalement pas le cas. Laur\u00e9ate sortante, la Fran\u00e7aise Pauline Ferrand-Pr\u00e9vot a connu une mauvaise journ\u00e9e en terminant \u00e0 deux minutes et demie de la vainqueure, perdant toute chance de r\u00e9aliser le doubl\u00e9. Elle pointe d\u00e9sormais \u00e0 la 17<sup>e<\/sup>\u00a0place du classement \u00e0 cinq minutes de la t\u00eate. \u00ab\u00a0<i>Il ne faut pas se voiler la face<\/i><i>\u00a0<\/i><i>: un tel \u00e9cart, c\u2019est irr\u00e9cup\u00e9rable<\/i>\u00a0\u00bb, a conc\u00e9d\u00e9 la R\u00e9moise.<\/p>\n<\/p><\/div>\n<div class=\"intext\"> Pieterse fait le trou pour<br \/>\n               <br \/>le maillot \u00e0 pois\n              <\/div>\n<div class=\"paragraph\">\n<p>Demi Vollering \/ Marlen Reusser \/ Kasia Niewiadoma\u00a0: le trio de t\u00eate de cette \u00e9tape disput\u00e9e dans les monts du Beaujolais pr\u00e9figure sans doute le podium final le 9\u00a0ao\u00fbt. Restera \u00e0 conna\u00eetre l\u2019ordre dimanche soir \u00e0 Nice.<\/p>\n<p>Au classement provisoire, Reusser reste en t\u00eate avec 12 secondes d\u2019avance sur Vollering. Niewiadoma, 3<sup>e<\/sup>, conc\u00e8de 1 mn 17 sec.<\/p>\n<p>Le trou est fait avec la quatri\u00e8me place occup\u00e9e par l\u2019Allemande Antonia Niedermaier \u00e0 2:40. Autre grande gagnante de la journ\u00e9e de mercredi sur les routes du Tour\u00a0: Puck Pieterse. La N\u00e9erlandaise d\u2019Alpecin, championne du monde de VTT comme Pauline Ferrand-Pr\u00e9vot, a accentu\u00e9 son avance au classement de la montagne. En passant en t\u00eate des six premiers grands prix (sur huit), elle compte d\u00e9sormais 37 points au compteur, soit 23 de mieux que sa dauphine.<\/p>\n<\/p><\/div>\n<div class=\"intext\"> La vall\u00e9e du Rh\u00f4ne<br \/>\n               <br \/>avant le Ventoux\n              <\/div>\n<div class=\"paragraph\">\n<p>Jeudi, entre Montbrison et Tournon-sur-Rh\u00f4ne, la 6<sup>e<\/sup>\u00a0\u00e9tape propose un nouveau parcours accident\u00e9, d\u00e9licat \u00e0 n\u00e9gocier apr\u00e8s six jours de course. \u00c0 moins de 50\u00a0km de la ligne, le col de Lalouvesc (8,6\u00a0km \u00e0 5%) favorisera un \u00e9cr\u00e9mage et peut-\u00eatre une belle \u00e9chapp\u00e9e.<\/p>\n<p>Une nouvelle journ\u00e9e casse-pattes donc, avant que le peloton du Tour de France Femmes ne s\u2019attaque au Mont Ventoux. Le g\u00e9ant de Provence devrait \u00eatre le juge de paix de cette \u00e9dition 2026. Apr\u00e8s cette \u00e9tape, les favorites y verront sans doute plus clair \u00e0 propos de leurs ambitions.<\/p>\n<\/p><\/div>\n<div class=\"paragraph\">\n<p><i>Ce jeudi, 6<\/i><i><sup>e<\/sup><\/i><i> \u00e9tape entre Montbrison et Tournon-sur-Rh\u00f4ne (153,4<\/i><i>\u00a0<\/i><i>km)<\/i><\/p>\n<\/p><\/div>\n","protected":false},"excerpt":{"rendered":"La N&eacute;erlandaise Demi Vollering a remport&eacute; mercredi &agrave; Belleville-en-Beaujolais la 5e&nbsp;&eacute;tape du Tour de France Femmes en devan&ccedil;ant au sprint la Suissesse Marlen Reusser, qui a conserv&eacute; le maillot jaune, et &#8230;","protected":false},"author":1,"featured_media":38573,"comment_status":"open","ping_status":"open","sticky":false,"template":"","format":"standard","meta":{"footnotes":""},"categories":[7],"tags":[1144,572,3253,3254],"news-destination":[],"news-source":[475],"is_homepage":[],"ta_other":[],"class_list":["post-38572","post","type-post","status-publish","format-standard","has-post-thumbnail","hentry","category-sports","tag-cyclisme","tag-france","tag-tour-de-france","tag-tour-de-france-feminin","news-source-website"],"_links":{"self":[{"href":"https:\/\/euapp01.newsmemory.com\/lamarseillaise\/news\/wp-json\/wp\/v2\/posts\/38572","targetHints":{"allow":["GET"]}}],"collection":[{"href":"https:\/\/euapp01.newsmemory.com\/lamarseillaise\/news\/wp-json\/wp\/v2\/posts"}],"about":[{"href":"https:\/\/euapp01.newsmemory.com\/lamarseillaise\/news\/wp-json\/wp\/v2\/types\/post"}],"author":[{"embeddable":true,"href":"https:\/\/euapp01.newsmemory.com\/lamarseillaise\/news\/wp-json\/wp\/v2\/users\/1"}],"replies":[{"embeddable":true,"href":"https:\/\/euapp01.newsmemory.com\/lamarseillaise\/news\/wp-json\/wp\/v2\/comments?post=38572"}],"version-history":[{"count":1,"href":"https:\/\/euapp01.newsmemory.com\/lamarseillaise\/news\/wp-json\/wp\/v2\/posts\/38572\/revisions"}],"predecessor-version":[{"id":38574,"href":"https:\/\/euapp01.newsmemory.com\/lamarseillaise\/news\/wp-json\/wp\/v2\/posts\/38572\/revisions\/38574"}],"wp:featuredmedia":[{"embeddable":true,"href":"https:\/\/euapp01.newsmemory.com\/lamarseillaise\/news\/wp-json\/wp\/v2\/media\/38573"}],"wp:attachment":[{"href":"https:\/\/euapp01.newsmemory.com\/lamarseillaise\/news\/wp-json\/wp\/v2\/media?parent=38572"}],"wp:term":[{"taxonomy":"category","embeddable":true,"href":"https:\/\/euapp01.newsmemory.com\/lamarseillaise\/news\/wp-json\/wp\/v2\/categories?post=38572"},{"taxonomy":"post_tag","embeddable":true,"href":"https:\/\/euapp01.newsmemory.com\/lamarseillaise\/news\/wp-json\/wp\/v2\/tags?post=38572"},{"taxonomy":"news-destination","embeddable":true,"href":"https:\/\/euapp01.newsmemory.com\/lamarseillaise\/news\/wp-json\/wp\/v2\/news-destination?post=38572"},{"taxonomy":"news-source","embeddable":true,"href":"https:\/\/euapp01.newsmemory.com\/lamarseillaise\/news\/wp-json\/wp\/v2\/news-source?post=38572"},{"taxonomy":"is_homepage","embeddable":true,"href":"https:\/\/euapp01.newsmemory.com\/lamarseillaise\/news\/wp-json\/wp\/v2\/is_homepage?post=38572"},{"taxonomy":"ta_other","embeddable":true,"href":"https:\/\/euapp01.newsmemory.com\/lamarseillaise\/news\/wp-json\/wp\/v2\/ta_other?post=38572"}],"curies":[{"name":"wp","href":"https:\/\/api.w.org\/{rel}","templated":true}]}}