{"id":38566,"date":"2026-08-06T07:34:00","date_gmt":"2026-08-06T05:34:00","guid":{"rendered":"https:\/\/euapp01.newsmemory.com\/lamarseillaise\/news\/?p=38566"},"modified":"2026-08-06T10:07:07","modified_gmt":"2026-08-06T08:07:07","slug":"cest-lete-le-planetarium-peiresc-et-ses-activites","status":"publish","type":"post","link":"https:\/\/euapp01.newsmemory.com\/lamarseillaise\/news\/2026\/08\/06\/cest-lete-le-planetarium-peiresc-et-ses-activites\/","title":{"rendered":"[C\u2019est l\u2019\u00e9t\u00e9] Le plan\u00e9tarium Peiresc et ses activit\u00e9s"},"content":{"rendered":"<div class=\"paragraph\">\n<p>Partez en immersion direction l\u2019Univers, le syst\u00e8me solaire et apprenez-en davantage sur toutes les merveilles et les myst\u00e8res qu\u2019il abrite. Ce jeudi et chaque jour au mois d\u2019ao\u00fbt, le plan\u00e9tarium Peiresc \u00e0 Aix-en-Provence ouvre ses portes aux petits comme aux grands pour leur proposer des ateliers divers et vari\u00e9s autour de l\u2019infiniment grand.<\/p>\n<\/p><\/div>\n<div class=\"intext\"> Pour les petits bouts<br \/>\n               <br \/>et les plus grands\n              <\/div>\n<div class=\"paragraph\">\n<p>En ce qui concerne les activit\u00e9s de la journ\u00e9e qui vous sont propos\u00e9es, apprenez-en davantage sur l\u2019exploration de la plan\u00e8te Mars qui se poursuit encore de nos jours. C\u2019est \u00e0 vivre \u00e0 partir de 7\u00a0ans et d\u00e8s 11h. Percez \u00e0 partir du m\u00eame \u00e2ge tous les secrets et myst\u00e8res du Syst\u00e8me solaire avec un atelier propos\u00e9 \u00e0 14h.<\/p>\n<p>Les petits bouts d\u00e8s 4\u00a0ans pourront quant \u00e0 eux partir \u00e0 la d\u00e9couverte des \u00e9toiles \u00e0 15h. Ou encore en savoir plus sur les robots que l\u2019on retrouve dans l\u2019espace \u00e0 partir de 16h.<\/p>\n<\/p><\/div>\n<div class=\"paragraph\">\n<p><i>Pour <a rel=\"nofollow noopener noreferrer\" href=\"https:\/\/aix-planetarium.fr\/\" target=\"_blank\">r\u00e9server<\/a><\/i><a rel=\"nofollow noopener noreferrer\" href=\"https:\/\/aix-planetarium.fr\/\" target=\"_blank\"><i>\u00a0<\/i><\/a><i><a rel=\"nofollow noopener noreferrer\" href=\"https:\/\/aix-planetarium.fr\/\" target=\"_blank\">: aix-planetarium.fr<\/a>. Comptez 9<\/i><i>\u00a0<\/i><i>euros pour les adultes<br \/>et 6<\/i><i>\u00a0<\/i><i>euros pour les enfants.<\/i><\/p>\n<\/p><\/div>\n","protected":false},"excerpt":{"rendered":"Partez en immersion direction l&rsquo;Univers, le syst&egrave;me solaire et apprenez-en davantage sur toutes les merveilles et les myst&egrave;res qu&rsquo;il abrite. Ce jeudi et chaque jour au mois d&rsquo;ao&ucirc;t, le plan&eacute;tarium Peiresc &#8230;","protected":false},"author":1,"featured_media":38567,"comment_status":"open","ping_status":"open","sticky":false,"template":"","format":"standard","meta":{"footnotes":""},"categories":[20],"tags":[556,130,10,6085,57,151,754,6218,2603],"news-destination":[],"news-source":[475],"is_homepage":[],"ta_other":[],"class_list":["post-38566","post","type-post","status-publish","format-standard","has-post-thumbnail","hentry","category-societe","tag-aix-en-provence","tag-ateliers","tag-bouches-du-rhone","tag-cest-lete","tag-enfants","tag-espace","tag-familles","tag-systeme-solaire","tag-univers","news-source-website"],"_links":{"self":[{"href":"https:\/\/euapp01.newsmemory.com\/lamarseillaise\/news\/wp-json\/wp\/v2\/posts\/38566","targetHints":{"allow":["GET"]}}],"collection":[{"href":"https:\/\/euapp01.newsmemory.com\/lamarseillaise\/news\/wp-json\/wp\/v2\/posts"}],"about":[{"href":"https:\/\/euapp01.newsmemory.com\/lamarseillaise\/news\/wp-json\/wp\/v2\/types\/post"}],"author":[{"embeddable":true,"href":"https:\/\/euapp01.newsmemory.com\/lamarseillaise\/news\/wp-json\/wp\/v2\/users\/1"}],"replies":[{"embeddable":true,"href":"https:\/\/euapp01.newsmemory.com\/lamarseillaise\/news\/wp-json\/wp\/v2\/comments?post=38566"}],"version-history":[{"count":1,"href":"https:\/\/euapp01.newsmemory.com\/lamarseillaise\/news\/wp-json\/wp\/v2\/posts\/38566\/revisions"}],"predecessor-version":[{"id":38568,"href":"https:\/\/euapp01.newsmemory.com\/lamarseillaise\/news\/wp-json\/wp\/v2\/posts\/38566\/revisions\/38568"}],"wp:featuredmedia":[{"embeddable":true,"href":"https:\/\/euapp01.newsmemory.com\/lamarseillaise\/news\/wp-json\/wp\/v2\/media\/38567"}],"wp:attachment":[{"href":"https:\/\/euapp01.newsmemory.com\/lamarseillaise\/news\/wp-json\/wp\/v2\/media?parent=38566"}],"wp:term":[{"taxonomy":"category","embeddable":true,"href":"https:\/\/euapp01.newsmemory.com\/lamarseillaise\/news\/wp-json\/wp\/v2\/categories?post=38566"},{"taxonomy":"post_tag","embeddable":true,"href":"https:\/\/euapp01.newsmemory.com\/lamarseillaise\/news\/wp-json\/wp\/v2\/tags?post=38566"},{"taxonomy":"news-destination","embeddable":true,"href":"https:\/\/euapp01.newsmemory.com\/lamarseillaise\/news\/wp-json\/wp\/v2\/news-destination?post=38566"},{"taxonomy":"news-source","embeddable":true,"href":"https:\/\/euapp01.newsmemory.com\/lamarseillaise\/news\/wp-json\/wp\/v2\/news-source?post=38566"},{"taxonomy":"is_homepage","embeddable":true,"href":"https:\/\/euapp01.newsmemory.com\/lamarseillaise\/news\/wp-json\/wp\/v2\/is_homepage?post=38566"},{"taxonomy":"ta_other","embeddable":true,"href":"https:\/\/euapp01.newsmemory.com\/lamarseillaise\/news\/wp-json\/wp\/v2\/ta_other?post=38566"}],"curies":[{"name":"wp","href":"https:\/\/api.w.org\/{rel}","templated":true}]}}