{"id":38560,"date":"2026-08-06T07:28:00","date_gmt":"2026-08-06T05:28:00","guid":{"rendered":"https:\/\/euapp01.newsmemory.com\/lamarseillaise\/news\/?p=38560"},"modified":"2026-08-06T10:07:07","modified_gmt":"2026-08-06T08:07:07","slug":"cest-lete-visite-guidee-de-la-roque-dantheron","status":"publish","type":"post","link":"https:\/\/euapp01.newsmemory.com\/lamarseillaise\/news\/2026\/08\/06\/cest-lete-visite-guidee-de-la-roque-dantheron\/","title":{"rendered":"[C\u2019est l\u2019\u00e9t\u00e9] Visite guid\u00e9e de La Roque-d\u2019Anth\u00e9ron"},"content":{"rendered":"<div class=\"paragraph\">\n<p>Berc\u00e9 par ses canaux et \u00e9troitement li\u00e9 \u00e0 l\u2019eau, laissez-vous surprendre par les myst\u00e8res de ce village, au fil de ses ruelles au charme proven\u00e7al. Votre visite se poursuivra jusqu\u2019au Parc du ch\u00e2teau de Florans, \u00e9crin naturel pr\u00e9serv\u00e9 d\u2019une grande richesse, o\u00f9 le village r\u00e9v\u00e8le un autre visage, entre patrimoine, nature et art de vivre au d\u00e9part de l\u2019office de tourisme.<\/p>\n<\/p><\/div>\n<div class=\"paragraph\">\n<p><i>Jeudi 6 ao\u00fbt de 9h30 \u00e0 11h.<\/i><\/p>\n<p><i>8 euros.<\/i><\/p>\n<\/p><\/div>\n","protected":false},"excerpt":{"rendered":"Berc&eacute; par ses canaux et &eacute;troitement li&eacute; &agrave; l&rsquo;eau, laissez-vous surprendre par les myst&egrave;res de ce village, au fil de ses ruelles au charme proven&ccedil;al. Votre visite se poursuivra jusqu&rsquo;au Parc du &#8230;","protected":false},"author":1,"featured_media":38561,"comment_status":"open","ping_status":"open","sticky":false,"template":"","format":"standard","meta":{"footnotes":""},"categories":[20],"tags":[2873,10,6085,336,58,754,2716,55,1662,3420,895,1361,1940],"news-destination":[],"news-source":[475],"is_homepage":[],"ta_other":[],"class_list":["post-38560","post","type-post","status-publish","format-standard","has-post-thumbnail","hentry","category-societe","tag-activites-de-loisirs","tag-bouches-du-rhone","tag-cest-lete","tag-ete","tag-famille","tag-familles","tag-la-roque-dantheron","tag-loisirs","tag-office-de-tourisme","tag-provencal","tag-provence","tag-vacances","tag-villages","news-source-website"],"_links":{"self":[{"href":"https:\/\/euapp01.newsmemory.com\/lamarseillaise\/news\/wp-json\/wp\/v2\/posts\/38560","targetHints":{"allow":["GET"]}}],"collection":[{"href":"https:\/\/euapp01.newsmemory.com\/lamarseillaise\/news\/wp-json\/wp\/v2\/posts"}],"about":[{"href":"https:\/\/euapp01.newsmemory.com\/lamarseillaise\/news\/wp-json\/wp\/v2\/types\/post"}],"author":[{"embeddable":true,"href":"https:\/\/euapp01.newsmemory.com\/lamarseillaise\/news\/wp-json\/wp\/v2\/users\/1"}],"replies":[{"embeddable":true,"href":"https:\/\/euapp01.newsmemory.com\/lamarseillaise\/news\/wp-json\/wp\/v2\/comments?post=38560"}],"version-history":[{"count":1,"href":"https:\/\/euapp01.newsmemory.com\/lamarseillaise\/news\/wp-json\/wp\/v2\/posts\/38560\/revisions"}],"predecessor-version":[{"id":38562,"href":"https:\/\/euapp01.newsmemory.com\/lamarseillaise\/news\/wp-json\/wp\/v2\/posts\/38560\/revisions\/38562"}],"wp:featuredmedia":[{"embeddable":true,"href":"https:\/\/euapp01.newsmemory.com\/lamarseillaise\/news\/wp-json\/wp\/v2\/media\/38561"}],"wp:attachment":[{"href":"https:\/\/euapp01.newsmemory.com\/lamarseillaise\/news\/wp-json\/wp\/v2\/media?parent=38560"}],"wp:term":[{"taxonomy":"category","embeddable":true,"href":"https:\/\/euapp01.newsmemory.com\/lamarseillaise\/news\/wp-json\/wp\/v2\/categories?post=38560"},{"taxonomy":"post_tag","embeddable":true,"href":"https:\/\/euapp01.newsmemory.com\/lamarseillaise\/news\/wp-json\/wp\/v2\/tags?post=38560"},{"taxonomy":"news-destination","embeddable":true,"href":"https:\/\/euapp01.newsmemory.com\/lamarseillaise\/news\/wp-json\/wp\/v2\/news-destination?post=38560"},{"taxonomy":"news-source","embeddable":true,"href":"https:\/\/euapp01.newsmemory.com\/lamarseillaise\/news\/wp-json\/wp\/v2\/news-source?post=38560"},{"taxonomy":"is_homepage","embeddable":true,"href":"https:\/\/euapp01.newsmemory.com\/lamarseillaise\/news\/wp-json\/wp\/v2\/is_homepage?post=38560"},{"taxonomy":"ta_other","embeddable":true,"href":"https:\/\/euapp01.newsmemory.com\/lamarseillaise\/news\/wp-json\/wp\/v2\/ta_other?post=38560"}],"curies":[{"name":"wp","href":"https:\/\/api.w.org\/{rel}","templated":true}]}}