{"id":38557,"date":"2026-08-06T07:14:00","date_gmt":"2026-08-06T05:14:00","guid":{"rendered":"https:\/\/euapp01.newsmemory.com\/lamarseillaise\/news\/?p=38557"},"modified":"2026-08-12T07:24:15","modified_gmt":"2026-08-12T05:24:15","slug":"des-ecoles-renovees-pour-les-petits-manosquins-a-la-rentree","status":"publish","type":"post","link":"https:\/\/euapp01.newsmemory.com\/lamarseillaise\/news\/2026\/08\/06\/des-ecoles-renovees-pour-les-petits-manosquins-a-la-rentree\/","title":{"rendered":"Des \u00e9coles r\u00e9nov\u00e9es pour les petits manosquins \u00e0 la rentr\u00e9e"},"content":{"rendered":"<div class=\"paragraph\">\n<p>D\u00e9simperm\u00e9abilisation des sols, nouveaux espaces de jeux agrandis, plantation d\u2019arbres, ascenseur pour les personnes \u00e0 mobilit\u00e9 r\u00e9duite&#8230; De nombreux am\u00e9nagements sont pr\u00e9vus et devraient \u00eatre livr\u00e9s \u00e0 la rentr\u00e9e dans les \u00e9coles manosquines, pour l\u2019instant en plein chantier. Des dizaines d\u2019agents s\u2019activent chaque jour avec leurs pelles et tractopelles, en pleine canicule, pour que les enfants retrouvent leurs \u00e9coles et leurs terrains de jeux transform\u00e9s en septembre.<\/p>\n<p>\u00ab\u00a0<i>Toutes les \u00e9coles de la ville seront r\u00e9nov\u00e9es d\u2019ici 2029, pour 25<\/i><i>\u00a0<\/i><i>millions d\u2019euros<\/i>\u00a0\u00bb, a promis Camille Galtier. \u00ab\u00a0<i>De 0 \u00e0 18<\/i><i>\u00a0<\/i><i>ans, les enfants auront des \u00e9tablissements neufs, adapt\u00e9s aux al\u00e9as climatiques<\/i><i>\u00a0<\/i>\u00bb, a-t-il affirm\u00e9.<\/p>\n<p>Ces am\u00e9nagements ont \u00e9t\u00e9 d\u00e9cid\u00e9s \u00ab\u00a0<i>en concertation avec les enseignants<\/i><i>\u00a0<\/i>\u00bb, selon Yann Crouhy, l\u2019adjoint d\u00e9l\u00e9gu\u00e9 \u00e0 l\u2019\u00e9ducation.<\/p>\n<p>\u00ab\u00a0<i>Appelez-moi Camille Galtier Tondelier<\/i><i>\u00a0<\/i>\u00bb, a plaisant\u00e9 le maire, fier de pr\u00e9senter ces am\u00e9nagements visant \u00e0 \u00ab\u00a0<i>retrouver le c\u00f4t\u00e9 nature<\/i><i>\u00a0<\/i>\u00bb. Les copeaux de bois ont \u00e9t\u00e9 privil\u00e9gi\u00e9s dans plusieurs cours d\u2019\u00e9cole, car \u00ab\u00a0<i>recyclables<\/i><i>\u00a0<\/i>\u00bb, avec \u00ab\u00a0<i>un pouvoir amortissant si les enfants tombent<\/i><i>\u00a0<\/i>\u00bb. Des arbres vont \u00e9galement \u00eatre plant\u00e9s pour apporter de l\u2019ombre aux \u00e9coliers et cr\u00e9er \u00ab\u00a0<i>des \u00eelots de fra\u00eecheur<\/i><i>\u00a0<\/i>\u00bb. Les esp\u00e8ces s\u00e9lectionn\u00e9es n\u00e9cessitent d\u2019\u00eatre arros\u00e9es \u00ab\u00a0<i>pendant seulement trois ans, pour \u00e9viter de gaspiller de l\u2019eau<\/i><i>\u00a0<\/i>\u00bb, a expliqu\u00e9 Guillaume Dominici, architecte de la ville. \u00c0 l\u2019\u00e9cole de la Ponsonne, des engins devront revenir en novembre, pendant les vacances de la Toussaint, pour installer les nouvelles plantations.<\/p>\n<p>Pour permettre de r\u00e9aliser les travaux int\u00e9rieurs, les \u00e9l\u00e8ves ont temporairement cours dans des pr\u00e9fabriqu\u00e9s install\u00e9s pour l\u2019occasion. Chacun de leurs d\u00e9placements co\u00fbte 40\u00a0000\u00a0euros, selon la mairie.<\/p>\n<\/p><\/div>\n<div class=\"intext\"> Le sol amiant\u00e9 enlev\u00e9\n              <\/div>\n<div class=\"paragraph\">\n<p>L\u2019\u00e9cole du Colombier sera quant \u00e0 elle enfin accessible aux personnes \u00e0 mobilit\u00e9 r\u00e9duite \u00e0 la rentr\u00e9e, gr\u00e2ce \u00e0 un ascenseur install\u00e9 le long du b\u00e2timent. Dans l\u2019\u00e9cole Saint-Lazare, le sol amiant\u00e9 a pu \u00eatre enlev\u00e9 au cours des travaux. Des gradins ont \u00e9galement \u00e9t\u00e9 install\u00e9s pour permettre de \u00ab\u00a0<i>faire l\u2019\u00e9cole dehors<\/i><i>\u00a0<\/i>\u00bb, se r\u00e9jouit Camille Galtier. Les enfants basculeront temporairement dans des pr\u00e9fabriqu\u00e9s pour permettre aux travaux de continuer. \u00ab\u00a0<i>Dans le prochain magazine municipal, l\u2019opposition d\u2019extr\u00eame gauche nous attaque sur la question des r\u00e9novations \u00e9nerg\u00e9tiques<\/i><i>\u00a0<\/i>\u00bb, a regrett\u00e9 Camille Galtier&#8230; \u00ab\u00a0<i>On a des doutes sur le fait que ces travaux soient finis pour septembre<\/i><i>\u00a0<\/i>\u00bb a r\u00e9agi Claire Henriroux, \u00e9lue \u00e9cologiste de l\u2019opposition, tout en rappelant que son parti n\u2019\u00e9tait \u00ab\u00a0<i>pas d\u2019extr\u00eame gauche<\/i><i>\u00a0<\/i>\u00bb. \u00ab\u00a0<i>Dans la r\u00e9novation \u00e9nerg\u00e9tique que Camille Galtier fait actuellement, il s\u2019en tient aux standards du gouvernement, qui ne sont pas forc\u00e9ment appropri\u00e9s \u00e0 la R\u00e9gion Sud, o\u00f9 on aurait besoin de faire plus<\/i><i>\u00a0<\/i>\u00bb, a avanc\u00e9 l\u2019\u00e9lue d\u2019opposition.<\/p>\n<\/p><\/div>\n","protected":false},"excerpt":{"rendered":"D&eacute;simperm&eacute;abilisation des sols, nouveaux espaces de jeux agrandis, plantation d&rsquo;arbres, ascenseur pour les personnes &agrave; mobilit&eacute; r&eacute;duite&#8230; De nombreux am&eacute;nagements sont pr&eacute;vus et devraient &#8230;","protected":false},"author":1,"featured_media":38558,"comment_status":"open","ping_status":"open","sticky":false,"template":"","format":"standard","meta":{"footnotes":""},"categories":[3926,3925,20],"tags":[4768,4467,4974,411,57,2741,1582,2127,51,166],"news-destination":[3944],"news-source":[475],"is_homepage":[],"ta_other":[],"class_list":["post-38557","post","type-post","status-publish","format-standard","has-post-thumbnail","hentry","category-accueil-merge","category-accueil-third","category-societe","tag-alpes","tag-alpes-de-haute-provence","tag-camille-galtier","tag-ecoles","tag-enfants","tag-maternelles","tag-renovation","tag-renovation-energetique","tag-societe","tag-travaux","news-destination-homepage","news-source-website"],"_links":{"self":[{"href":"https:\/\/euapp01.newsmemory.com\/lamarseillaise\/news\/wp-json\/wp\/v2\/posts\/38557","targetHints":{"allow":["GET"]}}],"collection":[{"href":"https:\/\/euapp01.newsmemory.com\/lamarseillaise\/news\/wp-json\/wp\/v2\/posts"}],"about":[{"href":"https:\/\/euapp01.newsmemory.com\/lamarseillaise\/news\/wp-json\/wp\/v2\/types\/post"}],"author":[{"embeddable":true,"href":"https:\/\/euapp01.newsmemory.com\/lamarseillaise\/news\/wp-json\/wp\/v2\/users\/1"}],"replies":[{"embeddable":true,"href":"https:\/\/euapp01.newsmemory.com\/lamarseillaise\/news\/wp-json\/wp\/v2\/comments?post=38557"}],"version-history":[{"count":1,"href":"https:\/\/euapp01.newsmemory.com\/lamarseillaise\/news\/wp-json\/wp\/v2\/posts\/38557\/revisions"}],"predecessor-version":[{"id":38559,"href":"https:\/\/euapp01.newsmemory.com\/lamarseillaise\/news\/wp-json\/wp\/v2\/posts\/38557\/revisions\/38559"}],"wp:featuredmedia":[{"embeddable":true,"href":"https:\/\/euapp01.newsmemory.com\/lamarseillaise\/news\/wp-json\/wp\/v2\/media\/38558"}],"wp:attachment":[{"href":"https:\/\/euapp01.newsmemory.com\/lamarseillaise\/news\/wp-json\/wp\/v2\/media?parent=38557"}],"wp:term":[{"taxonomy":"category","embeddable":true,"href":"https:\/\/euapp01.newsmemory.com\/lamarseillaise\/news\/wp-json\/wp\/v2\/categories?post=38557"},{"taxonomy":"post_tag","embeddable":true,"href":"https:\/\/euapp01.newsmemory.com\/lamarseillaise\/news\/wp-json\/wp\/v2\/tags?post=38557"},{"taxonomy":"news-destination","embeddable":true,"href":"https:\/\/euapp01.newsmemory.com\/lamarseillaise\/news\/wp-json\/wp\/v2\/news-destination?post=38557"},{"taxonomy":"news-source","embeddable":true,"href":"https:\/\/euapp01.newsmemory.com\/lamarseillaise\/news\/wp-json\/wp\/v2\/news-source?post=38557"},{"taxonomy":"is_homepage","embeddable":true,"href":"https:\/\/euapp01.newsmemory.com\/lamarseillaise\/news\/wp-json\/wp\/v2\/is_homepage?post=38557"},{"taxonomy":"ta_other","embeddable":true,"href":"https:\/\/euapp01.newsmemory.com\/lamarseillaise\/news\/wp-json\/wp\/v2\/ta_other?post=38557"}],"curies":[{"name":"wp","href":"https:\/\/api.w.org\/{rel}","templated":true}]}}