{"id":38554,"date":"2026-08-06T07:16:00","date_gmt":"2026-08-06T05:16:00","guid":{"rendered":"https:\/\/euapp01.newsmemory.com\/lamarseillaise\/news\/?p=38554"},"modified":"2026-08-12T07:24:15","modified_gmt":"2026-08-12T05:24:15","slug":"journee-a-risque-en-prevision-pour-le-feu-du-gros-bessillon-ce-jeudi","status":"publish","type":"post","link":"https:\/\/euapp01.newsmemory.com\/lamarseillaise\/news\/2026\/08\/06\/journee-a-risque-en-prevision-pour-le-feu-du-gros-bessillon-ce-jeudi\/","title":{"rendered":"Journ\u00e9e \u00e0 risque en pr\u00e9vision pour le feu du Gros Bessillon ce jeudi"},"content":{"rendered":"<div class=\"paragraph\">\n<p><a rel=\"noopener noreferrer\" href=\"https:\/\/www.lamarseillaise.fr\/societe\/incendie-du-gros-bessillon-la-course-contre-la-montre-face-au-feu-se-double-d-une-traque-aux-incendiaires-KB20569223\" target=\"_blank\">Comme annonc\u00e9 depuis plusieurs jours<\/a>, la journ\u00e9e de jeudi est particuli\u00e8rement redout\u00e9e dans le cadre de la lutte face \u00e0 l\u2019incendie du Gros Bessillon, qui a parcouru 6\u00a0350\u00a0hectares depuis <a rel=\"noopener noreferrer\" href=\"https:\/\/www.lamarseillaise.fr\/societe\/a-ponteves-1700-hectares-brules-triste-record-de-l-annee-en-provence-CF20520673\" target=\"_blank\">son d\u00e9clenchement le 21\u00a0juillet dernier<\/a> (<a rel=\"noopener noreferrer\" href=\"https:\/\/www.lamarseillaise.fr\/societe\/forte-mobilisation-pour-contenir-l-incendie-du-gros-bessillon-ce-week-end-1850-hectares-parcourus-depuis-vendredi-MB20562592\" target=\"_blank\">et 1\u00a0850\u00a0hectares<\/a> depuis sa <a rel=\"noopener noreferrer\" href=\"https:\/\/www.lamarseillaise.fr\/societe\/le-feu-reprend-a-l-ouest-de-correns-dans-le-var-EB20560620\" target=\"_blank\">reprise au sud-est de Correns vendredi dernier<\/a>). Mercredi, apr\u00e8s une nuit durant laquelle une seule reprise, rapidement trait\u00e9e, a \u00e9t\u00e9 d\u00e9tect\u00e9e dans le secteur de Correns, 800\u00a0hommes et femmes, accompagn\u00e9s de 250\u00a0engins et plusieurs h\u00e9licopt\u00e8res bombardiers d\u2019eau se sont attel\u00e9s au traitement des lisi\u00e8res et des points chauds et \u00e0 l\u2019ouverture de pistes pour faciliter le travail au sol.<\/p>\n<p>L\u2019objectif reste le m\u00eame\u00a0: s\u00e9curiser et installer des verrous pour combattre les reprises qui pourraient se produire sur le front sud\u00a0\/\u00a0sud-est du feu, attis\u00e9es par un vent d\u2019ouest qui se renforcera l\u2019apr\u00e8s-midi de jeudi, avec des rafales jusqu\u2019\u00e0 50\u00a0km\/h et des temp\u00e9ratures pouvant approcher les 40\u00b0C.<\/p>\n<\/p><\/div>\n<div class=\"intext\"> Un d\u00e9part de feu<br \/>\n               <br \/>\u00e0 Camps-la-Source\n              <\/div>\n<div class=\"paragraph\">\n<p>Les autorit\u00e9s appellent \u00e9galement la population \u00e0 continuer \u00e0 faire preuve de la plus grande vigilance (pas de jets de m\u00e9gots, barbecues, travaux sources d\u2019\u00e9tincelles&#8230;). Un rappel motiv\u00e9 par le d\u00e9clenchement d\u2019un feu d\u2019espace naturel, provoqu\u00e9 par l\u2019\u00e9clatement d\u2019un pneu d\u2019un poids lourd, en fin d\u2019apr\u00e8s-midi, au niveau de la RD43 \u00e0 Camps-la-Source. L\u2019intervention rapide de 150\u00a0sapeurs-pompiers appuy\u00e9s par des moyens a\u00e9riens (h\u00e9licopt\u00e8res bombardiers d\u2019eau et avion Dash) a permis de fixer rapidement le feu, qui a parcouru 5\u00a0hectares. Dans la m\u00eame optique, huit des neuf massifs forestiers varois seront ferm\u00e9s (exception faite du plateau de Canjuers), tandis que plusieurs communes ont d\u00e9cid\u00e9 d\u2019annuler des feux d\u2019artifices pr\u00e9vus dans les prochains jours.<\/p>\n<\/p><\/div>\n<div class=\"paragraph\">\n<p><b>Cellule de soutien psychologique pour les sinistr\u00e9s<\/b><\/p>\n<p>\u00c0 la demande des autorit\u00e9s, la Cellule d\u2019urgence m\u00e9dico-psychologique (CUMP) du Samu a mis en place une permanence d\u2019\u00e9coute et de soutien psychologique pour les habitants des communes touch\u00e9es par le feu du Gros Bessillon. Pour en b\u00e9n\u00e9ficier, il suffit de laisser ses coordonn\u00e9es au 04.94.33.18.00 pour \u00eatre rappel\u00e9.<\/p>\n<p>En compl\u00e9ment, des s\u00e9ances sont aussi propos\u00e9es dans les communes et aux dates suivantes : <b>Correns : <\/b>vendredi 7\/08 de 9h30 \u00e0 12h30 \u2013 Salle des p\u00e9nitents ; <b>Le Val : <\/b>Mardi 11\/08 de 10h \u00e0 14h \u2013 Foyer municipal, place Louis Fournier ; <b>Montfort-sur-Argens :<\/b> Mercredi 12\/08 de 10h \u00e0 14h \u2013 Espace Andr\u00e9 Paul, Grand rue ; <b>Barjols :<\/b> Jeudi 13\/08 de 10h \u00e0 14h \u2013 Salle du Centre Ellias, boulevard Grisol ; <b>Cotignac :<\/b> Vendredi 14\/08 de 10h \u00e0 14h &#8211; salle des f\u00eates du Grainage, 1er \u00e9tage.<\/p>\n<p>Ces s\u00e9ances sont ouvertes \u00e0 tous les habitants de la zone touch\u00e9e par l\u2019incendie, aucun rendez-vous pr\u00e9alable n\u2019est n\u00e9cessaire.<\/p>\n<\/p><\/div>\n","protected":false},"excerpt":{"rendered":"Comme annonc&eacute; depuis plusieurs jours, la journ&eacute;e de jeudi est particuli&egrave;rement redout&eacute;e dans le cadre de la lutte face &agrave; l&rsquo;incendie du Gros Bessillon, qui a parcouru 6&nbsp;350&nbsp;hectares depuis son &#8230;","protected":false},"author":1,"featured_media":38555,"comment_status":"open","ping_status":"open","sticky":false,"template":"","format":"standard","meta":{"footnotes":""},"categories":[3926,3925,20],"tags":[3075,5187,3433,6162,6147,3434,318,316,1673,4015,319,1396,3437,1260,2500,6140,1188,6141,4304,1674,5879,6003,3600,4877,31,2674],"news-destination":[3944],"news-source":[475],"is_homepage":[],"ta_other":[],"class_list":["post-38554","post","type-post","status-publish","format-standard","has-post-thumbnail","hentry","category-accueil-merge","category-accueil-third","category-societe","tag-barjols","tag-camps-la-source","tag-carces","tag-chateauvert","tag-correns","tag-cotignac","tag-feu","tag-feu-de-foret","tag-feux","tag-feux-de-foret","tag-incendie","tag-incendies","tag-le-val","tag-lutte","tag-massifs","tag-montfort-sur-argens","tag-moyens","tag-ponteves","tag-rafales","tag-sapeurs-pompiers","tag-sdis","tag-sdis-83","tag-sdis13","tag-sdis83","tag-var","tag-vent","news-destination-homepage","news-source-website"],"_links":{"self":[{"href":"https:\/\/euapp01.newsmemory.com\/lamarseillaise\/news\/wp-json\/wp\/v2\/posts\/38554","targetHints":{"allow":["GET"]}}],"collection":[{"href":"https:\/\/euapp01.newsmemory.com\/lamarseillaise\/news\/wp-json\/wp\/v2\/posts"}],"about":[{"href":"https:\/\/euapp01.newsmemory.com\/lamarseillaise\/news\/wp-json\/wp\/v2\/types\/post"}],"author":[{"embeddable":true,"href":"https:\/\/euapp01.newsmemory.com\/lamarseillaise\/news\/wp-json\/wp\/v2\/users\/1"}],"replies":[{"embeddable":true,"href":"https:\/\/euapp01.newsmemory.com\/lamarseillaise\/news\/wp-json\/wp\/v2\/comments?post=38554"}],"version-history":[{"count":1,"href":"https:\/\/euapp01.newsmemory.com\/lamarseillaise\/news\/wp-json\/wp\/v2\/posts\/38554\/revisions"}],"predecessor-version":[{"id":38556,"href":"https:\/\/euapp01.newsmemory.com\/lamarseillaise\/news\/wp-json\/wp\/v2\/posts\/38554\/revisions\/38556"}],"wp:featuredmedia":[{"embeddable":true,"href":"https:\/\/euapp01.newsmemory.com\/lamarseillaise\/news\/wp-json\/wp\/v2\/media\/38555"}],"wp:attachment":[{"href":"https:\/\/euapp01.newsmemory.com\/lamarseillaise\/news\/wp-json\/wp\/v2\/media?parent=38554"}],"wp:term":[{"taxonomy":"category","embeddable":true,"href":"https:\/\/euapp01.newsmemory.com\/lamarseillaise\/news\/wp-json\/wp\/v2\/categories?post=38554"},{"taxonomy":"post_tag","embeddable":true,"href":"https:\/\/euapp01.newsmemory.com\/lamarseillaise\/news\/wp-json\/wp\/v2\/tags?post=38554"},{"taxonomy":"news-destination","embeddable":true,"href":"https:\/\/euapp01.newsmemory.com\/lamarseillaise\/news\/wp-json\/wp\/v2\/news-destination?post=38554"},{"taxonomy":"news-source","embeddable":true,"href":"https:\/\/euapp01.newsmemory.com\/lamarseillaise\/news\/wp-json\/wp\/v2\/news-source?post=38554"},{"taxonomy":"is_homepage","embeddable":true,"href":"https:\/\/euapp01.newsmemory.com\/lamarseillaise\/news\/wp-json\/wp\/v2\/is_homepage?post=38554"},{"taxonomy":"ta_other","embeddable":true,"href":"https:\/\/euapp01.newsmemory.com\/lamarseillaise\/news\/wp-json\/wp\/v2\/ta_other?post=38554"}],"curies":[{"name":"wp","href":"https:\/\/api.w.org\/{rel}","templated":true}]}}