{"id":38551,"date":"2026-08-06T07:01:01","date_gmt":"2026-08-06T05:01:01","guid":{"rendered":"https:\/\/euapp01.newsmemory.com\/lamarseillaise\/news\/?p=38551"},"modified":"2026-08-11T10:40:16","modified_gmt":"2026-08-11T08:40:16","slug":"le-bailleur-erilia-rafraichit-les-276-logements-de-cap-janet","status":"publish","type":"post","link":"https:\/\/euapp01.newsmemory.com\/lamarseillaise\/news\/2026\/08\/06\/le-bailleur-erilia-rafraichit-les-276-logements-de-cap-janet\/","title":{"rendered":"Le bailleur Erilia rafra\u00eechit les 276&nbsp;logements de Cap Janet"},"content":{"rendered":"<div class=\"paragraph\">\n<p>Les enfants s\u2019en sont donn\u00e9 \u00e0 c\u0153ur joie sous les jets des quatre m\u00e2ts brumisants de l\u2019\u00eelot fra\u00eecheur cr\u00e9\u00e9 dans le petit parc au c\u0153ur des trois tours de 15\u00a0\u00e9tages qui surplombent la rade nord. Erilia avait invit\u00e9, mercredi apr\u00e8s-midi, ses locataires et ses partenaires \u00e0 inaugurer l\u2019op\u00e9ration de r\u00e9novation engag\u00e9e jusqu\u2019en 2028.<\/p>\n<p>Le coup d\u2019envoi des travaux visant \u00e0 am\u00e9liorer la performance \u00e9nerg\u00e9tique des b\u00e2timents, le confort thermique des logements et le cadre de vie des habitants a \u00e9t\u00e9 donn\u00e9 en mars dernier sur la tour\u00a0B. Une r\u00e9novation avait eu lieu dans les ann\u00e9es\u00a02000 mais \u00ab\u00a0<i>elle ne concernait que les fa\u00e7ades nord particuli\u00e8rement expos\u00e9es aux vents et intemp\u00e9ries<\/i>\u00a0\u00bb, explique Louis Arnaud, directeur r\u00e9gional Erilia Marseille. Or, r\u00e9habiliter ne s\u2019arr\u00eate pas \u00e0 un ravalement de fa\u00e7ades pour le bailleur aujourd\u2019hui\u00a0: \u00ab\u00a0<i>C\u2019est am\u00e9liorer le quotidien, r\u00e9duire les charges et redonner de la valeur au cadre de vie<\/i>\u00a0\u00bb, pr\u00e9cise le directeur g\u00e9n\u00e9ral, Antoine Jeandet, \u00ab\u00a0<i>une participation \u00e0 l\u2019effort de cent euros par an environ sera cependant demand\u00e9e aux locataires<\/i>\u00a0\u00bb.<\/p>\n<\/p><\/div>\n<div class=\"intext\"> La fin des passoires\n              <\/div>\n<div class=\"paragraph\">\n<p>Une hausse qui doit \u00eatre compens\u00e9e par des charges moindres \u00ab\u00a0<i>avec 40% d\u2019\u00e9conomie sur la consommation d\u2019\u00e9nergie<\/i><i>\u00a0<\/i>\u00bb estime Hafif Bey, conducteur de travaux principal de l\u2019entreprise Girard. Au programme\u00a0: Isolation, pose de doubles vitrages, persiennes, r\u00e9novation des salles d\u2019eau et WC, remise en peinture et \u00e9clairage des parties communes, am\u00e9lioration de la ventilation, installation de brasseurs d\u2019air, s\u00e9curisation \u00e9lectrique, chaufferie hybride avec pompe \u00e0 chaleur, panneaux solaires&#8230; L\u2019objectif est simple\u00a0: des logements plus confortables, \u00e9t\u00e9 comme hiver, \u00ab\u00a0<i>moins \u00e9nergivores et pass\u00e9s de classe<\/i><i>\u00a0<\/i><i>D \u00e0<\/i><i>\u00a0<\/i><i>B apr\u00e8s travaux<\/i><i>\u00a0<\/i>\u00bb, pr\u00e9cise encore le responsable d\u2019op\u00e9ration Imad El Khouri.<\/p>\n<p>Pour Fatima, locataire d\u2019un T3 \u00ab\u00a0<i>avec vue mer pour 400<\/i><i>\u00a0<\/i><i>euros<\/i>\u00a0\u00bb depuis 1998, \u00ab\u00a0<i>on va pas se plaindre<\/i>\u00a0\u00bb et les am\u00e9liorations apport\u00e9es \u00ab\u00a0<i>font supporter les travaux<\/i><i>\u00a0<\/i>\u00bb. Zoubida, 87\u00a0ans, est press\u00e9e de troquer la baignoire contre une vaste douche. Elle habitait \u00ab\u00a0<i>la tour<\/i><i>\u00a0<\/i><i>B alors que la<\/i><i>\u00a0<\/i><i>C n\u2019\u00e9tait pas finie<\/i>\u00a0\u00bb et \u00ab\u00a0<i>trois de ses enfants vivent ici<\/i>\u00a0\u00bb. Et malgr\u00e9 le vent, le taux de rotation \u00e0 Cap Janet ne d\u00e9passe gu\u00e8re 3%.<\/p>\n<\/p><\/div>\n","protected":false},"excerpt":{"rendered":"Les enfants s&rsquo;en sont donn&eacute; &agrave; c&oelig;ur joie sous les jets des quatre m&acirc;ts brumisants de l&rsquo;&icirc;lot fra&icirc;cheur cr&eacute;&eacute; dans le petit parc au c&oelig;ur des trois tours de 15&nbsp;&eacute;tages qui &#8230;","protected":false},"author":1,"featured_media":38552,"comment_status":"open","ping_status":"open","sticky":false,"template":"","format":"standard","meta":{"footnotes":""},"categories":[3926,3925,20],"tags":[510,10,48,4046,596,52,489,506,16,1819,157,1582,2127,166],"news-destination":[3944],"news-source":[475],"is_homepage":[],"ta_other":[],"class_list":["post-38551","post","type-post","status-publish","format-standard","has-post-thumbnail","hentry","category-accueil-merge","category-accueil-third","category-societe","tag-bailleurs-sociaux","tag-bouches-du-rhone","tag-erilia","tag-ilots-de-fraicheur","tag-logement","tag-logement-social","tag-logements","tag-logements-sociaux","tag-marseille","tag-marseille-15e-arrondissement","tag-rehabilitation","tag-renovation","tag-renovation-energetique","tag-travaux","news-destination-homepage","news-source-website"],"_links":{"self":[{"href":"https:\/\/euapp01.newsmemory.com\/lamarseillaise\/news\/wp-json\/wp\/v2\/posts\/38551","targetHints":{"allow":["GET"]}}],"collection":[{"href":"https:\/\/euapp01.newsmemory.com\/lamarseillaise\/news\/wp-json\/wp\/v2\/posts"}],"about":[{"href":"https:\/\/euapp01.newsmemory.com\/lamarseillaise\/news\/wp-json\/wp\/v2\/types\/post"}],"author":[{"embeddable":true,"href":"https:\/\/euapp01.newsmemory.com\/lamarseillaise\/news\/wp-json\/wp\/v2\/users\/1"}],"replies":[{"embeddable":true,"href":"https:\/\/euapp01.newsmemory.com\/lamarseillaise\/news\/wp-json\/wp\/v2\/comments?post=38551"}],"version-history":[{"count":1,"href":"https:\/\/euapp01.newsmemory.com\/lamarseillaise\/news\/wp-json\/wp\/v2\/posts\/38551\/revisions"}],"predecessor-version":[{"id":38553,"href":"https:\/\/euapp01.newsmemory.com\/lamarseillaise\/news\/wp-json\/wp\/v2\/posts\/38551\/revisions\/38553"}],"wp:featuredmedia":[{"embeddable":true,"href":"https:\/\/euapp01.newsmemory.com\/lamarseillaise\/news\/wp-json\/wp\/v2\/media\/38552"}],"wp:attachment":[{"href":"https:\/\/euapp01.newsmemory.com\/lamarseillaise\/news\/wp-json\/wp\/v2\/media?parent=38551"}],"wp:term":[{"taxonomy":"category","embeddable":true,"href":"https:\/\/euapp01.newsmemory.com\/lamarseillaise\/news\/wp-json\/wp\/v2\/categories?post=38551"},{"taxonomy":"post_tag","embeddable":true,"href":"https:\/\/euapp01.newsmemory.com\/lamarseillaise\/news\/wp-json\/wp\/v2\/tags?post=38551"},{"taxonomy":"news-destination","embeddable":true,"href":"https:\/\/euapp01.newsmemory.com\/lamarseillaise\/news\/wp-json\/wp\/v2\/news-destination?post=38551"},{"taxonomy":"news-source","embeddable":true,"href":"https:\/\/euapp01.newsmemory.com\/lamarseillaise\/news\/wp-json\/wp\/v2\/news-source?post=38551"},{"taxonomy":"is_homepage","embeddable":true,"href":"https:\/\/euapp01.newsmemory.com\/lamarseillaise\/news\/wp-json\/wp\/v2\/is_homepage?post=38551"},{"taxonomy":"ta_other","embeddable":true,"href":"https:\/\/euapp01.newsmemory.com\/lamarseillaise\/news\/wp-json\/wp\/v2\/ta_other?post=38551"}],"curies":[{"name":"wp","href":"https:\/\/api.w.org\/{rel}","templated":true}]}}