{"id":38548,"date":"2026-08-06T07:13:00","date_gmt":"2026-08-06T05:13:00","guid":{"rendered":"https:\/\/euapp01.newsmemory.com\/lamarseillaise\/news\/?p=38548"},"modified":"2026-08-12T07:21:04","modified_gmt":"2026-08-12T05:21:04","slug":"une-cagnotte-pour-les-grevistes-dharibo","status":"publish","type":"post","link":"https:\/\/euapp01.newsmemory.com\/lamarseillaise\/news\/2026\/08\/06\/une-cagnotte-pour-les-grevistes-dharibo\/","title":{"rendered":"Une cagnotte pour les gr\u00e9vistes d\u2019Haribo"},"content":{"rendered":"<div class=\"paragraph\">\n<p>Dans le combat de longue haleine des salari\u00e9s d\u2019Haribo, toujours en gr\u00e8ve depuis plus de 6\u00a0semaines pour une revalorisation salariale, il y a des soutiens qui comptent. Et si les gr\u00e9vistes se r\u00e9unissent ce jeudi pour une mobilisation devant le site marseillais \u00e0 l\u2019appel de l\u2019intersyndicale CGT-FO, du PCF\u00a013 et de l\u2019UD CGT\u00a013, la solidarit\u00e9 envers leur mouvement social vient aussi d\u2019internet et des r\u00e9seaux sociaux. Car l\u2019influente page <i>Memes marseillais<\/i>, suivie par plus de 120\u00a0000\u00a0personnes sur Instagram, et plut\u00f4t habitu\u00e9e \u00e0 du contenu humoristique sur Marseille, a lanc\u00e9, ce mardi soir, <a rel=\"nofollow\" href=\"https:\/\/tribee.fr\/participations\/soutien-aux-grevistes-d-haribo\">une cagnotte en ligne<\/a>. Laquelle fait office de caisse de gr\u00e8ve puisque reli\u00e9e \u00e0 la CGT Haribo, qui b\u00e9n\u00e9ficiera des fonds.<\/p>\n<p>\u00ab\u00a0<i>M<\/i><i>\u00ea<\/i><i>me si on ne se consid\u00e8re pas vraiment comme des<\/i><i> influenceurs, c\u2019est notre r\u00f4le de nous positionner sur les sujets qui touchent notre ville. On avait d\u00e9j\u00e0 lanc\u00e9 une cagnotte pour les sinistr\u00e9s de l\u2019incendie de l\u2019Estaque, l\u2019ann\u00e9e derni\u00e8re<\/i>\u00a0\u00bb, explique No\u00e9mie, alias Nono sur les r\u00e9seaux sociaux, membre de la petite \u00e9quipe derri\u00e8re Memes marseillais.<\/p>\n<p>Une mani\u00e8re de participer \u00e0 la lutte des salari\u00e9s et de poursuivre la mise sous pression de la direction qui repousse les n\u00e9gociations au 28\u00a0septembre prochain <a href=\"https:\/\/www.lamarseillaise.fr\/social\/un-dialogue-social-chez-haribo-toujours-aux-fraises-HB20568708\">(lire notre article du 5\u00a0<\/a><a href=\"https:\/\/www.lamarseillaise.fr\/social\/un-dialogue-social-chez-haribo-toujours-aux-fraises-HB20568708\">ao\u00fbt)<\/a>. \u00ab\u00a0<i>On veut faire passer le message que, tant qu\u2019il n\u2019y a pas de n\u00e9gociations, on ne parlera pas d\u2019Haribo en bien<\/i>\u00a0\u00bb, mart\u00e8le Nono. L\u2019initiative ne vient pas de nulle part puisqu\u2019en lien avec le difficile dialogue social sur le site\u00a0: \u00ab\u00a0<i>Le fait que la direction les laisse faire 6<\/i><i>\u00a0<\/i><i>semaines de gr\u00e8ve, qu\u2019elle soit aussi dure dans les n\u00e9gociations, alors qu\u2019on parle d\u2019une entreprise qui r\u00e9alise des dizaines de millions de b\u00e9n\u00e9fices, c\u2019est scandaleux<\/i><i>\u00a0<\/i>\u00bb, d\u00e9nonce Nono. Avant de rappeler le fond du sujet\u00a0: \u00ab\u00a0<i>Ils demandent une augmentation de salaire en lien avec l\u2019inflation<\/i><i>\u00a0<\/i><i>! Ils ne se mettent pas en gr\u00e8ve pour le plaisir<\/i><i>\u00a0<\/i><i>!<\/i><i>\u00a0<\/i>\u00bb.<\/p>\n<\/p><\/div>\n<div class=\"intext\"> \u00ab\u00a0Mettre de la visibilit\u00e9 sur le combat des salari\u00e9s\u00a0\u00bb\n              <\/div>\n<div class=\"paragraph\">\n<p>Le lancement de cette cagnotte par une page de contenu humoristique peut surprendre certains mais il s\u2019inscrit bien dans \u00ab\u00a0les valeurs\u00a0\u00bb d\u00e9fendues par cette derni\u00e8re. \u00ab\u00a0<i>Haribo est une entreprise phare \u00e0 Marseille, tout le monde la conna\u00eet mais elle doit avoir un devoir d\u2019exemplarit\u00e9. C\u2019est en lien avec nos valeurs de mettre de la visibilit\u00e9 sur ce combat des salari\u00e9s<\/i><i>\u00a0<\/i>\u00bb, d\u00e9veloppe Nono. Laquelle n\u2019est d\u2019ailleurs pas \u00e9trang\u00e8re aux mouvements sociaux locaux\u00a0: \u00ab\u00a0<i>Quand j\u2019\u00e9tais petite, j\u2019avais suivi la gr\u00e8ve de l\u2019usine de th\u00e9 \u00e0 G\u00e9menos<\/i> [aujourd\u2019hui devenue 1336\u00a0suite \u00e0 reprise par les salari\u00e9s en coop\u00e9rative ndlr]<i> depuis je n\u2019ach\u00e8te que ce th\u00e9<\/i><i>\u00a0<\/i>\u00bb. Le choix d\u2019une cagnotte en ligne n\u2019est pas anodin, tout comme celui de la plateforme qui l\u2019accueille\u00a0: \u00ab<i>\u00a0<\/i><i>La cagnotte a un aspect communautaire<\/i><i>\u00a0<\/i><i>: \u00e7a motive de voir que d\u2019autres gens donnent, qu\u2019il y a un objectif<\/i> et <i>Tribee est une plateforme \u00e9thique qui ne prend pas de commission<\/i><i>\u00a0<\/i>\u00bb. En bref, de quoi redonner de la force aux salari\u00e9s d\u2019Haribo.<\/p>\n<\/p><\/div>\n<div class=\"paragraph\">\n<p><i>*Retrouvez la <a rel=\"nofollow noopener noreferrer\" href=\"https:\/\/tribee.fr\/participations\/20KK92DK5S8DWAY37SJ9RY905N\" target=\"_blank\">cagnotte sur tribee.fr<\/a><\/i><\/p>\n<\/p><\/div>\n","protected":false},"excerpt":{"rendered":"Dans le combat de longue haleine des salari&eacute;s d&rsquo;Haribo, toujours en gr&egrave;ve depuis plus de 6&nbsp;semaines pour une revalorisation salariale, il y a des soutiens qui comptent. Et si les gr&eacute;vistes se r&eacute;unissent ce &#8230;","protected":false},"author":1,"featured_media":38549,"comment_status":"open","ping_status":"open","sticky":false,"template":"","format":"standard","meta":{"footnotes":""},"categories":[3926,3925,331],"tags":[10,390,3003,113,1017,2965,16,6217,134,852,1472,380,1932,962,260],"news-destination":[3944],"news-source":[475],"is_homepage":[],"ta_other":[],"class_list":["post-38548","post","type-post","status-publish","format-standard","has-post-thumbnail","hentry","category-accueil-merge","category-accueil-third","category-social","tag-bouches-du-rhone","tag-cagnotte","tag-caisse-de-greve","tag-cgt","tag-fo","tag-grevistes","tag-marseille","tag-memes-marseillais","tag-mobilisation","tag-mouvement-social","tag-negociations","tag-reseaux-sociaux","tag-revalorisation-salariale","tag-salaries","tag-solidarite","news-destination-homepage","news-source-website"],"_links":{"self":[{"href":"https:\/\/euapp01.newsmemory.com\/lamarseillaise\/news\/wp-json\/wp\/v2\/posts\/38548","targetHints":{"allow":["GET"]}}],"collection":[{"href":"https:\/\/euapp01.newsmemory.com\/lamarseillaise\/news\/wp-json\/wp\/v2\/posts"}],"about":[{"href":"https:\/\/euapp01.newsmemory.com\/lamarseillaise\/news\/wp-json\/wp\/v2\/types\/post"}],"author":[{"embeddable":true,"href":"https:\/\/euapp01.newsmemory.com\/lamarseillaise\/news\/wp-json\/wp\/v2\/users\/1"}],"replies":[{"embeddable":true,"href":"https:\/\/euapp01.newsmemory.com\/lamarseillaise\/news\/wp-json\/wp\/v2\/comments?post=38548"}],"version-history":[{"count":1,"href":"https:\/\/euapp01.newsmemory.com\/lamarseillaise\/news\/wp-json\/wp\/v2\/posts\/38548\/revisions"}],"predecessor-version":[{"id":38550,"href":"https:\/\/euapp01.newsmemory.com\/lamarseillaise\/news\/wp-json\/wp\/v2\/posts\/38548\/revisions\/38550"}],"wp:featuredmedia":[{"embeddable":true,"href":"https:\/\/euapp01.newsmemory.com\/lamarseillaise\/news\/wp-json\/wp\/v2\/media\/38549"}],"wp:attachment":[{"href":"https:\/\/euapp01.newsmemory.com\/lamarseillaise\/news\/wp-json\/wp\/v2\/media?parent=38548"}],"wp:term":[{"taxonomy":"category","embeddable":true,"href":"https:\/\/euapp01.newsmemory.com\/lamarseillaise\/news\/wp-json\/wp\/v2\/categories?post=38548"},{"taxonomy":"post_tag","embeddable":true,"href":"https:\/\/euapp01.newsmemory.com\/lamarseillaise\/news\/wp-json\/wp\/v2\/tags?post=38548"},{"taxonomy":"news-destination","embeddable":true,"href":"https:\/\/euapp01.newsmemory.com\/lamarseillaise\/news\/wp-json\/wp\/v2\/news-destination?post=38548"},{"taxonomy":"news-source","embeddable":true,"href":"https:\/\/euapp01.newsmemory.com\/lamarseillaise\/news\/wp-json\/wp\/v2\/news-source?post=38548"},{"taxonomy":"is_homepage","embeddable":true,"href":"https:\/\/euapp01.newsmemory.com\/lamarseillaise\/news\/wp-json\/wp\/v2\/is_homepage?post=38548"},{"taxonomy":"ta_other","embeddable":true,"href":"https:\/\/euapp01.newsmemory.com\/lamarseillaise\/news\/wp-json\/wp\/v2\/ta_other?post=38548"}],"curies":[{"name":"wp","href":"https:\/\/api.w.org\/{rel}","templated":true}]}}