{"id":38545,"date":"2026-08-06T07:14:00","date_gmt":"2026-08-06T05:14:00","guid":{"rendered":"https:\/\/euapp01.newsmemory.com\/lamarseillaise\/news\/?p=38545"},"modified":"2026-08-12T07:21:04","modified_gmt":"2026-08-12T05:21:04","slug":"entretien-la-culture-a-toulon-on-va-la-faire-tous-ensemble","status":"publish","type":"post","link":"https:\/\/euapp01.newsmemory.com\/lamarseillaise\/news\/2026\/08\/06\/entretien-la-culture-a-toulon-on-va-la-faire-tous-ensemble\/","title":{"rendered":"[Entretien] \u00ab&nbsp;La culture \u00e0 Toulon on va la faire tous ensemble&nbsp;\u00bb"},"content":{"rendered":"<div class=\"paragraph\">\n<p>Dans sa mission d\u2019amener la culture au plus pr\u00e8s des habitants dans tous les quartiers de la ville, l\u2019\u00e9lue St\u00e9phanie Slimani, dramaturge, metteuse en sc\u00e8ne, marionnettiste, auteure et professeure de th\u00e9\u00e2tre, peut s\u2019appuyer sur son exp\u00e9rience et son go\u00fbt pour la solidarit\u00e9 et le partage.<\/p>\n<p><b>La<\/b><b>\u00a0<\/b><b>Marseillaise<\/b><b>\u00a0<\/b><b>:<\/b> <b>Quelle est l\u2019ambition de la municipalit\u00e9 \u00e0 travers ce projet<\/b><b>\u00a0<\/b><b>?<\/b><\/p>\n<p>St\u00e9phanie Slimani\u00a0: La revitalisation des quartiers, par la culture notamment, et le soutien aux artistes du territoire. Ce projet-l\u00e0 va permettre quasiment de lier ces deux ambitions.<\/p>\n<p>L\u2019id\u00e9e c\u2019est de faire venir des artistes dans les quartiers et de faire de la culture pas seulement pour les habitants, mais surtout avec eux. De leur permettre de red\u00e9couvrir parfois des histoires de gens qui vivent l\u00e0 et dont ils ne connaissaient pas le parcours de vie, l\u2019architecture de leur quartier, de revisiter des espaces, la m\u00e9moire des lieux&#8230; Tout cela en faisant participer aussi le milieu associatif, les \u00e9coles, les m\u00e9diath\u00e8ques et les commer\u00e7ants, afin que tout le monde se sente concern\u00e9. C\u2019est une mani\u00e8re de faire de la culture avec les gens qu\u2019on souhaite d\u00e9velopper \u00e0 travers ma d\u00e9l\u00e9gation qui est nouvelle.<\/p>\n<p><b>L\u2019objectif est de renforcer <br \/>la coh\u00e9sion sociale<\/b><b>\u00a0<\/b><b>?<\/b><\/p>\n<p>St.S.\u00a0: \u00c9videmment, de toute fa\u00e7on la culture fait soci\u00e9t\u00e9. C\u2019est donc pour faire soci\u00e9t\u00e9, pour se rencontrer, pour partager. Certains n\u2019aiment pas dire socioculturel, mais pour moi ces deux termes sont intriqu\u00e9s\u00a0: la culture c\u2019est social\u00a0! Donc bien s\u00fbr que l\u2019ambition c\u2019est de cr\u00e9er du lien, du plaisir et de la joie dans le quartier. De faire que les habitants soient fiers aussi de raconter ce qui s\u2019y fait. De pouvoir dire\u00a0: \u00ab\u00a0Moi, j\u2019ai fait du th\u00e9\u00e2tre, j\u2019ai pu participer \u00e0 un spectacle de danse, on a fait de la peinture&#8230;\u00a0\u00bb \u00c7a permet aussi de faire changer le regard ext\u00e9rieur port\u00e9 sur le quartier, en mettant juste en valeur ce qui existe d\u00e9j\u00e0. Parce que je le r\u00e9p\u00e8te, dans les quartiers il y a d\u00e9j\u00e0 de la culture, il y a d\u00e9j\u00e0 des gens formidables. Mais on peut aussi s\u2019y sentir parfois d\u00e9laiss\u00e9, c\u2019est l\u00e9gitime.<\/p>\n<p><b>C\u2019est une mani\u00e8re aussi <br \/>de r\u00e9tablir un peu d\u2019\u00e9galit\u00e9 des chances dans <br \/>les quartiers populaires&#8230;<\/b><\/p>\n<p>St.S.\u00a0: Absolument, tous ces mots ont \u00e9norm\u00e9ment de sens pour moi. Parce que malgr\u00e9 tous les efforts d\u00e9velopp\u00e9s pour rendre la culture accessible \u00e0 tous, il reste encore une barri\u00e8re qui fait que selon d\u2019o\u00f9 on vient on s\u2019interdit d\u2019y aller, on se dit que ce n\u2019est pas pour soi, qu\u2019on ne va pas comprendre, que peut-\u00eatre m\u00eame c\u2019est un peu trop bizarre parfois. C\u2019est pour \u00e7a qu\u2019il faut absolument cr\u00e9er des passerelles plut\u00f4t que des forteresses. Moi j\u2019aime le mot populaire, je trouve \u00e7a noble, la culture populaire, le th\u00e9\u00e2tre populaire, le spectacle populaire. \u00c7a veut dire que cela nous concerne tous, que personne doit s\u2019en sentir exclu. Je d\u00e9fends et revendique donc de faire une culture populaire. Ce n\u2019est pas quelque chose de moins bien, ou de plus facile, simplement je cr\u00e9e des liens pour que chacun se rende compte qu\u2019elle lui appartient aussi.<\/p>\n<p>J\u2019ai beaucoup travaill\u00e9 dans les quartiers et en milieu rural sur des projets participatifs, donc je sais que c\u2019est vertueux, je sais que \u00e7a fonctionne. Mais il faut avoir en m\u00eame temps beaucoup d\u2019humilit\u00e9, et ne pas partir avec l\u2019id\u00e9e qu\u2019on va tout r\u00e9volutionner, qu\u2019on va tout changer, et ce n\u2019est pas le but. Il faut venir rencontrer tranquillement ses habitants, les \u00e9couter, et puis apr\u00e8s commencer \u00e0 d\u00e9velopper des projets participatifs avec eux. Il faut aller doucement. C\u2019est pour \u00e7a que le projet du Pont du Las, s\u2019\u00e9tale sur deux ann\u00e9es, qui se renouvelleront apr\u00e8s. Il faut du temps.<\/p>\n<p><b>Quelle va \u00eatre la <\/b><b>chronologie<\/b><b>\u00a0<\/b><b>?<\/b><b><\/b><\/p>\n<p>St.S.\u00a0: On lance un appel \u00e0 projets au mois d\u2019octobre ouvert \u00e0 tous les artistes professionnels, et le jury se d\u00e9cidera au d\u00e9but d\u2019ann\u00e9e\u00a02027. L\u2019ouverture, elle, est pr\u00e9vue au printemps. Le collectif d\u2019artistes viendra s\u2019installer dans un local, avec un budget et un cahier des charges tr\u00e8s pr\u00e9cis de projets participatifs, d\u2019ateliers et pratiques artistiques gratuits.<\/p>\n<p>Et avant cela, en fin d\u2019ann\u00e9e 2026, on va mettre en place cinq projets, avec notamment de la danse au Pont du Las, o\u00f9 une chor\u00e9graphe va travailler dans l\u2019espace public avec une association de femmes, et \u00e0 Pontcarral, c\u2019est autour de la r\u00e9colte de la m\u00e9moire et du son qu\u2019une compagnie de th\u00e9\u00e2tre va mettre la population \u00e0 contribution.<\/p>\n<p><b><\/b><\/p>\n<p><b>Des actions qui donnent <br \/>de l\u2019espoir, en tout cas&#8230;<\/b><\/p>\n<p>St.S.\u00a0: Toulon est une ville qui a souffert \u00e0 travers plusieurs \u00e9poques, qui a su s\u2019\u00e9panouir. O\u00f9 il y a une forme de r\u00e9silience. Les gens savent vivre ensemble. On a beau essayer de nous d\u00e9sunir, de nous diviser, \u00e7a ne marche pas. Et les Toulonnais l\u2019ont montr\u00e9 aussi au mois de mars. Le centre-ville a \u00e9t\u00e9 r\u00e9habilit\u00e9, c\u2019est magnifique. On a envie d\u2019y aller. Et quand on re\u00e7oit des gens, on a envie de le leur faire visiter. Eh bien, on va faire la m\u00eame chose dans les quartiers.<\/p>\n<p>On a entendu les habitants des quartiers, on sait qu\u2019il y a du travail, on va le faire. Et la culture \u00e0 Toulon on va la faire tous ensemble.<\/p>\n<\/p><\/div>\n","protected":false},"excerpt":{"rendered":"Dans sa mission d&rsquo;amener la culture au plus pr&egrave;s des habitants dans tous les quartiers de la ville, l&rsquo;&eacute;lue St&eacute;phanie Slimani, dramaturge, metteuse en sc&egrave;ne, marionnettiste, auteure et professeure de &#8230;","protected":false},"author":1,"featured_media":38546,"comment_status":"open","ping_status":"open","sticky":false,"template":"","format":"standard","meta":{"footnotes":""},"categories":[3926,3925,32,330,20],"tags":[1123,1236,143,168,430,181,945,102,177,35,3235,1250,411,1697,343,336,1210,387,106,3182,1489,126,4398,378,752,2231,4833,920,1762,96,1142,1432,4217,178,2769,141,522,700,2290,269,2704,562,2230,60,194,51,260,393,529,4758,137,1241,597,53,31,1087,720],"news-destination":[3944],"news-source":[475],"is_homepage":[],"ta_other":[],"class_list":["post-38545","post","type-post","status-publish","format-standard","has-post-thumbnail","hentry","category-accueil-merge","category-accueil-third","category-culture","category-politique","category-societe","tag-appel-a-projets","tag-artistes","tag-associatif","tag-association","tag-budget","tag-centre-ville","tag-cohesion-sociale","tag-collectif","tag-commercants","tag-culture","tag-culture-pour-tous","tag-danse","tag-ecoles","tag-ensemble","tag-entretien","tag-ete","tag-experience","tag-femmes","tag-habitants","tag-josee-massi","tag-juste","tag-la-marseillaise","tag-lien","tag-local","tag-maire","tag-mars","tag-mediatheques","tag-memoire","tag-mots","tag-municipalite","tag-parcours","tag-partage","tag-pont","tag-population","tag-printemps","tag-projet","tag-proximite","tag-quartier","tag-quartiers-populaires","tag-quartiers-prioritaires","tag-recolte","tag-resilience","tag-scene","tag-sens","tag-social","tag-societe","tag-solidarite","tag-soutien","tag-spectacle","tag-temps","tag-territoire","tag-theatre","tag-toulon","tag-travail","tag-var","tag-vie","tag-ville","news-destination-homepage","news-source-website"],"_links":{"self":[{"href":"https:\/\/euapp01.newsmemory.com\/lamarseillaise\/news\/wp-json\/wp\/v2\/posts\/38545","targetHints":{"allow":["GET"]}}],"collection":[{"href":"https:\/\/euapp01.newsmemory.com\/lamarseillaise\/news\/wp-json\/wp\/v2\/posts"}],"about":[{"href":"https:\/\/euapp01.newsmemory.com\/lamarseillaise\/news\/wp-json\/wp\/v2\/types\/post"}],"author":[{"embeddable":true,"href":"https:\/\/euapp01.newsmemory.com\/lamarseillaise\/news\/wp-json\/wp\/v2\/users\/1"}],"replies":[{"embeddable":true,"href":"https:\/\/euapp01.newsmemory.com\/lamarseillaise\/news\/wp-json\/wp\/v2\/comments?post=38545"}],"version-history":[{"count":1,"href":"https:\/\/euapp01.newsmemory.com\/lamarseillaise\/news\/wp-json\/wp\/v2\/posts\/38545\/revisions"}],"predecessor-version":[{"id":38547,"href":"https:\/\/euapp01.newsmemory.com\/lamarseillaise\/news\/wp-json\/wp\/v2\/posts\/38545\/revisions\/38547"}],"wp:featuredmedia":[{"embeddable":true,"href":"https:\/\/euapp01.newsmemory.com\/lamarseillaise\/news\/wp-json\/wp\/v2\/media\/38546"}],"wp:attachment":[{"href":"https:\/\/euapp01.newsmemory.com\/lamarseillaise\/news\/wp-json\/wp\/v2\/media?parent=38545"}],"wp:term":[{"taxonomy":"category","embeddable":true,"href":"https:\/\/euapp01.newsmemory.com\/lamarseillaise\/news\/wp-json\/wp\/v2\/categories?post=38545"},{"taxonomy":"post_tag","embeddable":true,"href":"https:\/\/euapp01.newsmemory.com\/lamarseillaise\/news\/wp-json\/wp\/v2\/tags?post=38545"},{"taxonomy":"news-destination","embeddable":true,"href":"https:\/\/euapp01.newsmemory.com\/lamarseillaise\/news\/wp-json\/wp\/v2\/news-destination?post=38545"},{"taxonomy":"news-source","embeddable":true,"href":"https:\/\/euapp01.newsmemory.com\/lamarseillaise\/news\/wp-json\/wp\/v2\/news-source?post=38545"},{"taxonomy":"is_homepage","embeddable":true,"href":"https:\/\/euapp01.newsmemory.com\/lamarseillaise\/news\/wp-json\/wp\/v2\/is_homepage?post=38545"},{"taxonomy":"ta_other","embeddable":true,"href":"https:\/\/euapp01.newsmemory.com\/lamarseillaise\/news\/wp-json\/wp\/v2\/ta_other?post=38545"}],"curies":[{"name":"wp","href":"https:\/\/api.w.org\/{rel}","templated":true}]}}