{"id":38542,"date":"2026-08-06T06:55:00","date_gmt":"2026-08-06T04:55:00","guid":{"rendered":"https:\/\/euapp01.newsmemory.com\/lamarseillaise\/news\/?p=38542"},"modified":"2026-08-11T10:29:21","modified_gmt":"2026-08-11T08:29:21","slug":"tic-chef-presume-de-la-dz-mafia-interpelle","status":"publish","type":"post","link":"https:\/\/euapp01.newsmemory.com\/lamarseillaise\/news\/2026\/08\/06\/tic-chef-presume-de-la-dz-mafia-interpelle\/","title":{"rendered":"\u00ab Tic \u00bb, chef pr\u00e9sum\u00e9 de la DZ Mafia, interpell\u00e9"},"content":{"rendered":"<div class=\"paragraph\">\n<p>Le procureur de Marseille, Nicolas Bessone, a confirm\u00e9 hier l\u2019arrestation le 20\u00a0juillet en Alg\u00e9rie de Mehdi Laribi, 36\u00a0ans, pr\u00e9sent\u00e9 comme un des chefs et fondateurs du gang marseillais, DZ Mafia.<\/p>\n<p>Originaire de la cit\u00e9 Bassens dans les quartiers nord, le Franco-Alg\u00e9rien a \u00e9t\u00e9 arr\u00eat\u00e9 sur ex\u00e9cution d\u2019un mandat d\u2019arr\u00eat des juges d\u2019instruction en charge du dossier<i> <\/i>\u00ab\u00a0Octopus\u00a0\u00bb ouvert \u00e0 la juridiction interr\u00e9gionale sp\u00e9cialis\u00e9e (JIRS) de Marseille. Le 9\u00a0mars 2026, une vaste op\u00e9ration avec 1\u00a0000\u00a0militaires de la Gendarmerie nationale avait permis l\u2019interpellation de 43\u00a0individus soup\u00e7onn\u00e9s d\u2019occuper un r\u00f4le important au sein de la \u00ab\u00a0DZ mafia\u00a0\u00bb<\/p>\n<p>Mehdi Laribi, 36\u00a0ans, est suspect\u00e9 d\u2019\u00eatre un des patrons de la DZ\u00a0Mafia. La qualification p\u00e9nale de \u00ab\u00a0direction ou organisation d\u2019un groupement ayant pour objet une activit\u00e9 illicite li\u00e9e aux stup\u00e9fiants\u00a0\u00bb est un crime passible en France de la r\u00e9clusion criminelle \u00e0 perp\u00e9tuit\u00e9 et de 7,5\u00a0millions d\u2019euros d\u2019amende.<\/p>\n<p>Mehdi Laribi, alias \u00ab\u00a0Tic\u00a0\u00bb, n\u2019a toutefois pas \u00e9t\u00e9 plac\u00e9 en d\u00e9tention provisoire. Il est sous contr\u00f4le judiciaire des autorit\u00e9s alg\u00e9riennes, ce qui relativise beaucoup l\u2019annonce triomphaliste du garde des Sceaux G\u00e9rald Darmanin qui a aussit\u00f4t salu\u00e9 sur\u00a0X l\u2019arrestation de celui qu\u2019il regarde comme \u00ab\u00a0<i>une cible prioritaire de la justice fran\u00e7aise dans la lutte contre la drogue et la criminalit\u00e9 organis\u00e9e<\/i><i>\u00a0<\/i>\u00bb et a remerci\u00e9 les \u00ab\u00a0<i>autorit\u00e9s alg\u00e9riennes pour cette avanc\u00e9e et cette coop\u00e9ration<\/i><i>\u00a0<\/i>\u00bb.<\/p>\n<\/p><\/div>\n<div class=\"intext\"> \u00ab\u00a0Petit, j\u2019\u00e9tais rachitique\u00a0\u00bb\n              <\/div>\n<div class=\"paragraph\">\n<p>Ce n\u2019est pas demain ni m\u00eame dans quelques mois qu\u2019on assistera \u00e0 la remise de l\u2019individu recherch\u00e9 par la France et \u00e0 sa descente d\u2019avion sur le tarmac d\u2019un a\u00e9roport fran\u00e7ais. L\u2019Alg\u00e9rie n\u2019extradant pas ses nationaux, il faudrait que la justice alg\u00e9rienne s\u2019empare des poursuites fran\u00e7aises. Autant dire que le verrou rel\u00e8ve de la diplomatie. Son placement sous contr\u00f4le judiciaire &#8211;\u00a0dont les obligations ne sont d\u2019ailleurs pas connues\u00a0&#8211; ne semble pas orienter dans cette direction. Le m\u00eame obstacle a profit\u00e9 \u00e0 Mohamed Djeha, alias Mimo, 44\u00a0ans, chef du r\u00e9seau de la Castellane, sous contumace d\u2019une peine de 30\u00a0ans de r\u00e9clusion. Arr\u00eat\u00e9 en juin\u00a02023 pr\u00e8s d\u2019Oran, il avait alors \u00e9t\u00e9 plac\u00e9 en d\u00e9tention provisoire. Le dossier \u00ab\u00a0Trident\u00a0\u00bb a depuis vir\u00e9 au fiasco.<\/p>\n<p>Mehdi Laribi est regard\u00e9 comme un des membres du \u00ab\u00a0triumvirat\u00a0\u00bb qui dirige la DZ\u00a0Mafia avec Amine Oualane et Gabriel Ory, actuellement d\u00e9tenus dans des prisons de haute s\u00e9curit\u00e9. Il avait \u00e9t\u00e9 condamn\u00e9 fin\u00a02015 \u00e0 25\u00a0ans de r\u00e9clusion pour un triple assassinat en bande organis\u00e9e \u00e0 Bassens. \u00ab\u00a0<i>On vous appelle Tic<\/i><i>\u00a0<\/i><i>?<\/i><i>\u00a0<\/i>\u00bb s\u2019\u00e9tait \u00e9tonn\u00e9 le pr\u00e9sident de la cour d\u2019assises d\u2019Aix-en-Provence o\u00f9 il r\u00e9pondait avec son fr\u00e8re d\u2019un triple \u00ab\u00a0barbecue\u00a0\u00bb. \u00ab\u00a0<i>Oui parce que petit j\u2019\u00e9tais rachitique<\/i><i>\u00a0<\/i>\u00bb avait r\u00e9pondu Mehdi Laribi. Son palmar\u00e8s p\u00e9nal \u00e9tait d\u00e9j\u00e0 charg\u00e9 quand ado il avait jou\u00e9 un second r\u00f4le sous le nom de \u00ab\u00a0Rachitique\u00a0\u00bb dans \u00ab\u00a0Khamsa\u00a0\u00bb, le film du r\u00e9alisateur Karim Dridi tourn\u00e9 \u00e0 Marseille en 2007. \u00c0 la juge d\u2019instruction d\u2019alors, il avait r\u00e9pondu\u00a0: \u00ab\u00a0<i>J\u2019ai fait connerie sur connerie mais madame je ne suis pas un tueur, j\u2019ai vraiment honte quand on m\u2019accuse de \u00e7a, je ne suis pas un ca\u00efd, je veux juste \u00eatre un petit jeune comme tout le monde<\/i><i>\u00a0<\/i>\u00bb.<\/p>\n<\/p><\/div>\n","protected":false},"excerpt":{"rendered":"Le procureur de Marseille, Nicolas Bessone, a confirm&eacute; hier l&rsquo;arrestation le 20&nbsp;juillet en Alg&eacute;rie de Mehdi Laribi, 36&nbsp;ans, pr&eacute;sent&eacute; comme un des chefs et fondateurs du gang marseillais, DZ Mafia.","protected":false},"author":1,"featured_media":38543,"comment_status":"open","ping_status":"open","sticky":false,"template":"","format":"standard","meta":{"footnotes":""},"categories":[3926,3925,20],"tags":[2727,2682,10,3633,1470,1465,1490,2079,1798,249,4012,16,2392,211,5061,1980,668,1367,2387,1301],"news-destination":[3944],"news-source":[475],"is_homepage":[],"ta_other":[],"class_list":["post-38542","post","type-post","status-publish","format-standard","has-post-thumbnail","hentry","category-accueil-merge","category-accueil-third","category-societe","tag-assassinat","tag-barbecue","tag-bouches-du-rhone","tag-controle-judiciaire","tag-cooperation","tag-diplomatie","tag-direction","tag-francais","tag-gendarmerie","tag-gerald-darmanin","tag-la-castellane","tag-marseille","tag-nicolas-bessone","tag-organisation","tag-palmares","tag-procureur","tag-quartiers","tag-realisateur","tag-stupefiants","tag-tournage","news-destination-homepage","news-source-website"],"_links":{"self":[{"href":"https:\/\/euapp01.newsmemory.com\/lamarseillaise\/news\/wp-json\/wp\/v2\/posts\/38542","targetHints":{"allow":["GET"]}}],"collection":[{"href":"https:\/\/euapp01.newsmemory.com\/lamarseillaise\/news\/wp-json\/wp\/v2\/posts"}],"about":[{"href":"https:\/\/euapp01.newsmemory.com\/lamarseillaise\/news\/wp-json\/wp\/v2\/types\/post"}],"author":[{"embeddable":true,"href":"https:\/\/euapp01.newsmemory.com\/lamarseillaise\/news\/wp-json\/wp\/v2\/users\/1"}],"replies":[{"embeddable":true,"href":"https:\/\/euapp01.newsmemory.com\/lamarseillaise\/news\/wp-json\/wp\/v2\/comments?post=38542"}],"version-history":[{"count":1,"href":"https:\/\/euapp01.newsmemory.com\/lamarseillaise\/news\/wp-json\/wp\/v2\/posts\/38542\/revisions"}],"predecessor-version":[{"id":38544,"href":"https:\/\/euapp01.newsmemory.com\/lamarseillaise\/news\/wp-json\/wp\/v2\/posts\/38542\/revisions\/38544"}],"wp:featuredmedia":[{"embeddable":true,"href":"https:\/\/euapp01.newsmemory.com\/lamarseillaise\/news\/wp-json\/wp\/v2\/media\/38543"}],"wp:attachment":[{"href":"https:\/\/euapp01.newsmemory.com\/lamarseillaise\/news\/wp-json\/wp\/v2\/media?parent=38542"}],"wp:term":[{"taxonomy":"category","embeddable":true,"href":"https:\/\/euapp01.newsmemory.com\/lamarseillaise\/news\/wp-json\/wp\/v2\/categories?post=38542"},{"taxonomy":"post_tag","embeddable":true,"href":"https:\/\/euapp01.newsmemory.com\/lamarseillaise\/news\/wp-json\/wp\/v2\/tags?post=38542"},{"taxonomy":"news-destination","embeddable":true,"href":"https:\/\/euapp01.newsmemory.com\/lamarseillaise\/news\/wp-json\/wp\/v2\/news-destination?post=38542"},{"taxonomy":"news-source","embeddable":true,"href":"https:\/\/euapp01.newsmemory.com\/lamarseillaise\/news\/wp-json\/wp\/v2\/news-source?post=38542"},{"taxonomy":"is_homepage","embeddable":true,"href":"https:\/\/euapp01.newsmemory.com\/lamarseillaise\/news\/wp-json\/wp\/v2\/is_homepage?post=38542"},{"taxonomy":"ta_other","embeddable":true,"href":"https:\/\/euapp01.newsmemory.com\/lamarseillaise\/news\/wp-json\/wp\/v2\/ta_other?post=38542"}],"curies":[{"name":"wp","href":"https:\/\/api.w.org\/{rel}","templated":true}]}}