{"id":38539,"date":"2026-08-06T06:59:00","date_gmt":"2026-08-06T04:59:00","guid":{"rendered":"https:\/\/euapp01.newsmemory.com\/lamarseillaise\/news\/?p=38539"},"modified":"2026-08-11T10:40:16","modified_gmt":"2026-08-11T08:40:16","slug":"une-rentree-charniere-pour-les-grands-ensembles-sociaux-du-pays-de-martigues","status":"publish","type":"post","link":"https:\/\/euapp01.newsmemory.com\/lamarseillaise\/news\/2026\/08\/06\/une-rentree-charniere-pour-les-grands-ensembles-sociaux-du-pays-de-martigues\/","title":{"rendered":"Une rentr\u00e9e charni\u00e8re pour les grands ensembles sociaux du pays de Martigues"},"content":{"rendered":"<div class=\"paragraph\">\n<p>De grands travaux sont attendus dans les deux grands ensembles sociaux g\u00e9r\u00e9s par 13\u00a0Habitat \u00e0 Martigues et Port-de-Bouc, respectivement dans les quartiers Notre-Dame-des-Marins avec 669\u00a0logements et ceux de la Presqu\u2019\u00eele de Port-de-Bouc avec 515\u00a0logements.<\/p>\n<p>Sollicit\u00e9 par <i>La<\/i><i>\u00a0<\/i><i>Marseillaise<\/i> au sujet des plans de r\u00e9novation apr\u00e8s le changement de pr\u00e9sidence intervenu le 9\u00a0juillet dernier, le 1<sup>er<\/sup>\u00a0office public de l\u2019habitat des Bouches-du-Rh\u00f4ne, 13\u00a0Habitat, a d\u00e9taill\u00e9 les mesures et le calendrier des op\u00e9rations.<\/p>\n<p>Concernant Martigues, \u00ab\u00a0<i>le programme de r\u00e9habilitation de Notre-Dame-des-Marins figure dans le nouveau plan strat\u00e9gique du patrimoine 2026-2035 adopt\u00e9 par le conseil d\u2019administration de 13<\/i><i>\u00a0<\/i><i>Habitat le 9<\/i><i>\u00a0<\/i><i>juillet dernier<\/i>\u00a0\u00bb d\u00e9taille l\u2019office. \u00ab\u00a0<i>Le plan de 44<\/i><i>\u00a0<\/i><i>millions d\u2019euros pour Notre-Dame-des-Marins \u00e0 Martigues est donc bien confirm\u00e9<\/i><i>\u00a0<\/i>\u00bb, pr\u00e9cise 13\u00a0Habitat, comme il avait \u00e9t\u00e9 <a rel=\"noopener noreferrer\" href=\"https:\/\/www.lamarseillaise.fr\/societe\/martigues-la-nouvelle-direction-de-13-habitat-reinvestit-notre-dame-des-marins-NN19367390\" target=\"_blank\">annonc\u00e9 en d\u00e9cembre\u00a02025 aupr\u00e8s des \u00e9lus et de la population<\/a>. 669\u00a0logements sont concern\u00e9s\u00a0: \u00ab\u00a0<i>les interventions les plus urgentes ont \u00e9t\u00e9 r\u00e9alis\u00e9es depuis 2025, les autres travaux seront men\u00e9s de 2027 \u00e0 2029 et seront pr\u00e9sent\u00e9s aux locataires et aux partenaires \u00e0 l\u2019automne prochain<\/i>\u00a0\u00bb, annonce le bailleur.<\/p>\n<\/p><\/div>\n<div class=\"intext\"> Une rentr\u00e9e<br \/>\n               <br \/>en concertation\n              <\/div>\n<div class=\"paragraph\">\n<p>La rentr\u00e9e des locataires se fera dans la concertation. Comme \u00e0 Martigues, les habitants de la Presqu\u2019\u00eele de Port-de-Bouc se verront pr\u00e9senter les travaux de r\u00e9habilitation dans leurs quartiers des Aigues Douces et de la L\u00e8que \u00ab\u00a0<i>\u00e0 la rentr\u00e9e prochaine<\/i>\u00a0\u00bb annonce 13\u00a0Habitat. \u00ab\u00a0<i>Les programmes de r\u00e9habilitation de nos r\u00e9sidences La L\u00e8que et Les Aigues-Douces \u00e0 Port-de-Bouc s\u2019inscrivent dans le cadre d\u2019op\u00e9rations de renouvellement urbain<\/i>\u00a0\u00bb pilot\u00e9es par l\u2019Agence nationale de renouvellement urbain (Anru). Ceux-ci concernent 421\u00a0logements en cat\u00e9gorie\u00a0D et\u00a0E du Diagnostic de performance \u00e9nerg\u00e9tique (DPE) aux Aigues douces, pour un chantier \u00ab\u00a0<i>pr\u00e9vu de 2027 \u00e0 2030<\/i>\u00a0\u00bb, selon le bailleur, ainsi que de 96\u00a0logements en DPE\u00a0D \u00e0 La L\u00e8que, pr\u00e9vus entre 2028 et 2030.<\/p>\n<p>\u00ab\u00a0<i>Ces programmes, conduits en partenariat avec les mairies concern\u00e9es, en sont aux phases pr\u00e9paratoires<\/i>\u00a0\u00bb pr\u00e9cise 13\u00a0Habitat.<\/p>\n<\/p><\/div>\n<div class=\"paragraph\">\n<p><b>CHIFFRES<\/b><\/p>\n<p><b>44 millions<\/b><\/p>\n<p>d\u2019euros consacr\u00e9s par 13 habitat pour la r\u00e9habilitation de Notre-Dame-des-Marins.<\/p>\n<p><b>669<\/b><\/p>\n<p>logements sont concern\u00e9s par la r\u00e9habilitation de ce quartier de Martigues.<\/p>\n<p><b>2027<\/b><\/p>\n<p>Ann\u00e9e de d\u00e9marrage des travaux \u00e0 Notre-Dame- des-Marins \u00e0 Martigues et les Aigues Douces \u00e0 Port-de-Bouc (421 logements) d\u2019apr\u00e8s le plan strat\u00e9gique de 13 Habitat.<\/p>\n<\/p><\/div>\n","protected":false},"excerpt":{"rendered":"De grands travaux sont attendus dans les deux grands ensembles sociaux g&eacute;r&eacute;s par 13&nbsp;Habitat &agrave; Martigues et Port-de-Bouc, respectivement dans les quartiers Notre-Dame-des-Marins avec 669&nbsp;logements et ceux de la &#8230;","protected":false},"author":1,"featured_media":38540,"comment_status":"open","ping_status":"open","sticky":false,"template":"","format":"standard","meta":{"footnotes":""},"categories":[3926,3925,20],"tags":[498,728,10,1624,146,1597,506,63,667,668,157,1582,166],"news-destination":[3944],"news-source":[475],"is_homepage":[],"ta_other":[],"class_list":["post-38539","post","type-post","status-publish","format-standard","has-post-thumbnail","hentry","category-accueil-merge","category-accueil-third","category-societe","tag-13-habitat","tag-anru","tag-bouches-du-rhone","tag-chantiers","tag-concertation","tag-locataires","tag-logements-sociaux","tag-martigues","tag-port-de-bouc","tag-quartiers","tag-rehabilitation","tag-renovation","tag-travaux","news-destination-homepage","news-source-website"],"_links":{"self":[{"href":"https:\/\/euapp01.newsmemory.com\/lamarseillaise\/news\/wp-json\/wp\/v2\/posts\/38539","targetHints":{"allow":["GET"]}}],"collection":[{"href":"https:\/\/euapp01.newsmemory.com\/lamarseillaise\/news\/wp-json\/wp\/v2\/posts"}],"about":[{"href":"https:\/\/euapp01.newsmemory.com\/lamarseillaise\/news\/wp-json\/wp\/v2\/types\/post"}],"author":[{"embeddable":true,"href":"https:\/\/euapp01.newsmemory.com\/lamarseillaise\/news\/wp-json\/wp\/v2\/users\/1"}],"replies":[{"embeddable":true,"href":"https:\/\/euapp01.newsmemory.com\/lamarseillaise\/news\/wp-json\/wp\/v2\/comments?post=38539"}],"version-history":[{"count":1,"href":"https:\/\/euapp01.newsmemory.com\/lamarseillaise\/news\/wp-json\/wp\/v2\/posts\/38539\/revisions"}],"predecessor-version":[{"id":38541,"href":"https:\/\/euapp01.newsmemory.com\/lamarseillaise\/news\/wp-json\/wp\/v2\/posts\/38539\/revisions\/38541"}],"wp:featuredmedia":[{"embeddable":true,"href":"https:\/\/euapp01.newsmemory.com\/lamarseillaise\/news\/wp-json\/wp\/v2\/media\/38540"}],"wp:attachment":[{"href":"https:\/\/euapp01.newsmemory.com\/lamarseillaise\/news\/wp-json\/wp\/v2\/media?parent=38539"}],"wp:term":[{"taxonomy":"category","embeddable":true,"href":"https:\/\/euapp01.newsmemory.com\/lamarseillaise\/news\/wp-json\/wp\/v2\/categories?post=38539"},{"taxonomy":"post_tag","embeddable":true,"href":"https:\/\/euapp01.newsmemory.com\/lamarseillaise\/news\/wp-json\/wp\/v2\/tags?post=38539"},{"taxonomy":"news-destination","embeddable":true,"href":"https:\/\/euapp01.newsmemory.com\/lamarseillaise\/news\/wp-json\/wp\/v2\/news-destination?post=38539"},{"taxonomy":"news-source","embeddable":true,"href":"https:\/\/euapp01.newsmemory.com\/lamarseillaise\/news\/wp-json\/wp\/v2\/news-source?post=38539"},{"taxonomy":"is_homepage","embeddable":true,"href":"https:\/\/euapp01.newsmemory.com\/lamarseillaise\/news\/wp-json\/wp\/v2\/is_homepage?post=38539"},{"taxonomy":"ta_other","embeddable":true,"href":"https:\/\/euapp01.newsmemory.com\/lamarseillaise\/news\/wp-json\/wp\/v2\/ta_other?post=38539"}],"curies":[{"name":"wp","href":"https:\/\/api.w.org\/{rel}","templated":true}]}}