{"id":38536,"date":"2026-08-06T07:01:00","date_gmt":"2026-08-06T05:01:00","guid":{"rendered":"https:\/\/euapp01.newsmemory.com\/lamarseillaise\/news\/?p=38536"},"modified":"2026-08-12T07:09:59","modified_gmt":"2026-08-12T05:09:59","slug":"a-orange-un-projet-hotelier-de-luxe-fait-bondir-les-riverains","status":"publish","type":"post","link":"https:\/\/euapp01.newsmemory.com\/lamarseillaise\/news\/2026\/08\/06\/a-orange-un-projet-hotelier-de-luxe-fait-bondir-les-riverains\/","title":{"rendered":"\u00c0 Orange, un projet h\u00f4telier de luxe fait bondir les riverains"},"content":{"rendered":"<div class=\"paragraph\">\n<p>Un complexe h\u00f4telier haut de gamme d\u2019une centaine de chambres, avec r\u00e9sidences de tourisme d\u00e9di\u00e9es au v\u00e9lo et spa, la \u00ab\u00a0Baie des Princes\u00a0\u00bb, esp\u00e8re voir le jour d\u2019ici 2030, l\u00e0 o\u00f9 se trouvait l\u2019ancienne carri\u00e8re Saint-Eutrope, \u00e0 Orange. Mais non sans opposition.<\/p>\n<p>Sur un emplacement de 17\u00a0hectares, en friche depuis les ann\u00e9es\u00a060, la soci\u00e9t\u00e9 Immobilis, qui pilote l\u2019ouvrage, avance pas \u00e0 pas. Le terrain est entr\u00e9 dans le Plan local d\u2019urbanisme (PLU) en 2023 apr\u00e8s deux ann\u00e9es de concertation. Les porteurs mettent en avant la dimension \u00e9cologique avec, en parall\u00e8le, la r\u00e9habilitation de l\u2019ancienne carri\u00e8re. Et l\u2019attrait touristique qu\u2019il pourrait y avoir avec une vue sur le Ventoux, l\u2019accueil de cyclotouristes ou encore les vignobles \u00e0 proximit\u00e9. Pour un co\u00fbt total estim\u00e9 entre 120 et 160\u00a0millions d\u2019euros. Et 200 \u00e0 250\u00a0emplois cr\u00e9\u00e9s pour le fonctionnement du site.<\/p>\n<p>Et ce jeudi 30\u00a0juillet s\u2019est achev\u00e9 l\u2019avis de consultation du public \u00ab\u00a0<i>ayant pour objet une demande d\u2019autorisation environnementale relative aux travaux d\u2019am\u00e9nagement urbain<\/i>\u00a0\u00bb. Une consultation qui portait notamment sur la loi sur l\u2019eau et le \u00ab\u00a0<i>rejet d\u2019eaux pluviales dans les eaux douces superficielles ou sur le sol ou dans le sous-sol<\/i>\u00a0\u00bb. Lors de la derni\u00e8re r\u00e9union publique, le jeudi 23\u00a0juillet, le commissaire rapporteur a fait \u00e9tat de 563\u00a0avis favorables, 532 \u00a0d\u00e9favorables, 68\u00a0sans avis et 71\u00a0hors sujet. Le pr\u00e9fet devra ensuite valider apr\u00e8s consultation suite \u00e0 une demande d\u2019autorisation environnementale, puis au maire d\u2019accepter le projet suite au d\u00e9p\u00f4t d\u2019une demande de permis d\u2019am\u00e9nager aupr\u00e8s de la commune en 2025.<\/p>\n<\/p><\/div>\n<div class=\"intext\"> Vive opposition\n              <\/div>\n<div class=\"paragraph\">\n<p>Apr\u00e8s la publication du compte rendu de cette consultation, la suite est dans les mains du pr\u00e9fet de Vaucluse, puis du maire d\u2019Orange pour valider le lancement de potentiels travaux. Alors que la mairie de Jean-Dominique Artaud (RN) affirme qu\u2019elle \u00ab\u00a0<i>se doit de respecter une position de neutralit\u00e9 concernant le projet immobilier de la Baie des Princes<\/i><i>\u00a0<\/i>\u00bb, associations et groupes d\u2019opposition clament leur d\u00e9saccord depuis plusieurs ann\u00e9es. Christian Gastou, \u00e9lu d\u2019opposition (DVC) du Printemps pour Orange, pointe que ce projet \u00ab\u00a0<i>met en danger la biodiversit\u00e9 du site<\/i>\u00a0\u00bb. L\u2019Association de d\u00e9fense de l\u2019environnement orangeois (Adeo) abonde dans ce sens, en s\u2019appuyant notamment sur l\u2019avis laiss\u00e9 par le Conservatoire d\u2019espaces naturels de Provence-Alpes-C\u00f4te d\u2019Azur (CEN). \u00ab\u00a0<i>C\u2019est un environnement sableux tr\u00e8s particulier, tr\u00e8s rare en Vaucluse et encore plus dans la r\u00e9gion. Avec des esp\u00e8ces particuli\u00e8res, prot\u00e9g\u00e9es. Et donc, au moindre d\u00e9rangement, m\u00eame minime, cela met en danger leur survie. M\u00eame si le projet pr\u00e9voit d\u2019en tenir compte, je ne vois pas comment il est possible d\u2019\u00e9viter d\u2019ab\u00eemer le milieu d\u00e9finitivement<\/i>\u00a0\u00bb, explique Thierry Joumard, pr\u00e9sident de l\u2019Adeo. Avec des esp\u00e8ces telles que le criquet des dunes, \u00ab\u00a0<i>le seul endroit o\u00f9 il a \u00e9t\u00e9 observ\u00e9 en dehors du littoral<\/i><i>\u00a0<\/i>\u00bb, explique le responsable associatif, ou encore le scorpion languedocien.<\/p>\n<p>Une p\u00e9tition contre le projet a \u00e9galement r\u00e9colt\u00e9 plus de 2\u00a0000 signatures. Le risque d\u2019inondation, d\u2019incendie et d\u2019effondrement est \u00e9galement point\u00e9. \u00ab\u00a0<i>Il y a eu un feu sur la colline la semaine derni\u00e8re. Mais le site se trouve aussi \u00e0 flanc de falaise et le seul conduit qui doit \u00e9vacuer l\u2019eau, car c\u2019est un bassin ferm\u00e9, est en mauvais \u00e9tat<\/i><i>\u00a0<\/i>\u00bb, r\u00e9sume Christian Gastou.<\/p>\n<\/p><\/div>\n","protected":false},"excerpt":{"rendered":"Un complexe h&ocirc;telier haut de gamme d&rsquo;une centaine de chambres, avec r&eacute;sidences de tourisme d&eacute;di&eacute;es au v&eacute;lo et spa, la &laquo;&nbsp;Baie des Princes&nbsp;&raquo;, esp&egrave;re voir le jour d&rsquo;ici 2030, &#8230;","protected":false},"author":1,"featured_media":38537,"comment_status":"open","ping_status":"open","sticky":false,"template":"","format":"standard","meta":{"footnotes":""},"categories":[3926,3925,338,333,20],"tags":[143,138,84,4030,697,26,1896,1345,1396,1130,830,1525,191,1131,4681,1064,347,595,171],"news-destination":[3944],"news-source":[475],"is_homepage":[],"ta_other":[],"class_list":["post-38536","post","type-post","status-publish","format-standard","has-post-thumbnail","hentry","category-accueil-merge","category-accueil-third","category-economie","category-environnement","category-societe","tag-associatif","tag-associations","tag-biodiversite","tag-consultation-publique","tag-elus","tag-environnement","tag-hotels","tag-immobilier","tag-incendies","tag-inondations","tag-opposition","tag-petition","tag-politique","tag-prefecture","tag-reunion-publique","tag-riverains","tag-tourisme","tag-urbanisme","tag-vaucluse","news-destination-homepage","news-source-website"],"_links":{"self":[{"href":"https:\/\/euapp01.newsmemory.com\/lamarseillaise\/news\/wp-json\/wp\/v2\/posts\/38536","targetHints":{"allow":["GET"]}}],"collection":[{"href":"https:\/\/euapp01.newsmemory.com\/lamarseillaise\/news\/wp-json\/wp\/v2\/posts"}],"about":[{"href":"https:\/\/euapp01.newsmemory.com\/lamarseillaise\/news\/wp-json\/wp\/v2\/types\/post"}],"author":[{"embeddable":true,"href":"https:\/\/euapp01.newsmemory.com\/lamarseillaise\/news\/wp-json\/wp\/v2\/users\/1"}],"replies":[{"embeddable":true,"href":"https:\/\/euapp01.newsmemory.com\/lamarseillaise\/news\/wp-json\/wp\/v2\/comments?post=38536"}],"version-history":[{"count":1,"href":"https:\/\/euapp01.newsmemory.com\/lamarseillaise\/news\/wp-json\/wp\/v2\/posts\/38536\/revisions"}],"predecessor-version":[{"id":38538,"href":"https:\/\/euapp01.newsmemory.com\/lamarseillaise\/news\/wp-json\/wp\/v2\/posts\/38536\/revisions\/38538"}],"wp:featuredmedia":[{"embeddable":true,"href":"https:\/\/euapp01.newsmemory.com\/lamarseillaise\/news\/wp-json\/wp\/v2\/media\/38537"}],"wp:attachment":[{"href":"https:\/\/euapp01.newsmemory.com\/lamarseillaise\/news\/wp-json\/wp\/v2\/media?parent=38536"}],"wp:term":[{"taxonomy":"category","embeddable":true,"href":"https:\/\/euapp01.newsmemory.com\/lamarseillaise\/news\/wp-json\/wp\/v2\/categories?post=38536"},{"taxonomy":"post_tag","embeddable":true,"href":"https:\/\/euapp01.newsmemory.com\/lamarseillaise\/news\/wp-json\/wp\/v2\/tags?post=38536"},{"taxonomy":"news-destination","embeddable":true,"href":"https:\/\/euapp01.newsmemory.com\/lamarseillaise\/news\/wp-json\/wp\/v2\/news-destination?post=38536"},{"taxonomy":"news-source","embeddable":true,"href":"https:\/\/euapp01.newsmemory.com\/lamarseillaise\/news\/wp-json\/wp\/v2\/news-source?post=38536"},{"taxonomy":"is_homepage","embeddable":true,"href":"https:\/\/euapp01.newsmemory.com\/lamarseillaise\/news\/wp-json\/wp\/v2\/is_homepage?post=38536"},{"taxonomy":"ta_other","embeddable":true,"href":"https:\/\/euapp01.newsmemory.com\/lamarseillaise\/news\/wp-json\/wp\/v2\/ta_other?post=38536"}],"curies":[{"name":"wp","href":"https:\/\/api.w.org\/{rel}","templated":true}]}}