{"id":38533,"date":"2026-08-06T06:46:00","date_gmt":"2026-08-06T04:46:00","guid":{"rendered":"https:\/\/euapp01.newsmemory.com\/lamarseillaise\/news\/?p=38533"},"modified":"2026-08-08T08:16:34","modified_gmt":"2026-08-08T06:16:34","slug":"pour-labolition-de-larme-atomique","status":"publish","type":"post","link":"https:\/\/euapp01.newsmemory.com\/lamarseillaise\/news\/2026\/08\/06\/pour-labolition-de-larme-atomique\/","title":{"rendered":"Pour l\u2019abolition de l\u2019arme atomique"},"content":{"rendered":"<div class=\"paragraph\">\n<p>Pour que nul n\u2019oublie l\u2019horreur, pour que chacun soit sensibilis\u00e9 au danger de l\u2019arme nucl\u00e9aire et qu\u2019\u00e0 terme, celle-ci soit abolie\u00a0: les pacifistes se r\u00e9unissent, comme chaque ann\u00e9e, en m\u00e9moire d\u2019Hiroshima et Nagasaki pour le 81<sup>e<\/sup>\u00a0anniversaire des bombardements atomiques. Ce rassemblement, pr\u00e9vu \u00e0 18h au monument des Mobiles \u00e0 Marseille*, sera l\u2019occasion pour le Mouvement de la Paix\u00a013 de lancer une grande campagne citoyenne et politique en faveur du Trait\u00e9 d\u2019interdiction des armes nucl\u00e9aires (Tian).<\/p>\n<p>L\u2019organisation pacifiste veut mettre en d\u00e9bat la th\u00e9orie de la dissuasion et la pr\u00e9sence d\u2019armes atomiques sur la base a\u00e9rienne\u00a0125 d\u2019Istres. \u00ab\u00a0<i>C\u2019est un territoire interdit o\u00f9 les choses sont g\u00e9r\u00e9es sans aucune transparence et o\u00f9 des dangers notoires, notamment les bombes atomiques, repr\u00e9sentent une menace pour toute la population<\/i><i>\u00a0<\/i>\u00bb, temp\u00eate Michel Dolot, porte-parole du Mouvement de la paix des Bouches-du-Rh\u00f4ne. Les militants veulent promouvoir la notion de s\u00e9curit\u00e9 humaine. Ce concept des Nations Unies vise \u00e0 placer l\u2019individu au centre des priorit\u00e9s \u00e0 la diff\u00e9rence de la s\u00e9curit\u00e9 nationale. Pour Michel Dolot, les d\u00e9cisions budg\u00e9taires du gouvernement fran\u00e7ais illustrent \u00e0 eux seuls l\u2019opposition entre ces deux notions \u00ab\u00a0<i>tous les moyens sont pour la s\u00e9curit\u00e9 de l\u2019\u00c9tat et tr\u00e8s peu sont d\u00e9volus \u00e0 la s\u00e9curit\u00e9 humaine. Cela donne des pol\u00e9miques qu\u2019on voit autour du nombre de Canadairs, \u00e0 c\u00f4t\u00e9 des moyens qu\u2019on met pour les bombes atomiques<\/i><i>\u00a0<\/i>\u00bb, fustige-t-il.<\/p>\n<\/p><\/div>\n<div class=\"intext\"> \u00ab\u00a0Plus d\u2019argent dans les armes que dans la sant\u00e9\u00a0\u00bb\n              <\/div>\n<div class=\"paragraph\">\n<p>Une indignation partag\u00e9e par Yves Perrin Toinin, secr\u00e9taire adjoint de l\u2019Association internationale des m\u00e9decins pour la pr\u00e9vention de la guerre nucl\u00e9aire (AMFPGN), \u00ab\u00a0<i>la loi de programmation militaire pr\u00e9voit que d\u2019ici \u00e0 la fin de la d\u00e9cennie on ait doubl\u00e9 les budgets notamment ceux pour l\u2019arme nucl\u00e9aire, avec la cr\u00e9ation de nouveaux missiles, de nouvelles ogives, de nouveaux engins comme les sous-marins nucl\u00e9aires, un nouveau porte-avions. Un ensemble qui fait qu\u2019on ne va pas du tout vers le d\u00e9sarmement, bien au contraire<\/i><i>\u00a0<\/i>\u00bb<i>, <\/i>d\u00e9nonce le m\u00e9decin. \u00ab\u00a0<i>Cet \u00e9t\u00e9, par exemple, on a vu les d\u00e9crets tomber, doublant les franchises m\u00e9dicales sur les m\u00e9dicaments, augmentant le reste \u00e0 charge. On met beaucoup plus d\u2019argent dans les armes que dans la sant\u00e9<\/i><i>\u00a0<\/i>\u00bb, \u00e9ructe-t-il.<\/p>\n<p>Le professionnel de sant\u00e9 entend, lors du rassemblement marseillais, sensibiliser les participants aux cons\u00e9quences m\u00e9dicales de l\u2019arme nucl\u00e9aire. Les bombes largu\u00e9es le 6\u00a0ao\u00fbt 1945 sur Hiroshima et trois jours plus tard sur Nagasaki ont caus\u00e9 la mort de 110\u00a0000\u00a0\u00e0 210\u00a0000\u00a0personnes, sans compter les milliers ayant contract\u00e9 des maladies, notamment des cancers. Selon un sondage Ifop pour le Mouvement de la Paix, La\u00a0Marseillaise et l\u2019Humanit\u00e9, 80%\u00a0des personnes interrog\u00e9s d\u00e9clarent craindre l\u2019utilisation de l\u2019arme nucl\u00e9aire. Un sujet que les participants \u00e0 cette campagne ont l\u2019intention de pousser dans la course \u00e0 la pr\u00e9sidentielle.<\/p>\n<p>L\u2019un de leur objectif est que la France, puissance nucl\u00e9aire, ratifie le Tian\u00a0: \u00ab\u00a0<i>pour qu\u2019elle soit un exemple, avec une diplomatie souveraine, qu\u2019elle garde une voix ind\u00e9pendante qui ne se plie pas \u00e0 l\u2019Otan et refuse de s\u2019aligner sur les int\u00e9r\u00eats \u00e9tats-uniens<\/i><i>\u00a0<\/i>\u00bb, tranche Coralie Hernandez, responsable f\u00e9d\u00e9rale de la commission solidarit\u00e9 internationale et paix au sein du PCF\u00a013. Et rench\u00e9rit\u00a0: \u00ab\u00a0<i>la paix, c\u2019est un combat politique de classe qui s\u2019articule avec <\/i><i>la lutte anti-imp\u00e9rialiste et une transformation sociale<\/i><i>\u00a0<\/i>\u00bb.<\/p>\n<\/p><\/div>\n<div class=\"paragraph\">\n<p><i>*(Square L\u00e9on Blum 1<\/i><i><sup>er<\/sup><\/i><i>)<\/i><\/p>\n<\/p><\/div>\n<div class=\"paragraph\">\n<p><b>80%<\/b><\/p>\n<p>des Fran\u00e7ais <br \/>d\u00e9clarent avoir peur <br \/>des armes nucl\u00e9aires <br \/>selon un sondage Ifop r\u00e9alis\u00e9 pour <br \/>le Mouvement <br \/>de la Paix, <br \/>La Marseillaise, l\u2019Humanit\u00e9 <br \/>en janvier dernier.<\/p>\n<\/p><\/div>\n","protected":false},"excerpt":{"rendered":"Pour que nul n&rsquo;oublie l&rsquo;horreur, pour que chacun soit sensibilis&eacute; au danger de l&rsquo;arme nucl&eacute;aire et qu&rsquo;&agrave; terme, celle-ci soit abolie&nbsp;: les pacifistes se r&eacute;unissent, comme chaque ann&eacute;e, &#8230;","protected":false},"author":1,"featured_media":38534,"comment_status":"open","ping_status":"open","sticky":false,"template":"","format":"standard","meta":{"footnotes":""},"categories":[918,3926,3925,337],"tags":[340,123,10,618,1465,724,3855,341,16,920,342,344,120,111,4674,3112],"news-destination":[3944],"news-source":[475],"is_homepage":[],"ta_other":[],"class_list":["post-38533","post","type-post","status-publish","format-standard","has-post-thumbnail","hentry","category-accueil","category-accueil-merge","category-accueil-third","category-international","tag-armes-nucleaires","tag-bombe-atomique","tag-bouches-du-rhone","tag-devoir-de-memoire","tag-diplomatie","tag-guerre","tag-guerre-nucleaire","tag-japon","tag-marseille","tag-memoire","tag-michel-dolot","tag-mouvement-de-la-paix","tag-onu","tag-securite","tag-solidarite-internationale","tag-sondage","news-destination-homepage","news-source-website"],"_links":{"self":[{"href":"https:\/\/euapp01.newsmemory.com\/lamarseillaise\/news\/wp-json\/wp\/v2\/posts\/38533","targetHints":{"allow":["GET"]}}],"collection":[{"href":"https:\/\/euapp01.newsmemory.com\/lamarseillaise\/news\/wp-json\/wp\/v2\/posts"}],"about":[{"href":"https:\/\/euapp01.newsmemory.com\/lamarseillaise\/news\/wp-json\/wp\/v2\/types\/post"}],"author":[{"embeddable":true,"href":"https:\/\/euapp01.newsmemory.com\/lamarseillaise\/news\/wp-json\/wp\/v2\/users\/1"}],"replies":[{"embeddable":true,"href":"https:\/\/euapp01.newsmemory.com\/lamarseillaise\/news\/wp-json\/wp\/v2\/comments?post=38533"}],"version-history":[{"count":1,"href":"https:\/\/euapp01.newsmemory.com\/lamarseillaise\/news\/wp-json\/wp\/v2\/posts\/38533\/revisions"}],"predecessor-version":[{"id":38535,"href":"https:\/\/euapp01.newsmemory.com\/lamarseillaise\/news\/wp-json\/wp\/v2\/posts\/38533\/revisions\/38535"}],"wp:featuredmedia":[{"embeddable":true,"href":"https:\/\/euapp01.newsmemory.com\/lamarseillaise\/news\/wp-json\/wp\/v2\/media\/38534"}],"wp:attachment":[{"href":"https:\/\/euapp01.newsmemory.com\/lamarseillaise\/news\/wp-json\/wp\/v2\/media?parent=38533"}],"wp:term":[{"taxonomy":"category","embeddable":true,"href":"https:\/\/euapp01.newsmemory.com\/lamarseillaise\/news\/wp-json\/wp\/v2\/categories?post=38533"},{"taxonomy":"post_tag","embeddable":true,"href":"https:\/\/euapp01.newsmemory.com\/lamarseillaise\/news\/wp-json\/wp\/v2\/tags?post=38533"},{"taxonomy":"news-destination","embeddable":true,"href":"https:\/\/euapp01.newsmemory.com\/lamarseillaise\/news\/wp-json\/wp\/v2\/news-destination?post=38533"},{"taxonomy":"news-source","embeddable":true,"href":"https:\/\/euapp01.newsmemory.com\/lamarseillaise\/news\/wp-json\/wp\/v2\/news-source?post=38533"},{"taxonomy":"is_homepage","embeddable":true,"href":"https:\/\/euapp01.newsmemory.com\/lamarseillaise\/news\/wp-json\/wp\/v2\/is_homepage?post=38533"},{"taxonomy":"ta_other","embeddable":true,"href":"https:\/\/euapp01.newsmemory.com\/lamarseillaise\/news\/wp-json\/wp\/v2\/ta_other?post=38533"}],"curies":[{"name":"wp","href":"https:\/\/api.w.org\/{rel}","templated":true}]}}