{"id":38523,"date":"2026-08-05T12:37:00","date_gmt":"2026-08-05T10:37:00","guid":{"rendered":"https:\/\/euapp01.newsmemory.com\/lamarseillaise\/news\/?p=38523"},"modified":"2026-08-05T13:00:31","modified_gmt":"2026-08-05T11:00:31","slug":"cest-lete-balade-crepusculaire-a-val-doronay","status":"publish","type":"post","link":"https:\/\/euapp01.newsmemory.com\/lamarseillaise\/news\/2026\/08\/05\/cest-lete-balade-crepusculaire-a-val-doronay\/","title":{"rendered":"[C\u2019est l\u2019\u00e9t\u00e9] Balade cr\u00e9pusculaire \u00e0 Val d\u2019Oronay"},"content":{"rendered":"<div class=\"paragraph\">\n<p>Nous finirons notre sortie en levant les yeux au ciel pour d\u00e9couvrir quelques-unes des \u00e9toiles et constellations de notre ciel estival au d\u00e9part du camping des Marmottes.<\/p>\n<\/p><\/div>\n<div class=\"paragraph\">\n<p><i>De 20h30 \u00e0 22h. <\/i><\/p>\n<p><i>Gratuit d\u00e8s 6 ans. R\u00e9servations au 04.92.61.57.37<\/i><\/p>\n<\/p><\/div>\n","protected":false},"excerpt":{"rendered":"Nous finirons notre sortie en levant les yeux au ciel pour d&eacute;couvrir quelques-unes des &eacute;toiles et constellations de notre ciel estival au d&eacute;part du camping des Marmottes.De 20h30 &agrave; 22h. Gratuit d&egrave;s 6 ans. &#8230;","protected":false},"author":1,"featured_media":38524,"comment_status":"open","ping_status":"open","sticky":false,"template":"","format":"standard","meta":{"footnotes":""},"categories":[333],"tags":[4768,4467,1289,6085,225,57,41,754,1083,6207,3391],"news-destination":[],"news-source":[475],"is_homepage":[],"ta_other":[],"class_list":["post-38523","post","type-post","status-publish","format-standard","has-post-thumbnail","hentry","category-environnement","tag-alpes","tag-alpes-de-haute-provence","tag-balade","tag-cest-lete","tag-ciel","tag-enfants","tag-etoiles","tag-familles","tag-gratuit","tag-nocturne","tag-nuit","news-source-website"],"_links":{"self":[{"href":"https:\/\/euapp01.newsmemory.com\/lamarseillaise\/news\/wp-json\/wp\/v2\/posts\/38523","targetHints":{"allow":["GET"]}}],"collection":[{"href":"https:\/\/euapp01.newsmemory.com\/lamarseillaise\/news\/wp-json\/wp\/v2\/posts"}],"about":[{"href":"https:\/\/euapp01.newsmemory.com\/lamarseillaise\/news\/wp-json\/wp\/v2\/types\/post"}],"author":[{"embeddable":true,"href":"https:\/\/euapp01.newsmemory.com\/lamarseillaise\/news\/wp-json\/wp\/v2\/users\/1"}],"replies":[{"embeddable":true,"href":"https:\/\/euapp01.newsmemory.com\/lamarseillaise\/news\/wp-json\/wp\/v2\/comments?post=38523"}],"version-history":[{"count":1,"href":"https:\/\/euapp01.newsmemory.com\/lamarseillaise\/news\/wp-json\/wp\/v2\/posts\/38523\/revisions"}],"predecessor-version":[{"id":38525,"href":"https:\/\/euapp01.newsmemory.com\/lamarseillaise\/news\/wp-json\/wp\/v2\/posts\/38523\/revisions\/38525"}],"wp:featuredmedia":[{"embeddable":true,"href":"https:\/\/euapp01.newsmemory.com\/lamarseillaise\/news\/wp-json\/wp\/v2\/media\/38524"}],"wp:attachment":[{"href":"https:\/\/euapp01.newsmemory.com\/lamarseillaise\/news\/wp-json\/wp\/v2\/media?parent=38523"}],"wp:term":[{"taxonomy":"category","embeddable":true,"href":"https:\/\/euapp01.newsmemory.com\/lamarseillaise\/news\/wp-json\/wp\/v2\/categories?post=38523"},{"taxonomy":"post_tag","embeddable":true,"href":"https:\/\/euapp01.newsmemory.com\/lamarseillaise\/news\/wp-json\/wp\/v2\/tags?post=38523"},{"taxonomy":"news-destination","embeddable":true,"href":"https:\/\/euapp01.newsmemory.com\/lamarseillaise\/news\/wp-json\/wp\/v2\/news-destination?post=38523"},{"taxonomy":"news-source","embeddable":true,"href":"https:\/\/euapp01.newsmemory.com\/lamarseillaise\/news\/wp-json\/wp\/v2\/news-source?post=38523"},{"taxonomy":"is_homepage","embeddable":true,"href":"https:\/\/euapp01.newsmemory.com\/lamarseillaise\/news\/wp-json\/wp\/v2\/is_homepage?post=38523"},{"taxonomy":"ta_other","embeddable":true,"href":"https:\/\/euapp01.newsmemory.com\/lamarseillaise\/news\/wp-json\/wp\/v2\/ta_other?post=38523"}],"curies":[{"name":"wp","href":"https:\/\/api.w.org\/{rel}","templated":true}]}}