{"id":38517,"date":"2026-08-05T09:58:00","date_gmt":"2026-08-05T07:58:00","guid":{"rendered":"https:\/\/euapp01.newsmemory.com\/lamarseillaise\/news\/?p=38517"},"modified":"2026-08-05T10:27:02","modified_gmt":"2026-08-05T08:27:02","slug":"lunel-va-faire-jazzer-le-coeur-de-lete","status":"publish","type":"post","link":"https:\/\/euapp01.newsmemory.com\/lamarseillaise\/news\/2026\/08\/05\/lunel-va-faire-jazzer-le-coeur-de-lete\/","title":{"rendered":"Lunel va faire jazzer le c\u0153ur de l\u2019\u00e9t\u00e9 !"},"content":{"rendered":"<div class=\"paragraph\">\n<p>Voil\u00e0 plus de 20 ans que la Ville de Lunel a d\u00e9cid\u00e9 d\u2019offrir un grand rendez-vous culturel gratuit au c\u0153ur de l\u2019\u00e9t\u00e9, \u00e0 une p\u00e9riode o\u00f9 peu d\u2019animations venaient prolonger les festivit\u00e9s de La Pescalune. D\u2019un seul concert au d\u00e9part, le Lunel jazz festival a peu \u00e0 peu \u00e9toff\u00e9 sa programmation, port\u00e9 par le succ\u00e8s. Les grands noms du jazz ne s\u2019y sont pas tromp\u00e9s\u00a0: Manu Dibango, Rhoda Scott, Scott Hamilton, Marcel Azzola, David Reinhardt, Maurice Vander, Maxime Saury, Daniel Sidney Bechet, Dany Doriz, \u00c9ric Lutter, Al Colpey ou encore Sandy Patton sont venus se produire \u00e0 Lunel. Aujourd\u2019hui, la manifestation est devenue un rendez-vous attendu qui rassemble un public fid\u00e8le, compos\u00e9 \u00e0 la fois d\u2019habitants, d\u2019amateurs de jazz et de touristes venus partager trois soir\u00e9es de musique dans un cadre exceptionnel.<\/p>\n<p>Pour cette 23<sup>e<\/sup> \u00e9dition, qui se d\u00e9roulera du 6 au 8\u00a0ao\u00fbt, six concerts gratuits seront propos\u00e9s (deux par jour), r\u00e9partis entre le \u00ab\u00a0off\u00a0\u00bb sur la place des Caladons (d\u00e8s 19h) et le \u00ab\u00a0in\u00a0\u00bb au parc Jean-Hugo (\u00e0 partir de 21h30).<\/p>\n<p><i>\u00ab<\/i><i>\u00a0<\/i><i>Le jazz est une musique qui a plus de 100<\/i><i>\u00a0<\/i><i>ans d\u2019histoire. J\u2019ai donc voulu, sur les 3<\/i><i>\u00a0<\/i><i>jours, retracer un peu cette histoire. Nous partons sur une esth\u00e9tique qui na\u00eet \u00e0 la Nouvelle-Orl\u00e9ans et qui \u00e9volue dans le temps<\/i><i>\u00a0<\/i>\u00bb<i>, <\/i>explique Eric Serra, du Labory Jazz Club. Directeur artistique du festival depuis deux ans, il a fait le choix<i> <\/i>\u00ab<i>\u00a0<\/i><i>de n\u2019inviter que des artistes locaux du grand sud<\/i><i>\u00a0<\/i>\u00bb<i>.<\/i><\/p>\n<p>Les festivit\u00e9s s\u2019ouvriront donc jeudi 6 ao\u00fbt \u00e0 19h place des Caladons sur des airs de fanfare funk, avec le Royal Brass Band, un groupe de Montpellier. Ce sera le pr\u00e9lude au concert du pianiste marseillais Julien Brunetaud (21h30 parc Jean Hugo),<i> <\/i>\u00ab<i>\u00a0<\/i><i>qui a v\u00e9cu \u00e0 la Nouvelle Orl\u00e9ans et a accompagn\u00e9 \u00e9norm\u00e9ment d\u2019artistes connus dans ce milieu<\/i><i>\u00a0<\/i>\u00bb. Vendredi 7 ao\u00fbt, en premi\u00e8re partie de soir\u00e9e, place aux Dixie Froggies, jazzmen venus d\u2019Avignon qui feront revivre au public les premi\u00e8res heures du swing, avant un concert de Renaud Gensane, originaire de Perpignan, qui fut le dernier trompettiste de Johnny Hallyday et accompagne \u00e9galement V\u00e9ronique Sanson, Christophe Mae, Ben l\u2019oncle Soul ou Ibrahim Maalouf. Samedi 8, enfin, pour la soir\u00e9e de cl\u00f4ture, les Hot jazz brothers de N\u00eemes replongeront d\u00e8s 19h les visiteurs dans l&#8217;ambiance de la Nouvelle Orl\u00e9ans avant de laisser les Macadam Farmers, <i>\u00ab<\/i><i>\u00a0<\/i><i>5<\/i><i>\u00a0<\/i><i>musiciens totalement d\u00e9jant\u00e9s qui cuisinent les plus grands tubes intemporels avec une saveur folk rock et swing<\/i><i>\u00a0<\/i><i>\u00bb,<\/i> clore le festival en beaut\u00e9\u00a0!<\/p>\n<\/p><\/div>\n","protected":false},"excerpt":{"rendered":"Voil&agrave; plus de 20 ans que la Ville de Lunel a d&eacute;cid&eacute; d&rsquo;offrir un grand rendez-vous culturel gratuit au c&oelig;ur de l&rsquo;&eacute;t&eacute;, &agrave; une p&eacute;riode o&ugrave; peu d&rsquo;animations venaient prolonger &#8230;","protected":false},"author":1,"featured_media":38518,"comment_status":"open","ping_status":"open","sticky":false,"template":"","format":"standard","meta":{"footnotes":""},"categories":[32],"tags":[400,329,239,40,2756,325,284],"news-destination":[],"news-source":[475],"is_homepage":[],"ta_other":[],"class_list":["post-38517","post","type-post","status-publish","format-standard","has-post-thumbnail","hentry","category-culture","tag-concerts","tag-festival","tag-herault","tag-jazz","tag-lunel","tag-musique","tag-occitanie","news-source-website"],"_links":{"self":[{"href":"https:\/\/euapp01.newsmemory.com\/lamarseillaise\/news\/wp-json\/wp\/v2\/posts\/38517","targetHints":{"allow":["GET"]}}],"collection":[{"href":"https:\/\/euapp01.newsmemory.com\/lamarseillaise\/news\/wp-json\/wp\/v2\/posts"}],"about":[{"href":"https:\/\/euapp01.newsmemory.com\/lamarseillaise\/news\/wp-json\/wp\/v2\/types\/post"}],"author":[{"embeddable":true,"href":"https:\/\/euapp01.newsmemory.com\/lamarseillaise\/news\/wp-json\/wp\/v2\/users\/1"}],"replies":[{"embeddable":true,"href":"https:\/\/euapp01.newsmemory.com\/lamarseillaise\/news\/wp-json\/wp\/v2\/comments?post=38517"}],"version-history":[{"count":1,"href":"https:\/\/euapp01.newsmemory.com\/lamarseillaise\/news\/wp-json\/wp\/v2\/posts\/38517\/revisions"}],"predecessor-version":[{"id":38519,"href":"https:\/\/euapp01.newsmemory.com\/lamarseillaise\/news\/wp-json\/wp\/v2\/posts\/38517\/revisions\/38519"}],"wp:featuredmedia":[{"embeddable":true,"href":"https:\/\/euapp01.newsmemory.com\/lamarseillaise\/news\/wp-json\/wp\/v2\/media\/38518"}],"wp:attachment":[{"href":"https:\/\/euapp01.newsmemory.com\/lamarseillaise\/news\/wp-json\/wp\/v2\/media?parent=38517"}],"wp:term":[{"taxonomy":"category","embeddable":true,"href":"https:\/\/euapp01.newsmemory.com\/lamarseillaise\/news\/wp-json\/wp\/v2\/categories?post=38517"},{"taxonomy":"post_tag","embeddable":true,"href":"https:\/\/euapp01.newsmemory.com\/lamarseillaise\/news\/wp-json\/wp\/v2\/tags?post=38517"},{"taxonomy":"news-destination","embeddable":true,"href":"https:\/\/euapp01.newsmemory.com\/lamarseillaise\/news\/wp-json\/wp\/v2\/news-destination?post=38517"},{"taxonomy":"news-source","embeddable":true,"href":"https:\/\/euapp01.newsmemory.com\/lamarseillaise\/news\/wp-json\/wp\/v2\/news-source?post=38517"},{"taxonomy":"is_homepage","embeddable":true,"href":"https:\/\/euapp01.newsmemory.com\/lamarseillaise\/news\/wp-json\/wp\/v2\/is_homepage?post=38517"},{"taxonomy":"ta_other","embeddable":true,"href":"https:\/\/euapp01.newsmemory.com\/lamarseillaise\/news\/wp-json\/wp\/v2\/ta_other?post=38517"}],"curies":[{"name":"wp","href":"https:\/\/api.w.org\/{rel}","templated":true}]}}