{"id":38511,"date":"2026-08-05T09:48:00","date_gmt":"2026-08-05T07:48:00","guid":{"rendered":"https:\/\/euapp01.newsmemory.com\/lamarseillaise\/news\/?p=38511"},"modified":"2026-08-11T08:57:56","modified_gmt":"2026-08-11T06:57:56","slug":"les-jeunes-paysans-gardois-face-a-la-difficulte-de-se-loger","status":"publish","type":"post","link":"https:\/\/euapp01.newsmemory.com\/lamarseillaise\/news\/2026\/08\/05\/les-jeunes-paysans-gardois-face-a-la-difficulte-de-se-loger\/","title":{"rendered":"Les jeunes paysans gardois face \u00e0 la difficult\u00e9 de se loger"},"content":{"rendered":"<div class=\"paragraph\">\n<p>Lors des premi\u00e8res ann\u00e9es d\u2019installation de leur activit\u00e9 agricole, beaucoup de paysans sont confront\u00e9s \u00e0 la difficult\u00e9 de trouver un logement, en raison du peu de revenus qu\u2019ils per\u00e7oivent. Pour y rem\u00e9dier, certains d\u2019entre eux s\u2019installent en habitat l\u00e9ger sur les terres qu\u2019ils cultivent. \u00ab<i>\u00a0<\/i><i>Le probl\u00e8me est que dans le Gard, nous sommes nombreux \u00e0 avoir \u00e9t\u00e9 emp\u00each\u00e9s par la Justice ou les mairies de vivre de cette fa\u00e7on, en raison de la lutte contre la cabanisation<\/i><i>\u00a0<\/i>\u00bb, raconte Simon le Berre, porte-parole de la Conf\u00e9d\u00e9ration paysanne du Gard. Au d\u00e9but du mois de juillet, le syndicat a donc \u00e9voqu\u00e9 une motion sur le logement agricole lors d\u2019un bureau de la Chambre d\u2019agriculture.<\/p>\n<\/p><\/div>\n<div class=\"intext\"> Vivre en habitat mobile\n              <\/div>\n<div class=\"paragraph\">\n<p>\u00ab<i>\u00a0<\/i><i>Le premier volet de cette proposition concerne la construction de b\u00e2timent sur des terres agricoles<\/i>, poursuit Simon Le Berre. <i>Aujourd\u2019hui, celle-ci est autoris\u00e9e par d\u00e9rogation aux agriculteurs. Seulement, quand ces derniers partent \u00e0 la retraite ou se retrouvent en liquidation, la revente de ces b\u00e2timents ne leur est plus r\u00e9serv\u00e9e.<\/i><i>\u00a0<\/i>\u00bb Ainsi, pour \u00e9viter la sp\u00e9culation, la Conf\u00e9d\u00e9ration paysanne propose que ce type de biens soient r\u00e9serv\u00e9s aux agriculteurs sur un march\u00e9 propre, qui pourrait \u00eatre g\u00e9r\u00e9 notamment par la Safer. \u00ab<i>\u00a0<\/i><i>Le deuxi\u00e8me volet concerne l\u2019habitat mobile. Nous aimerions que soit mis en place un encadrement permettant aux jeunes paysans qui le d\u00e9sirent de s\u2019installer sur les terres qu\u2019ils cultivent en habitat mobile, pendant une dur\u00e9e d\u00e9termin\u00e9e et dans de bonnes conditions, en respectant un cahier des charges qui serait encadr\u00e9 par la Pr\u00e9fecture.<\/i><i>\u00a0<\/i>\u00bb<i> <\/i>La Conf\u00e9d\u00e9ration paysanne envisage d\u00e9sormais de pr\u00e9senter une motion plus \u00e9tay\u00e9e lors de la prochaine session de la Chambre d\u2019agriculture et de se rapprocher de la Pr\u00e9fecture pour lui exposer ses propositions.<\/p>\n<\/p><\/div>\n","protected":false},"excerpt":{"rendered":"Lors des premi&egrave;res ann&eacute;es d&rsquo;installation de leur activit&eacute; agricole, beaucoup de paysans sont confront&eacute;s &agrave; la difficult&eacute; de trouver un logement, en raison du peu de revenus qu&rsquo;ils &#8230;","protected":false},"author":1,"featured_media":38512,"comment_status":"open","ping_status":"open","sticky":false,"template":"","format":"standard","meta":{"footnotes":""},"categories":[3926,3925,20],"tags":[447,2791,1477,238,2323,200,596,1188,284,1131],"news-destination":[3944],"news-source":[475],"is_homepage":[],"ta_other":[],"class_list":["post-38511","post","type-post","status-publish","format-standard","has-post-thumbnail","hentry","category-accueil-merge","category-accueil-third","category-societe","tag-agriculture","tag-chambre-dagriculture","tag-confederation-paysanne","tag-gard","tag-habitat","tag-justice","tag-logement","tag-moyens","tag-occitanie","tag-prefecture","news-destination-homepage","news-source-website"],"_links":{"self":[{"href":"https:\/\/euapp01.newsmemory.com\/lamarseillaise\/news\/wp-json\/wp\/v2\/posts\/38511","targetHints":{"allow":["GET"]}}],"collection":[{"href":"https:\/\/euapp01.newsmemory.com\/lamarseillaise\/news\/wp-json\/wp\/v2\/posts"}],"about":[{"href":"https:\/\/euapp01.newsmemory.com\/lamarseillaise\/news\/wp-json\/wp\/v2\/types\/post"}],"author":[{"embeddable":true,"href":"https:\/\/euapp01.newsmemory.com\/lamarseillaise\/news\/wp-json\/wp\/v2\/users\/1"}],"replies":[{"embeddable":true,"href":"https:\/\/euapp01.newsmemory.com\/lamarseillaise\/news\/wp-json\/wp\/v2\/comments?post=38511"}],"version-history":[{"count":1,"href":"https:\/\/euapp01.newsmemory.com\/lamarseillaise\/news\/wp-json\/wp\/v2\/posts\/38511\/revisions"}],"predecessor-version":[{"id":38513,"href":"https:\/\/euapp01.newsmemory.com\/lamarseillaise\/news\/wp-json\/wp\/v2\/posts\/38511\/revisions\/38513"}],"wp:featuredmedia":[{"embeddable":true,"href":"https:\/\/euapp01.newsmemory.com\/lamarseillaise\/news\/wp-json\/wp\/v2\/media\/38512"}],"wp:attachment":[{"href":"https:\/\/euapp01.newsmemory.com\/lamarseillaise\/news\/wp-json\/wp\/v2\/media?parent=38511"}],"wp:term":[{"taxonomy":"category","embeddable":true,"href":"https:\/\/euapp01.newsmemory.com\/lamarseillaise\/news\/wp-json\/wp\/v2\/categories?post=38511"},{"taxonomy":"post_tag","embeddable":true,"href":"https:\/\/euapp01.newsmemory.com\/lamarseillaise\/news\/wp-json\/wp\/v2\/tags?post=38511"},{"taxonomy":"news-destination","embeddable":true,"href":"https:\/\/euapp01.newsmemory.com\/lamarseillaise\/news\/wp-json\/wp\/v2\/news-destination?post=38511"},{"taxonomy":"news-source","embeddable":true,"href":"https:\/\/euapp01.newsmemory.com\/lamarseillaise\/news\/wp-json\/wp\/v2\/news-source?post=38511"},{"taxonomy":"is_homepage","embeddable":true,"href":"https:\/\/euapp01.newsmemory.com\/lamarseillaise\/news\/wp-json\/wp\/v2\/is_homepage?post=38511"},{"taxonomy":"ta_other","embeddable":true,"href":"https:\/\/euapp01.newsmemory.com\/lamarseillaise\/news\/wp-json\/wp\/v2\/ta_other?post=38511"}],"curies":[{"name":"wp","href":"https:\/\/api.w.org\/{rel}","templated":true}]}}