{"id":38508,"date":"2026-08-05T09:51:00","date_gmt":"2026-08-05T07:51:00","guid":{"rendered":"https:\/\/euapp01.newsmemory.com\/lamarseillaise\/news\/?p=38508"},"modified":"2026-08-11T09:35:35","modified_gmt":"2026-08-11T07:35:35","slug":"volontaires-au-feu-sans-compter-leurs-heures","status":"publish","type":"post","link":"https:\/\/euapp01.newsmemory.com\/lamarseillaise\/news\/2026\/08\/05\/volontaires-au-feu-sans-compter-leurs-heures\/","title":{"rendered":"Volontaires&nbsp;: au feu sans compter leurs heures"},"content":{"rendered":"<div class=\"paragraph\">\n<p>\u00c0 18h42, le bip arrache L\u00e9a \u00e0 son caf\u00e9. Aide-soignante dans un Ehpad le jour, elle enfile en moins de deux minutes le pantalon de feu suspendu \u00e0 son casier, lace ses bottes sans un mot. \u00ab\u00a0<i>Quand \u00e7a sonne, je pars. On ne r\u00e9fl\u00e9chit plus, le corps sait. On parlera apr\u00e8s<\/i><i>\u00a0<\/i>\u00bb, l\u00e2che-t-elle en grimpant dans le fourgon. Ce soir, c\u2019est un accident sur l\u2019A9. Il y a trois ans encore, cette trentenaire originaire de Codognan ignorait tout des gestes de secours. Une soir\u00e9e portes ouvertes au centre de secours, une discussion avec un voisin volontaire, et la bascule\u00a0: \u00ab\u00a0<i>Je voulais que mon engagement serve \u00e0 quelque chose de concret, pas juste \u00e0 mon salaire.<\/i>\u00a0\u00bb<\/p>\n<p>Le lendemain matin, \u00e9puis\u00e9e, elle retrouve \u00e0 la caserne de N\u00eemes deux autres visages de ce m\u00eame engagement\u00a0: Karim, agent communal de 43\u00a0ans, et Julien, cuisinier dans un lyc\u00e9e. Trois m\u00e9tiers, trois vies, une m\u00eame ligne rouge\u00a0: rester disponibles lorsque le feu prend de l\u2019avance. Une discipline qu\u2019ils partagent avec pr\u00e8s de 2\u00a0800\u00a0sapeurs-pompiers volontaires dans le Gard. Aux c\u00f4t\u00e9s de 717\u00a0professionnels, ils repr\u00e9sentent \u00e0 eux seuls plus des trois quarts des effectifs op\u00e9rationnels du d\u00e9partement.<\/p>\n<p>C\u2019est sur ces \u00e9paules que repose l\u2019essentiel de la r\u00e9ponse quand, l\u2019\u00e9t\u00e9 venu, la menace change d\u2019\u00e9chelle. Le mistral pousse les flammes, la fum\u00e9e avale l\u2019horizon et les heures se dilatent sous les casques. Les volontaires montent alors dans les fourgons apr\u00e8s une journ\u00e9e de travail, sacrifient un week-end, \u00e9courtent un repas de famille. \u00ab\u00a0<i>On peut partir pour deux heures et rentrer le lendemain<\/i>\u00a0\u00bb, r\u00e9sume Karim. Son employeur le lib\u00e8re lorsqu\u2019il le peut\u00a0; dans les petites entreprises, l\u2019absence p\u00e8se davantage.<\/p>\n<p>Mais le quotidien des volontaires ne se r\u00e9sume pas aux colonnes de fum\u00e9e. L\u00e9a a vite \u00e9t\u00e9 \u00e9loign\u00e9e des images de h\u00e9ros qui accompagnent parfois la vocation\u00a0: malaises, chutes, accidents et d\u00e9tresse sociale composent l\u2019essentiel des sorties. \u00ab\u00a0<i>On entre parfois chez des gens qui n\u2019ont vu personne depuis plusieurs jours. Avant de soigner, il faut rassurer.<\/i><i>\u00a0<\/i>\u00bb Le feu laisse d\u2019autres souvenirs\u00a0: la chaleur qui traverse la veste, le craquement des pins, les braises qui franchissent une route que l\u2019on croyait s\u00fbre. Pour affronter l\u2019un comme l\u2019autre, les heures de formation et les exercices s\u2019accumulent. D\u00e9rouler les tuyaux, reconna\u00eetre les vents ou porter une victime ne s\u2019improvise pas. \u00ab\u00a0<i>Il faut que les gestes reviennent m\u00eame lorsque la fatigue et la peur brouillent tout<\/i>\u00a0\u00bb, souffle L\u00e9a.<\/p>\n<\/p><\/div>\n<div class=\"intext\"> Des vies r\u00e9gl\u00e9es sur le bip\n              <\/div>\n<div class=\"paragraph\">\n<p>Julien, lui, a appris \u00e0 vivre au rythme du planning qu\u2019il remplit chaque mois, disponibilit\u00e9 par disponibilit\u00e9. \u00c0 51 ans, il compte pr\u00e8s de vingt ann\u00e9es de volontariat, et sa femme reconna\u00eet le bip avant lui. \u00ab<i>\u00a0<\/i><i>Pour un accident, elle s\u2019inqui\u00e8te. Pour un feu de for\u00eat, elle ne dort pas<\/i>.\u00a0\u00bb Avec le temps, dit-il, il a aussi appris \u00e0 moins foncer\u00a0: \u00ab\u00a0<i>Avec l\u2019\u00e2ge, on lit mieux le terrain. Le courage, c\u2019est aussi savoir quand reculer<\/i>.\u00a0\u00bb<\/p>\n<p>Cette exp\u00e9rience ne sera pas de trop\u00a0: depuis le d\u00e9but de l\u2019\u00e9t\u00e9, les sapeurs-pompiers du Gard ont d\u00e9j\u00e0 fait face \u00e0 508 feux, ayant parcouru 836 hectares. Dans les p\u00e9riodes les plus sensibles, jusqu\u2019\u00e0 150 pompiers suppl\u00e9mentaires peuvent \u00eatre mobilis\u00e9s chaque jour. Autant de cong\u00e9s d\u00e9plac\u00e9s, de journ\u00e9es de travail abandonn\u00e9es, de familles qui attendent. Une trentaine de centres de secours seulement couvrent ce vaste territoire expos\u00e9 aux feux, aux inondations et aux accidents, et dans certaines casernes, chaque d\u00e9part devient un calcul\u00a0: qui peut quitter son travail, garder les enfants, remplacer le coll\u00e8gue d\u00e9j\u00e0 mobilis\u00e9\u00a0?<\/p>\n<p>Pourtant, aucun ne parle d\u2019abandonner. L\u00e9a \u00e9voque les silences dans le camion apr\u00e8s une intervention difficile. Karim, les repas interrompus et repris froids \u00e0 deux heures du matin. Julien, cette main serr\u00e9e par un habitant dont la maison venait d\u2019\u00eatre sauv\u00e9e. \u00ab\u00a0<i>On ne fait pas \u00e7a pour \u00eatre des h\u00e9ros, <\/i>dit-il.<i> Quand tout le monde recule, il faut bien que quelqu\u2019un avance.<\/i>\u00a0\u00bb Mais derri\u00e8re l\u2019uniforme, le mod\u00e8le tient sur des \u00e9quilibres fragiles\u00a0: la compr\u00e9hension des familles, la bonne volont\u00e9 des employeurs et des volontaires toujours plus sollicit\u00e9s. Lorsque l\u2019un d\u2019eux part plusieurs heures, un atelier, une mairie ou un service tourne parfois avec une personne en moins. Face \u00e0 des incendies plus intenses, leur engagement demeure une force. Pourtant, \u00e0 mesure que les \u00e9t\u00e9s s\u2019embrasent, les \u00e9paules qui portent le syst\u00e8me deviennent toujours plus rares.<\/p>\n<\/p><\/div>\n","protected":false},"excerpt":{"rendered":"&Agrave; 18h42, le bip arrache L&eacute;a &agrave; son caf&eacute;. Aide-soignante dans un Ehpad le jour, elle enfile en moins de deux minutes le pantalon de feu suspendu &agrave; son casier, lace ses bottes sans un mot. &laquo;&nbsp;Quand &ccedil;a &#8230;","protected":false},"author":1,"featured_media":38509,"comment_status":"open","ping_status":"open","sticky":false,"template":"","format":"standard","meta":{"footnotes":""},"categories":[3926,3925,20],"tags":[1675,328,4015,238,1396,1188,284,320,837,1674,5879,1613],"news-destination":[3944],"news-source":[475],"is_homepage":[],"ta_other":[],"class_list":["post-38508","post","type-post","status-publish","format-standard","has-post-thumbnail","hentry","category-accueil-merge","category-accueil-third","category-societe","tag-caserne","tag-engagement","tag-feux-de-foret","tag-gard","tag-incendies","tag-moyens","tag-occitanie","tag-pompiers","tag-recrutement","tag-sapeurs-pompiers","tag-sdis","tag-securite-civile","news-destination-homepage","news-source-website"],"_links":{"self":[{"href":"https:\/\/euapp01.newsmemory.com\/lamarseillaise\/news\/wp-json\/wp\/v2\/posts\/38508","targetHints":{"allow":["GET"]}}],"collection":[{"href":"https:\/\/euapp01.newsmemory.com\/lamarseillaise\/news\/wp-json\/wp\/v2\/posts"}],"about":[{"href":"https:\/\/euapp01.newsmemory.com\/lamarseillaise\/news\/wp-json\/wp\/v2\/types\/post"}],"author":[{"embeddable":true,"href":"https:\/\/euapp01.newsmemory.com\/lamarseillaise\/news\/wp-json\/wp\/v2\/users\/1"}],"replies":[{"embeddable":true,"href":"https:\/\/euapp01.newsmemory.com\/lamarseillaise\/news\/wp-json\/wp\/v2\/comments?post=38508"}],"version-history":[{"count":1,"href":"https:\/\/euapp01.newsmemory.com\/lamarseillaise\/news\/wp-json\/wp\/v2\/posts\/38508\/revisions"}],"predecessor-version":[{"id":38510,"href":"https:\/\/euapp01.newsmemory.com\/lamarseillaise\/news\/wp-json\/wp\/v2\/posts\/38508\/revisions\/38510"}],"wp:featuredmedia":[{"embeddable":true,"href":"https:\/\/euapp01.newsmemory.com\/lamarseillaise\/news\/wp-json\/wp\/v2\/media\/38509"}],"wp:attachment":[{"href":"https:\/\/euapp01.newsmemory.com\/lamarseillaise\/news\/wp-json\/wp\/v2\/media?parent=38508"}],"wp:term":[{"taxonomy":"category","embeddable":true,"href":"https:\/\/euapp01.newsmemory.com\/lamarseillaise\/news\/wp-json\/wp\/v2\/categories?post=38508"},{"taxonomy":"post_tag","embeddable":true,"href":"https:\/\/euapp01.newsmemory.com\/lamarseillaise\/news\/wp-json\/wp\/v2\/tags?post=38508"},{"taxonomy":"news-destination","embeddable":true,"href":"https:\/\/euapp01.newsmemory.com\/lamarseillaise\/news\/wp-json\/wp\/v2\/news-destination?post=38508"},{"taxonomy":"news-source","embeddable":true,"href":"https:\/\/euapp01.newsmemory.com\/lamarseillaise\/news\/wp-json\/wp\/v2\/news-source?post=38508"},{"taxonomy":"is_homepage","embeddable":true,"href":"https:\/\/euapp01.newsmemory.com\/lamarseillaise\/news\/wp-json\/wp\/v2\/is_homepage?post=38508"},{"taxonomy":"ta_other","embeddable":true,"href":"https:\/\/euapp01.newsmemory.com\/lamarseillaise\/news\/wp-json\/wp\/v2\/ta_other?post=38508"}],"curies":[{"name":"wp","href":"https:\/\/api.w.org\/{rel}","templated":true}]}}