{"id":38505,"date":"2026-08-05T09:54:00","date_gmt":"2026-08-05T07:54:00","guid":{"rendered":"https:\/\/euapp01.newsmemory.com\/lamarseillaise\/news\/?p=38505"},"modified":"2026-08-11T09:35:35","modified_gmt":"2026-08-11T07:35:35","slug":"les-syndicats-pronent-un-acces-gratuit-a-la-justice","status":"publish","type":"post","link":"https:\/\/euapp01.newsmemory.com\/lamarseillaise\/news\/2026\/08\/05\/les-syndicats-pronent-un-acces-gratuit-a-la-justice\/","title":{"rendered":"Les syndicats pr\u00f4nent un acc\u00e8s gratuit \u00e0 la Justice"},"content":{"rendered":"<div class=\"paragraph\">\n<p>\u00ab <i>A<\/i><i>lors que les travailleurs et travailleuses doivent d\u00e9j\u00e0 faire face \u00e0 un affaiblissement constant de leurs droits, cette mesure s\u2019inscrit dans une logique pr\u00e9occupante<\/i><i>\u00a0<\/i><i>: assumer une politique de dissuasion des recours des salari\u00e9s plut\u00f4t que faire respecter leurs droits<\/i>\u00a0\u00bb, d\u00e9noncent collectivement les organisations syndicales de Montpellier (CGT, CFDT, FO, Unsa, CFTC, Solidaires et FSU). Tous s\u2019inqui\u00e8tent que cette mesure, appliqu\u00e9e depuis le 1<sup>er<\/sup>\u00a0mars\u00a02026 et coupl\u00e9e \u00e0 des d\u00e9lais de jugement parfois tr\u00e8s longs, ne vienne \u00e0 terme dissuader les salari\u00e9s d\u2019engager une proc\u00e9dure judiciaire. \u00ab<i>\u00a0<\/i><i>Cette contribution financi\u00e8re, m\u00eame pr\u00e9sent\u00e9e comme modeste, p\u00e8se lourdement sur celles et ceux qui sont d\u00e9j\u00e0 fragilis\u00e9s<\/i><i>\u00a0<\/i><i>: salari\u00e9s licenci\u00e9s, pr\u00e9caires, victimes de harc\u00e8lement ou de non-paiement de salaires<\/i>\u00a0\u00bb, rappellent les organisations.<\/p>\n<\/p><\/div>\n<div class=\"intext\"> Le manque de moyens \u00e9galement d\u00e9cri\u00e9\n              <\/div>\n<div class=\"paragraph\">\n<p>\u00c0 ces inqui\u00e9tudes s\u2019ajoute une constatation\u00a0: les d\u00e9lais jug\u00e9s extr\u00eamement longs sont une cons\u00e9quence directe du \u00ab<i>\u00a0<\/i><i>manque de moyens humains et financiers allou\u00e9s \u00e0 la justice du travail par les gouvernements successifs<\/i><i>\u00a0<\/i>\u00bb. \u00c0 titre d\u2019exemple, l\u2019intersyndicale cite le cas du conseil des Prud\u2019hommes de Montpellier, o\u00f9 \u00ab<i>\u00a0<\/i><i>l\u2019insuffisance de personnel de greffe a g\u00e9n\u00e9r\u00e9 derni\u00e8rement, au mois de mars, le renvoi total d\u2019une audience et des prorog\u00e9s quasiment syst\u00e9matiques concernant les notifications de d\u00e9cisions<\/i><i>\u00a0<\/i>\u00bb<i>. <\/i><\/p>\n<p>Les organisations syndicales pr\u00f4nent donc l\u2019abrogation de cette contribution, comme cela a d\u00e9j\u00e0 \u00e9t\u00e9 le cas en 2014 apr\u00e8s la mise en place d\u2019un timbre fiscal de 35 euros en 2011, jug\u00e9 comme un obstacle \u00e0 la d\u00e9fense des droits des salari\u00e9s.<\/p>\n<p>Les organisations syndicales demandent donc au gouvernement de revoir en profondeur le fonctionnement de la justice prud\u2019homale, afin d\u2019en garantir l\u2019acc\u00e8s, la rapidit\u00e9 et l\u2019efficacit\u00e9.<\/p>\n<\/p><\/div>\n","protected":false},"excerpt":{"rendered":"&laquo; Alors que les travailleurs et travailleuses doivent d&eacute;j&agrave; faire face &agrave; un affaiblissement constant de leurs droits, cette mesure s&rsquo;inscrit dans une logique pr&eacute;occupante&nbsp;: assumer une politique de &#8230;","protected":false},"author":1,"featured_media":38506,"comment_status":"open","ping_status":"open","sticky":false,"template":"","format":"standard","meta":{"footnotes":""},"categories":[3926,3925,331,20],"tags":[4941,1808,239,784,200,240,284,1806],"news-destination":[3944],"news-source":[475],"is_homepage":[],"ta_other":[],"class_list":["post-38505","post","type-post","status-publish","format-standard","has-post-thumbnail","hentry","category-accueil-merge","category-accueil-third","category-social","category-societe","tag-acces-au-droit","tag-conseil-des-prudhommes","tag-herault","tag-intersyndicale","tag-justice","tag-montpellier","tag-occitanie","tag-prudhommes","news-destination-homepage","news-source-website"],"_links":{"self":[{"href":"https:\/\/euapp01.newsmemory.com\/lamarseillaise\/news\/wp-json\/wp\/v2\/posts\/38505","targetHints":{"allow":["GET"]}}],"collection":[{"href":"https:\/\/euapp01.newsmemory.com\/lamarseillaise\/news\/wp-json\/wp\/v2\/posts"}],"about":[{"href":"https:\/\/euapp01.newsmemory.com\/lamarseillaise\/news\/wp-json\/wp\/v2\/types\/post"}],"author":[{"embeddable":true,"href":"https:\/\/euapp01.newsmemory.com\/lamarseillaise\/news\/wp-json\/wp\/v2\/users\/1"}],"replies":[{"embeddable":true,"href":"https:\/\/euapp01.newsmemory.com\/lamarseillaise\/news\/wp-json\/wp\/v2\/comments?post=38505"}],"version-history":[{"count":1,"href":"https:\/\/euapp01.newsmemory.com\/lamarseillaise\/news\/wp-json\/wp\/v2\/posts\/38505\/revisions"}],"predecessor-version":[{"id":38507,"href":"https:\/\/euapp01.newsmemory.com\/lamarseillaise\/news\/wp-json\/wp\/v2\/posts\/38505\/revisions\/38507"}],"wp:featuredmedia":[{"embeddable":true,"href":"https:\/\/euapp01.newsmemory.com\/lamarseillaise\/news\/wp-json\/wp\/v2\/media\/38506"}],"wp:attachment":[{"href":"https:\/\/euapp01.newsmemory.com\/lamarseillaise\/news\/wp-json\/wp\/v2\/media?parent=38505"}],"wp:term":[{"taxonomy":"category","embeddable":true,"href":"https:\/\/euapp01.newsmemory.com\/lamarseillaise\/news\/wp-json\/wp\/v2\/categories?post=38505"},{"taxonomy":"post_tag","embeddable":true,"href":"https:\/\/euapp01.newsmemory.com\/lamarseillaise\/news\/wp-json\/wp\/v2\/tags?post=38505"},{"taxonomy":"news-destination","embeddable":true,"href":"https:\/\/euapp01.newsmemory.com\/lamarseillaise\/news\/wp-json\/wp\/v2\/news-destination?post=38505"},{"taxonomy":"news-source","embeddable":true,"href":"https:\/\/euapp01.newsmemory.com\/lamarseillaise\/news\/wp-json\/wp\/v2\/news-source?post=38505"},{"taxonomy":"is_homepage","embeddable":true,"href":"https:\/\/euapp01.newsmemory.com\/lamarseillaise\/news\/wp-json\/wp\/v2\/is_homepage?post=38505"},{"taxonomy":"ta_other","embeddable":true,"href":"https:\/\/euapp01.newsmemory.com\/lamarseillaise\/news\/wp-json\/wp\/v2\/ta_other?post=38505"}],"curies":[{"name":"wp","href":"https:\/\/api.w.org\/{rel}","templated":true}]}}