{"id":38502,"date":"2026-08-05T09:47:00","date_gmt":"2026-08-05T07:47:00","guid":{"rendered":"https:\/\/euapp01.newsmemory.com\/lamarseillaise\/news\/?p=38502"},"modified":"2026-08-11T08:57:56","modified_gmt":"2026-08-11T06:57:56","slug":"a-nimes-un-point-relais-pour-les-martinets-noirs","status":"publish","type":"post","link":"https:\/\/euapp01.newsmemory.com\/lamarseillaise\/news\/2026\/08\/05\/a-nimes-un-point-relais-pour-les-martinets-noirs\/","title":{"rendered":"\u00c0 N\u00eemes, un point relais pour les martinets noirs"},"content":{"rendered":"<div class=\"paragraph\">\n<p>La future galerie des oiseaux du Museum d\u2019histoire naturelle de N\u00eemes, situ\u00e9e au premier \u00e9tage du b\u00e2timent du 13\u00a0boulevard Amiral Courbet, n\u2019aura jamais aussi bien port\u00e9 son nom\u00a0! Du 22\u00a0juillet au 31\u00a0ao\u00fbt, gr\u00e2ce \u00e0 une convention entre la Ligue de protection des oiseaux (LPO) et la Ville de N\u00eemes, un refuge temporaire pour martinets noirs a en effet \u00e9t\u00e9 install\u00e9 dans cet espace de 103m\u00b2.<\/p>\n<p>Avec les fortes chaleurs, les jeunes martinets qui grandissent sous des tuiles ou dans des cavit\u00e9s fortement expos\u00e9es souffrent de la chaleur. Les jeunes vont alors chercher d\u00e9sesp\u00e9r\u00e9ment un peu de fra\u00eecheur \u00e0 l\u2019entr\u00e9e du nid au risque de tomber au sol alors qu\u2019ils ne sont pas encore pr\u00eats \u00e0 voler et de se mettre en danger. \u00ab<i>\u00a0<\/i><i>Chaque \u00e9t\u00e9, de nombreux jeunes martinets tombent pr\u00e9matur\u00e9ment de leur nid, entra\u00eenant une augmentation importante des besoins de prise en charge<\/i><i>\u00a0<\/i>\u00bb, confirme la Ville dans un communiqu\u00e9.<\/p>\n<p>Afin de r\u00e9pondre \u00e0 cette situation et face \u00e0 la saturation des centres de soins de la faune sauvage, un point-relais sp\u00e9cifique a donc \u00e9t\u00e9 cr\u00e9\u00e9, accueillant les op\u00e9rations de nourrissage et de soins destin\u00e9es aux martinets noirs ne n\u00e9cessitant qu\u2019une prise en charge l\u00e9g\u00e8re avant d\u2019\u00eatre rel\u00e2ch\u00e9s dans leur milieu naturel.<\/p>\n<p>\u00ab<i>\u00a0<\/i><i>Les canicules successives rappellent combien la biodiversit\u00e9 est aujourd\u2019hui fragilis\u00e9e. Les martinets, oiseaux embl\u00e9matiques de nos villes, sont particuli\u00e8rement touch\u00e9s. En soutenant la cr\u00e9ation de ce point relais, la Ville de N\u00eemes agit concr\u00e8tement pour la protection de la faune sauvage et affirme sa volont\u00e9 de mieux prendre en compte la place de l\u2019animal dans la ville<\/i><i>\u00a0<\/i>\u00bb<i>, <\/i>indique Jullien Pacioni, \u00e9lu d\u00e9l\u00e9gu\u00e9 \u00e0 l\u2019innovation sociale et \u00e9cologique, \u00e0 la place de l\u2019animal dans la ville et \u00e0 l\u2019implication citoyenne.<\/p>\n<\/p><\/div>\n<div class=\"paragraph\">\n<p><i>* En cas de d\u00e9couverte d\u2019un martinet noir au sol, les habitants sont invit\u00e9s \u00e0 contacter le standard du Mus\u00e9um d\u2019histoire naturelle au 04.66.76.73.45, <br \/>qui les orientera vers la prise <br \/>en charge adapt\u00e9e. <\/i><\/p>\n<\/p><\/div>\n","protected":false},"excerpt":{"rendered":"La future galerie des oiseaux du Museum d&rsquo;histoire naturelle de N&icirc;mes, situ&eacute;e au premier &eacute;tage du b&acirc;timent du 13&nbsp;boulevard Amiral Courbet, n&rsquo;aura jamais aussi bien port&eacute; son nom&nbsp;! Du &#8230;","protected":false},"author":1,"featured_media":38503,"comment_status":"open","ping_status":"open","sticky":false,"template":"","format":"standard","meta":{"footnotes":""},"categories":[3926,3925,333],"tags":[372,4032,238,367,241,284,569,6216,537,382],"news-destination":[3944],"news-source":[475],"is_homepage":[],"ta_other":[],"class_list":["post-38502","post","type-post","status-publish","format-standard","has-post-thumbnail","hentry","category-accueil-merge","category-accueil-third","category-environnement","tag-canicule","tag-especes-protegees","tag-gard","tag-lpo","tag-nimes","tag-occitanie","tag-oiseaux","tag-point-relais","tag-protection","tag-soins","news-destination-homepage","news-source-website"],"_links":{"self":[{"href":"https:\/\/euapp01.newsmemory.com\/lamarseillaise\/news\/wp-json\/wp\/v2\/posts\/38502","targetHints":{"allow":["GET"]}}],"collection":[{"href":"https:\/\/euapp01.newsmemory.com\/lamarseillaise\/news\/wp-json\/wp\/v2\/posts"}],"about":[{"href":"https:\/\/euapp01.newsmemory.com\/lamarseillaise\/news\/wp-json\/wp\/v2\/types\/post"}],"author":[{"embeddable":true,"href":"https:\/\/euapp01.newsmemory.com\/lamarseillaise\/news\/wp-json\/wp\/v2\/users\/1"}],"replies":[{"embeddable":true,"href":"https:\/\/euapp01.newsmemory.com\/lamarseillaise\/news\/wp-json\/wp\/v2\/comments?post=38502"}],"version-history":[{"count":1,"href":"https:\/\/euapp01.newsmemory.com\/lamarseillaise\/news\/wp-json\/wp\/v2\/posts\/38502\/revisions"}],"predecessor-version":[{"id":38504,"href":"https:\/\/euapp01.newsmemory.com\/lamarseillaise\/news\/wp-json\/wp\/v2\/posts\/38502\/revisions\/38504"}],"wp:featuredmedia":[{"embeddable":true,"href":"https:\/\/euapp01.newsmemory.com\/lamarseillaise\/news\/wp-json\/wp\/v2\/media\/38503"}],"wp:attachment":[{"href":"https:\/\/euapp01.newsmemory.com\/lamarseillaise\/news\/wp-json\/wp\/v2\/media?parent=38502"}],"wp:term":[{"taxonomy":"category","embeddable":true,"href":"https:\/\/euapp01.newsmemory.com\/lamarseillaise\/news\/wp-json\/wp\/v2\/categories?post=38502"},{"taxonomy":"post_tag","embeddable":true,"href":"https:\/\/euapp01.newsmemory.com\/lamarseillaise\/news\/wp-json\/wp\/v2\/tags?post=38502"},{"taxonomy":"news-destination","embeddable":true,"href":"https:\/\/euapp01.newsmemory.com\/lamarseillaise\/news\/wp-json\/wp\/v2\/news-destination?post=38502"},{"taxonomy":"news-source","embeddable":true,"href":"https:\/\/euapp01.newsmemory.com\/lamarseillaise\/news\/wp-json\/wp\/v2\/news-source?post=38502"},{"taxonomy":"is_homepage","embeddable":true,"href":"https:\/\/euapp01.newsmemory.com\/lamarseillaise\/news\/wp-json\/wp\/v2\/is_homepage?post=38502"},{"taxonomy":"ta_other","embeddable":true,"href":"https:\/\/euapp01.newsmemory.com\/lamarseillaise\/news\/wp-json\/wp\/v2\/ta_other?post=38502"}],"curies":[{"name":"wp","href":"https:\/\/api.w.org\/{rel}","templated":true}]}}