{"id":38499,"date":"2026-08-05T09:40:00","date_gmt":"2026-08-05T07:40:00","guid":{"rendered":"https:\/\/euapp01.newsmemory.com\/lamarseillaise\/news\/?p=38499"},"modified":"2026-08-05T10:10:41","modified_gmt":"2026-08-05T08:10:41","slug":"cest-lete-les-petits-debrouillards-a-berthe-la-seyne","status":"publish","type":"post","link":"https:\/\/euapp01.newsmemory.com\/lamarseillaise\/news\/2026\/08\/05\/cest-lete-les-petits-debrouillards-a-berthe-la-seyne\/","title":{"rendered":"[C\u2019est l\u2019\u00e9t\u00e9] Les petits d\u00e9brouillards \u00e0 Berthe, La Seyne"},"content":{"rendered":"<div class=\"paragraph\">\n<p>En comprenant les ph\u00e9nom\u00e8nes scientifiques, chacun peut mieux analyser son environnement, prendre des d\u00e9cisions \u00e9clair\u00e9es et s\u2019impliquer dans la vie de son quartier.<\/p>\n<p>Les Petits D\u00e9brouillards ne cherchent pas uniquement \u00e0 transmettre des savoirs. Ils souhaitent donner envie d\u2019agir, d\u2019exp\u00e9rimenter, de proposer des solutions et de participer \u00e0 la construction d\u2019une soci\u00e9t\u00e9 plus juste, plus d\u00e9mocratique et plus durable.<\/p>\n<p>Perceuses, pinceaux et bonne humeur \u00e9taient de sortie\u00a0! Jeunes et b\u00e9n\u00e9voles retroussent leurs manches pour am\u00e9nager le futur Tiers-Lieu de la Gare. Un chantier participatif o\u00f9 chacun apporte ses id\u00e9es et son \u00e9nergie pour pr\u00e9parer l\u2019ouverture du 5\u00a0septembre. Plus qu\u2019un chantier, une aventure collective anim\u00e9e par Marion.<\/p>\n<\/p><\/div>\n","protected":false},"excerpt":{"rendered":"En comprenant les ph&eacute;nom&egrave;nes scientifiques, chacun peut mieux analyser son environnement, prendre des d&eacute;cisions &eacute;clair&eacute;es et s&rsquo;impliquer dans la vie de son quartier.Les Petits D&eacute;brouillards ne &#8230;","protected":false},"author":1,"featured_media":38500,"comment_status":"open","ping_status":"open","sticky":false,"template":"","format":"standard","meta":{"footnotes":""},"categories":[20],"tags":[1277,130,6085,57,59,398,172,668,353,31],"news-destination":[],"news-source":[475],"is_homepage":[],"ta_other":[],"class_list":["post-38499","post","type-post","status-publish","format-standard","has-post-thumbnail","hentry","category-societe","tag-animations","tag-ateliers","tag-cest-lete","tag-enfants","tag-jeunes","tag-la-seyne-sur-mer","tag-les-petits-debrouillards","tag-quartiers","tag-sciences","tag-var","news-source-website"],"_links":{"self":[{"href":"https:\/\/euapp01.newsmemory.com\/lamarseillaise\/news\/wp-json\/wp\/v2\/posts\/38499","targetHints":{"allow":["GET"]}}],"collection":[{"href":"https:\/\/euapp01.newsmemory.com\/lamarseillaise\/news\/wp-json\/wp\/v2\/posts"}],"about":[{"href":"https:\/\/euapp01.newsmemory.com\/lamarseillaise\/news\/wp-json\/wp\/v2\/types\/post"}],"author":[{"embeddable":true,"href":"https:\/\/euapp01.newsmemory.com\/lamarseillaise\/news\/wp-json\/wp\/v2\/users\/1"}],"replies":[{"embeddable":true,"href":"https:\/\/euapp01.newsmemory.com\/lamarseillaise\/news\/wp-json\/wp\/v2\/comments?post=38499"}],"version-history":[{"count":1,"href":"https:\/\/euapp01.newsmemory.com\/lamarseillaise\/news\/wp-json\/wp\/v2\/posts\/38499\/revisions"}],"predecessor-version":[{"id":38501,"href":"https:\/\/euapp01.newsmemory.com\/lamarseillaise\/news\/wp-json\/wp\/v2\/posts\/38499\/revisions\/38501"}],"wp:featuredmedia":[{"embeddable":true,"href":"https:\/\/euapp01.newsmemory.com\/lamarseillaise\/news\/wp-json\/wp\/v2\/media\/38500"}],"wp:attachment":[{"href":"https:\/\/euapp01.newsmemory.com\/lamarseillaise\/news\/wp-json\/wp\/v2\/media?parent=38499"}],"wp:term":[{"taxonomy":"category","embeddable":true,"href":"https:\/\/euapp01.newsmemory.com\/lamarseillaise\/news\/wp-json\/wp\/v2\/categories?post=38499"},{"taxonomy":"post_tag","embeddable":true,"href":"https:\/\/euapp01.newsmemory.com\/lamarseillaise\/news\/wp-json\/wp\/v2\/tags?post=38499"},{"taxonomy":"news-destination","embeddable":true,"href":"https:\/\/euapp01.newsmemory.com\/lamarseillaise\/news\/wp-json\/wp\/v2\/news-destination?post=38499"},{"taxonomy":"news-source","embeddable":true,"href":"https:\/\/euapp01.newsmemory.com\/lamarseillaise\/news\/wp-json\/wp\/v2\/news-source?post=38499"},{"taxonomy":"is_homepage","embeddable":true,"href":"https:\/\/euapp01.newsmemory.com\/lamarseillaise\/news\/wp-json\/wp\/v2\/is_homepage?post=38499"},{"taxonomy":"ta_other","embeddable":true,"href":"https:\/\/euapp01.newsmemory.com\/lamarseillaise\/news\/wp-json\/wp\/v2\/ta_other?post=38499"}],"curies":[{"name":"wp","href":"https:\/\/api.w.org\/{rel}","templated":true}]}}